{"id":1964,"date":"2018-12-04T12:55:19","date_gmt":"2018-12-04T12:55:19","guid":{"rendered":"https:\/\/www.greenpeace.org\/sweden\/?p=1964"},"modified":"2019-11-06T10:09:26","modified_gmt":"2019-11-06T09:09:26","slug":"klimataktivister-i-slovakien-slapps-fria","status":"publish","type":"post","link":"https:\/\/www.greenpeace.org\/sweden\/pressmeddelanden\/greenpeace\/klimataktivister-i-slovakien-slapps-fria\/","title":{"rendered":"Klimataktivister i Slovakien sl\u00e4pps fria"},"content":{"rendered":"<p><strong>Greenpeace v\u00e4lkomnar beskedet fr\u00e5n den slovakiske \u00e5klagaren om att frisl\u00e4ppa de 12 klimataktivister, som varit frihetsber\u00f6vade i mer \u00e4n 6 dygn efter en fredlig protest mot kolindustrin i Slovakien. \u00c5klagaren menar att \u201cdet saknas sk\u00e4l f\u00f6r frihetsber\u00f6vande\u201d, men aktivisterna riskerar fortfarande \u00e5tal.<\/strong><\/p>\n<p><img loading=\"lazy\" decoding=\"async\" class=\"alignnone size-full wp-image-1965\" src=\"https:\/\/www.greenpeace.org\/static\/planet4-sweden-stateless\/2019\/02\/8dc2c54c-slovakia.jpg\" alt=\"\" width=\"800\" height=\"600\" srcset=\"https:\/\/www.greenpeace.org\/static\/planet4-sweden-stateless\/2019\/02\/8dc2c54c-slovakia.jpg 800w, https:\/\/www.greenpeace.org\/static\/planet4-sweden-stateless\/2019\/02\/8dc2c54c-slovakia-300x225.jpg 300w, https:\/\/www.greenpeace.org\/static\/planet4-sweden-stateless\/2019\/02\/8dc2c54c-slovakia-768x576.jpg 768w, https:\/\/www.greenpeace.org\/static\/planet4-sweden-stateless\/2019\/02\/8dc2c54c-slovakia-453x340.jpg 453w\" sizes=\"auto, (max-width: 800px) 100vw, 800px\" \/><\/p>\n<p>\u2013 Medan vi \u00e4r glada \u00f6ver att de h\u00e4r 12 modiga kvinnorna och m\u00e4nnen sl\u00e4pps \u00e4r det absurt att de fortfarande riskerar \u00e5tal f\u00f6r en fredlig protest mot en industri som inneb\u00e4r ett verkligt hot mot m\u00e4nskligheten. De verkliga brottslingarna \u00e4r de som hindrar en \u00f6verg\u00e5ng fr\u00e5n klimatvidrig utvinning och f\u00f6rbr\u00e4nning av brunkol, inte 12 unga aktivister som stod upp f\u00f6r v\u00e5r framtid. Vi tackar aktivisterna och forts\u00e4tter att ge dem v\u00e5rt st\u00f6d, precis som hundratals m\u00e4nniskor som protesterat f\u00f6r deras frisl\u00e4ppande v\u00e4rlden \u00f6ver gjort. Vi vet alla att yttrandefriheten och att skydda v\u00e5r planet g\u00e5r hand i hand, s\u00e4ger <strong>Frode Pleym, chef f\u00f6r Greenpeace i Sverige.<\/strong><\/p>\n<p>Aktivisterna \u00e4r f\u00f6r n\u00e4rvarande misst\u00e4nkta f\u00f6r att &#8221;avsiktligt ha \u00e4ventyrat verksamheten f\u00f6r en allm\u00e4ntnyttig facilitet&#8221;, dvs. en kolbrytningsanl\u00e4ggning. De 12 aktivisterna &#8211; fr\u00e5n Slovakien, Tjeckien, Finland, Tyskland och Belgien &#8211; h\u00e4ngde banderoller p\u00e5 en kran vid ett slovakiskt brunkolsbolag. Protesten skedde i samband med en ny FN-rapport om de allvarliga effekterna av klimatf\u00f6r\u00e4ndringar, och som svar p\u00e5 en \u00f6verenskommelse mellan den slovakiska regeringen och brunkolgruvan.<\/p>\n<p>\u2013 Klimatvetenskapen \u00e4r tydlig: vi har 12 \u00e5r p\u00e5 oss att f\u00f6rhindra katastrofala klimatf\u00f6r\u00e4ndringar. Under FN:s klimam\u00f6te i Polen m\u00e5ste v\u00e5ra politiker ta tag i denna h\u00e5rda verklighet. Flera l\u00e4nder kr\u00e4ver redan snabbare \u00e5tg\u00e4rder och ansvarstagande, och vi ser nu m\u00e4nniskor som \u00f6ver hela v\u00e4rlden protesterar mot klimatskadliga fossila br\u00e4nslen, avslutar <strong>Frode Pleym.<\/strong><\/p>\n<p>Foto\/video fr\u00e5n aktionen h\u00e4r: <a href=\"https:\/\/media.greenpeace.org\/C.aspx?VP3=SearchResult&amp;ALID=27MZIFJWO8945\">https:\/\/media.greenpeace.org\/C.aspx?VP3=SearchResult&amp;ALID=27MZIFJWO8945<\/a><\/p>\n<h4>Kontakt<\/h4>\n<p><strong>Chef f\u00f6r Greenpeace i Sverige<\/strong><br \/>\nFrode Pleym<br \/>\n<a href=\"mailto:frode.pleym@greenpeace.org\">frode.pleym@greenpeace.org<\/a><br \/>\n070 728 04 47<\/p>\n<p><strong>Kommunikationschef<\/strong><br \/>\nDaniel Bengtsson<br \/>\n<a href=\"mailto:daniel.bengtsson@greenpeace.org\">daniel.bengtsson@greenpeace.org<\/a><br \/>\n070 300 95 10<\/p>\n","protected":false},"excerpt":{"rendered":"<p>Greenpeace v\u00e4lkomnar beskedet fr\u00e5n den slovakiske \u00e5klagaren om att frisl\u00e4ppa de 12 klimataktivister, som varit frihetsber\u00f6vade i mer \u00e4n 6 dygn efter en fredlig protest mot kolindustrin i Slovakien. \u00c5klagaren&hellip;<\/p>\n","protected":false},"author":22,"featured_media":1967,"comment_status":"open","ping_status":"open","sticky":false,"template":"","format":"standard","meta":{"ep_exclude_from_search":false,"p4_og_title":"","p4_og_description":"","p4_og_image":"","p4_og_image_id":"","p4_seo_canonical_url":"","p4_campaign_name":"","p4_local_project":"","p4_basket_name":"","p4_department":"","footnotes":""},"categories":[1],"tags":[31],"p4-page-type":[14],"class_list":["post-1964","post","type-post","status-publish","format-standard","has-post-thumbnail","hentry","category-greenpeace","tag-aktivism","p4-page-type-pressmeddelanden"],"_links":{"self":[{"href":"https:\/\/www.greenpeace.org\/sweden\/wp-json\/wp\/v2\/posts\/1964","targetHints":{"allow":["GET"]}}],"collection":[{"href":"https:\/\/www.greenpeace.org\/sweden\/wp-json\/wp\/v2\/posts"}],"about":[{"href":"https:\/\/www.greenpeace.org\/sweden\/wp-json\/wp\/v2\/types\/post"}],"author":[{"embeddable":true,"href":"https:\/\/www.greenpeace.org\/sweden\/wp-json\/wp\/v2\/users\/22"}],"replies":[{"embeddable":true,"href":"https:\/\/www.greenpeace.org\/sweden\/wp-json\/wp\/v2\/comments?post=1964"}],"version-history":[{"count":3,"href":"https:\/\/www.greenpeace.org\/sweden\/wp-json\/wp\/v2\/posts\/1964\/revisions"}],"predecessor-version":[{"id":1970,"href":"https:\/\/www.greenpeace.org\/sweden\/wp-json\/wp\/v2\/posts\/1964\/revisions\/1970"}],"wp:featuredmedia":[{"embeddable":true,"href":"https:\/\/www.greenpeace.org\/sweden\/wp-json\/wp\/v2\/media\/1967"}],"wp:attachment":[{"href":"https:\/\/www.greenpeace.org\/sweden\/wp-json\/wp\/v2\/media?parent=1964"}],"wp:term":[{"taxonomy":"category","embeddable":true,"href":"https:\/\/www.greenpeace.org\/sweden\/wp-json\/wp\/v2\/categories?post=1964"},{"taxonomy":"post_tag","embeddable":true,"href":"https:\/\/www.greenpeace.org\/sweden\/wp-json\/wp\/v2\/tags?post=1964"},{"taxonomy":"p4-page-type","embeddable":true,"href":"https:\/\/www.greenpeace.org\/sweden\/wp-json\/wp\/v2\/p4-page-type?post=1964"}],"curies":[{"name":"wp","href":"https:\/\/api.w.org\/{rel}","templated":true}]}}