{"id":2327,"date":"2019-02-28T13:56:45","date_gmt":"2019-02-28T13:56:45","guid":{"rendered":"https:\/\/www.greenpeace.org\/sweden\/?p=2327"},"modified":"2023-02-17T10:20:29","modified_gmt":"2023-02-17T09:20:29","slug":"visste-du-om-dessa-otroliga-djur-som-lever-i-vara-hav","status":"publish","type":"post","link":"https:\/\/www.greenpeace.org\/sweden\/artiklar\/hav\/visste-du-om-dessa-otroliga-djur-som-lever-i-vara-hav\/","title":{"rendered":"Visste du om dessa otroliga djur som lever i v\u00e5ra hav?"},"content":{"rendered":"<p><img loading=\"lazy\" decoding=\"async\" class=\"alignnone wp-image-2330 size-large\" src=\"https:\/\/www.greenpeace.org\/static\/planet4-sweden-stateless\/2019\/02\/c293b097-blog_headerimage-1024x709.jpg\" alt=\"Levande korallrev\" width=\"1024\" height=\"709\" srcset=\"https:\/\/www.greenpeace.org\/static\/planet4-sweden-stateless\/2019\/02\/c293b097-blog_headerimage-1024x709.jpg 1024w, https:\/\/www.greenpeace.org\/static\/planet4-sweden-stateless\/2019\/02\/c293b097-blog_headerimage-300x208.jpg 300w, https:\/\/www.greenpeace.org\/static\/planet4-sweden-stateless\/2019\/02\/c293b097-blog_headerimage-768x531.jpg 768w, https:\/\/www.greenpeace.org\/static\/planet4-sweden-stateless\/2019\/02\/c293b097-blog_headerimage-1974x1366.jpg 1974w, https:\/\/www.greenpeace.org\/static\/planet4-sweden-stateless\/2019\/02\/c293b097-blog_headerimage-491x340.jpg 491w\" sizes=\"auto, (max-width: 1024px) 100vw, 1024px\" \/><\/p>\n<p>I v\u00e5ra v\u00e4rldshav finns ett fantastiskt djurliv som fortfarande \u00e4r ouppt\u00e4ckta f\u00f6r de flesta av oss. Vi vet faktiskt mer om m\u00e5nens yta \u00e4n livet i v\u00e5ra hav. H\u00e4r kan du l\u00e4sa om 5 fantastiska djur som i sig ger oss \u00e4nnu fler anledningar till att skydda v\u00e5ra v\u00e4rldshav.<\/p>\n<h3>1. Gr\u00f6nlandshaj &#8211; jordens mest l\u00e5nglivade ryggradsdjur<\/h3>\n<p><img loading=\"lazy\" decoding=\"async\" class=\"alignnone wp-image-2336 size-medium\" src=\"https:\/\/www.greenpeace.org\/static\/planet4-sweden-stateless\/2019\/02\/23d23acf-shutterstock_1203635584-300x169.jpg\" alt=\"Gr\u00f6nlandshaj\" width=\"300\" height=\"169\" srcset=\"https:\/\/www.greenpeace.org\/static\/planet4-sweden-stateless\/2019\/02\/23d23acf-shutterstock_1203635584-300x169.jpg 300w, https:\/\/www.greenpeace.org\/static\/planet4-sweden-stateless\/2019\/02\/23d23acf-shutterstock_1203635584-768x432.jpg 768w, https:\/\/www.greenpeace.org\/static\/planet4-sweden-stateless\/2019\/02\/23d23acf-shutterstock_1203635584-1024x576.jpg 1024w, https:\/\/www.greenpeace.org\/static\/planet4-sweden-stateless\/2019\/02\/23d23acf-shutterstock_1203635584-2048x1152.jpg 2048w, https:\/\/www.greenpeace.org\/static\/planet4-sweden-stateless\/2019\/02\/23d23acf-shutterstock_1203635584-510x287.jpg 510w\" sizes=\"auto, (max-width: 300px) 100vw, 300px\" \/><\/p>\n<p>En gr\u00f6nlandshaj \u00e4r majest\u00e4tisk syn &#8211; om du n\u00e5gonsin skulle lyckas se den. Denna mytomspunna varelse filmades med kamera f\u00f6r f\u00f6rsta g\u00e5ngen 1995, vilket \u00e4r \u00f6verraskande d\u00e5 den inte r\u00f6r sig snabbare \u00e4n en snigel &#8211; i genomsnitt 0,3 meter i sekunden och kan bli upp till 6 meter l\u00e5ng. Det som framf\u00f6rallt g\u00f6r gr\u00f6nlandshajen \u00e4nnu mer spektakul\u00e4r \u00e4r det faktum att det \u00e4r jordens mest l\u00e5nglivade djur. Den kan bli 500 \u00e5r gammal!<\/p>\n<h3>2 . Naken vingfoting &#8211; en f\u00f6rtrollande \u201chavsfj\u00e4ril\u201d<\/h3>\n<div id=\"attachment_2340\" style=\"width: 310px\" class=\"wp-caption alignnone\"><img loading=\"lazy\" decoding=\"async\" aria-describedby=\"caption-attachment-2340\" class=\"wp-image-2340 size-medium\" src=\"https:\/\/www.greenpeace.org\/static\/planet4-sweden-stateless\/2019\/02\/cc0d6ad9-gp0stpmcl_web_size-300x200.jpg\" alt=\"Naken vitfoting\" width=\"300\" height=\"200\" srcset=\"https:\/\/www.greenpeace.org\/static\/planet4-sweden-stateless\/2019\/02\/cc0d6ad9-gp0stpmcl_web_size-300x200.jpg 300w, https:\/\/www.greenpeace.org\/static\/planet4-sweden-stateless\/2019\/02\/cc0d6ad9-gp0stpmcl_web_size-768x513.jpg 768w, https:\/\/www.greenpeace.org\/static\/planet4-sweden-stateless\/2019\/02\/cc0d6ad9-gp0stpmcl_web_size-510x340.jpg 510w, https:\/\/www.greenpeace.org\/static\/planet4-sweden-stateless\/2019\/02\/cc0d6ad9-gp0stpmcl_web_size.jpg 800w\" sizes=\"auto, (max-width: 300px) 100vw, 300px\" \/><p id=\"caption-attachment-2340\" class=\"wp-caption-text\">Credit: Alexander Semenov<\/p><\/div>\n<p>Som en f\u00f6rtrollande vacker fj\u00e4ril r\u00f6r sig den nakna vingfotingen i djupa arktiska vatten. Den har f\u00f6rundrat uppt\u00e4cktsresande sedan 1700 talet, d\u00e5 Friderich Martens var den f\u00f6rsta att dokumentera den. Men du b\u00f6r inte bli f\u00f6r hypnotiserad av dess sk\u00f6nhet &#8211; \u00e5tminstone inte om du \u00e4r en spirella sn\u00e4cka. N\u00e4r vingfotingen \u00e4r hungrig f\u00e5ngar den sitt byte med hullingar som den skjuter ur sitt mjuka huvud och sv\u00e4ljer sitt byte helt.<\/p>\n<h3>3. Kn\u00f6lval &#8211; en globetrotter och akrobat<\/h3>\n<div id=\"attachment_2333\" style=\"width: 310px\" class=\"wp-caption alignnone\"><img loading=\"lazy\" decoding=\"async\" aria-describedby=\"caption-attachment-2333\" class=\"wp-image-2333 size-medium\" src=\"https:\/\/www.greenpeace.org\/static\/planet4-sweden-stateless\/2019\/02\/bed76d20-gp014jk_high_res-300x200.jpg\" alt=\"Kn\u00f6lval\" width=\"300\" height=\"200\" srcset=\"https:\/\/www.greenpeace.org\/static\/planet4-sweden-stateless\/2019\/02\/bed76d20-gp014jk_high_res-300x200.jpg 300w, https:\/\/www.greenpeace.org\/static\/planet4-sweden-stateless\/2019\/02\/bed76d20-gp014jk_high_res-768x512.jpg 768w, https:\/\/www.greenpeace.org\/static\/planet4-sweden-stateless\/2019\/02\/bed76d20-gp014jk_high_res-1024x683.jpg 1024w, https:\/\/www.greenpeace.org\/static\/planet4-sweden-stateless\/2019\/02\/bed76d20-gp014jk_high_res-2048x1366.jpg 2048w, https:\/\/www.greenpeace.org\/static\/planet4-sweden-stateless\/2019\/02\/bed76d20-gp014jk_high_res-510x340.jpg 510w\" sizes=\"auto, (max-width: 300px) 100vw, 300px\" \/><p id=\"caption-attachment-2333\" class=\"wp-caption-text\">Credit: Alexander Semenov<\/p><\/div>\n<p>Kn\u00f6lvalen migrerar l\u00e4ngre \u00e4n n\u00e5got annat d\u00e4ggdjur p\u00e5 jorden. Den vandrar l\u00e5nga str\u00e4ckor &#8211; upp till 5000 kilometer &#8211; och tillbringar sommaren i kallare vatten n\u00e4rmare polerna medan kalvningen sker n\u00e4rmare ekvatorn. Denna globetrotter \u00e4r ocks\u00e5 lite utav en akrobat &#8211; den kan hoppa och skruva sin kropp (som \u00e4r lika stor som en buss) helt \u00f6ver vattenytan. Kn\u00f6lvalen \u00e4r ocks\u00e5 sociala och intelligenta. De l\u00e4r sig flera komplexa vals\u00e5nger av varandra. Vals\u00e5ngerna \u00e4r unika i varje population.<\/p>\n<h3>4. Paddfisk &#8211; en vobblande skojare<\/h3>\n<p><img loading=\"lazy\" decoding=\"async\" class=\"alignnone wp-image-2334 size-medium\" src=\"https:\/\/www.greenpeace.org\/static\/planet4-sweden-stateless\/2019\/02\/f111c27a-shutterstock_68798779-300x225.jpg\" alt=\"Paddfisk\" width=\"300\" height=\"225\" srcset=\"https:\/\/www.greenpeace.org\/static\/planet4-sweden-stateless\/2019\/02\/f111c27a-shutterstock_68798779-300x225.jpg 300w, https:\/\/www.greenpeace.org\/static\/planet4-sweden-stateless\/2019\/02\/f111c27a-shutterstock_68798779-768x576.jpg 768w, https:\/\/www.greenpeace.org\/static\/planet4-sweden-stateless\/2019\/02\/f111c27a-shutterstock_68798779-1024x768.jpg 1024w, https:\/\/www.greenpeace.org\/static\/planet4-sweden-stateless\/2019\/02\/f111c27a-shutterstock_68798779-1821x1366.jpg 1821w, https:\/\/www.greenpeace.org\/static\/planet4-sweden-stateless\/2019\/02\/f111c27a-shutterstock_68798779-453x340.jpg 453w\" sizes=\"auto, (max-width: 300px) 100vw, 300px\" \/><\/p>\n<p>Paddfisken \u00e4r en fena p\u00e5 kamouflage &#8211; den precis ut som en sten p\u00e5 havets botten. Fisken kan \u00e4ndra b\u00e5de form och f\u00e4rg f\u00f6r att passa in i dess bakgrund. Den lockar till sig byten med en maskliknande tentakel och slukar dem n\u00e4r de \u00e4r inom r\u00e4tt avst\u00e5nd. Paddfisken trivs b\u00e4st p\u00e5 havsbotten d\u00e4r den vobblar fram med hj\u00e4lp av sina fenor snarare \u00e4n att simma fram.<\/p>\n<h3>5. Havsl\u00e4dersk\u00f6ldpadda &#8211; en f\u00f6rhistorisk djupdykare<\/h3>\n<p><img loading=\"lazy\" decoding=\"async\" class=\"alignnone wp-image-2335 size-medium\" src=\"https:\/\/www.greenpeace.org\/static\/planet4-sweden-stateless\/2019\/02\/2e268eb2-shutterstock_115940047-300x179.jpg\" alt=\"Havsl\u00e4dersk\u00f6ldpadda\" width=\"300\" height=\"179\" srcset=\"https:\/\/www.greenpeace.org\/static\/planet4-sweden-stateless\/2019\/02\/2e268eb2-shutterstock_115940047-300x179.jpg 300w, https:\/\/www.greenpeace.org\/static\/planet4-sweden-stateless\/2019\/02\/2e268eb2-shutterstock_115940047-768x458.jpg 768w, https:\/\/www.greenpeace.org\/static\/planet4-sweden-stateless\/2019\/02\/2e268eb2-shutterstock_115940047-1024x611.jpg 1024w, https:\/\/www.greenpeace.org\/static\/planet4-sweden-stateless\/2019\/02\/2e268eb2-shutterstock_115940047-2048x1222.jpg 2048w, https:\/\/www.greenpeace.org\/static\/planet4-sweden-stateless\/2019\/02\/2e268eb2-shutterstock_115940047-510x304.jpg 510w\" sizes=\"auto, (max-width: 300px) 100vw, 300px\" \/><\/p>\n<p>Havsl\u00e4dersk\u00f6ldpaddor har funnits p\u00e5 jorden sedan dinosauriernas tid &#8211; i 100 miljoner \u00e5r! Denna f\u00f6rhistoriska varelse \u00e4r speciell och liknar inte n\u00e5gon annan &#8211; den har mjukt skal med ett lager isolerande fett och ett unikt blodsystem. Den \u00e4r en \u00f6verlevare och kan dyka till \u00f6ver en kilometers djup, simma tv\u00e4rs \u00f6ver hav och h\u00e5lla v\u00e4rmen i vatten n\u00e4ra fryspunkten.<\/p>\n<h3>Dela med andra<\/h3>\n<p>V\u00e4rldshaven \u00e4r deras hem &#8211; inte bara f\u00f6r dessa fem otroliga varelser &#8211; utan f\u00f6r tusentals fantastiska arter. Deras hem och liv hotas av \u00f6verfiske, klimatf\u00f6r\u00e4ndringar, gruvdrift p\u00e5 havsbotten och f\u00f6rorening av plast.<\/p>\n<p>Dela artikeln och hj\u00e4lp till att uppm\u00e4rksamma behovet av att skapa havsreservat som kan s\u00e4kra oceaner fulla av liv nu och i framtiden.<\/p>\n\t\t\t<section\n\t\t\tclass=\"boxout post-30 \"\n\t\t\t\n\t\t>\n\t\t\t<a\n\t\t\t\tdata-ga-category=\"Take Action Boxout\"\n\t\t\t\tdata-ga-action=\"Image\"\n\t\t\t\tdata-ga-label=\"n\/a\"\n\t\t\t\tclass=\"cover-card-overlay\"\n\t\t\t\thref=\"https:\/\/www.greenpeace.org\/sweden\/agera\/stod-oss\/\" \n\t\t\t><\/a>\n\t\t\t\t\t\t\t<img\n\t\t\t\t\t\tsrc=\"https:\/\/www.greenpeace.org\/static\/planet4-sweden-stateless\/2025\/05\/87a738a4-gp034ks_medium-res-1200px-1024x685.jpg\"\n\t\t\t\t\t\tsrcset=\"https:\/\/www.greenpeace.org\/static\/planet4-sweden-stateless\/2025\/05\/87a738a4-gp034ks_medium-res-1200px-300x201.jpg 300w, https:\/\/www.greenpeace.org\/static\/planet4-sweden-stateless\/2025\/05\/87a738a4-gp034ks_medium-res-1200px-1024x685.jpg 1024w, https:\/\/www.greenpeace.org\/static\/planet4-sweden-stateless\/2025\/05\/87a738a4-gp034ks_medium-res-1200px-768x514.jpg 768w, https:\/\/www.greenpeace.org\/static\/planet4-sweden-stateless\/2025\/05\/87a738a4-gp034ks_medium-res-1200px-508x340.jpg 508w, https:\/\/www.greenpeace.org\/static\/planet4-sweden-stateless\/2025\/05\/87a738a4-gp034ks_medium-res-1200px.jpg 1200w\"\n\t\t\t\t\t\tsizes=\"(min-width: 1000px) 358px, (min-width: 780px) 313px, 88px\"\n\t\t\t\t\t\talt=\"\" title=\"\"\n\t\t\t\t\/>\n            \t\t\t<div class=\"boxout-content\">\n\t\t\t\t\t\t\t\t\t<a\n\t\t\t\t\t\tclass=\"boxout-heading medium\"\n\t\t\t\t\t\tdata-ga-category=\"Take Action Boxout\"\n\t\t\t\t\t\tdata-ga-action=\"Title\"\n\t\t\t\t\t\tdata-ga-label=\"n\/a\"\n\t\t\t\t\t\thref=\"https:\/\/www.greenpeace.org\/sweden\/agera\/stod-oss\/\"\n\t\t\t\t\t\t\n\t\t\t\t\t>\n\t\t\t\t\t\tSt\u00f6d Greenpeace arbete\n\t\t\t\t\t<\/a>\n\t\t\t\t\t\t\t\t\t\t\t\t\t<p class=\"boxout-excerpt\">Vill du vara med och skapa en b\u00e4ttre v\u00e4rld f\u00f6r nuvarande och kommande generationer? Bli m\u00e5nadsgivare idag.<\/p>\n\t\t\t\t                                    <a\n                        class=\"btn btn-primary\"\n                        data-ga-category=\"Take Action Boxout\"\n                        data-ga-action=\"Call to Action\"\n                        data-ga-label=\"n\/a\"\n                        href=\"https:\/\/www.greenpeace.org\/sweden\/agera\/stod-oss\/\"\n                        \n                    >\n                        Engagera dig\n                    <\/a>\n                \t\t\t<\/div>\n\t\t\t\t\t<\/section>\n\t","protected":false},"excerpt":{"rendered":"<p>I v\u00e5ra v\u00e4rldshav finns ett fantastiskt djurliv som fortfarande \u00e4r ouppt\u00e4ckta f\u00f6r de flesta av oss. Vi vet faktiskt mer om m\u00e5nens yta \u00e4n livet i v\u00e5ra hav. H\u00e4r kan&hellip;<\/p>\n","protected":false},"author":36,"featured_media":2330,"comment_status":"open","ping_status":"open","sticky":false,"template":"","format":"standard","meta":{"ep_exclude_from_search":false,"p4_og_title":"","p4_og_description":"","p4_og_image":"","p4_og_image_id":"","p4_seo_canonical_url":"","p4_campaign_name":"not set","p4_local_project":"not set","p4_basket_name":"not set","p4_department":"","footnotes":""},"categories":[3],"tags":[40,61,30],"p4-page-type":[16],"class_list":["post-2327","post","type-post","status-publish","format-standard","has-post-thumbnail","hentry","category-hav","tag-biodiversitet","tag-djur","tag-marinaskyddadeomraden","p4-page-type-artiklar"],"_links":{"self":[{"href":"https:\/\/www.greenpeace.org\/sweden\/wp-json\/wp\/v2\/posts\/2327","targetHints":{"allow":["GET"]}}],"collection":[{"href":"https:\/\/www.greenpeace.org\/sweden\/wp-json\/wp\/v2\/posts"}],"about":[{"href":"https:\/\/www.greenpeace.org\/sweden\/wp-json\/wp\/v2\/types\/post"}],"author":[{"embeddable":true,"href":"https:\/\/www.greenpeace.org\/sweden\/wp-json\/wp\/v2\/users\/36"}],"replies":[{"embeddable":true,"href":"https:\/\/www.greenpeace.org\/sweden\/wp-json\/wp\/v2\/comments?post=2327"}],"version-history":[{"count":9,"href":"https:\/\/www.greenpeace.org\/sweden\/wp-json\/wp\/v2\/posts\/2327\/revisions"}],"predecessor-version":[{"id":54402,"href":"https:\/\/www.greenpeace.org\/sweden\/wp-json\/wp\/v2\/posts\/2327\/revisions\/54402"}],"wp:featuredmedia":[{"embeddable":true,"href":"https:\/\/www.greenpeace.org\/sweden\/wp-json\/wp\/v2\/media\/2330"}],"wp:attachment":[{"href":"https:\/\/www.greenpeace.org\/sweden\/wp-json\/wp\/v2\/media?parent=2327"}],"wp:term":[{"taxonomy":"category","embeddable":true,"href":"https:\/\/www.greenpeace.org\/sweden\/wp-json\/wp\/v2\/categories?post=2327"},{"taxonomy":"post_tag","embeddable":true,"href":"https:\/\/www.greenpeace.org\/sweden\/wp-json\/wp\/v2\/tags?post=2327"},{"taxonomy":"p4-page-type","embeddable":true,"href":"https:\/\/www.greenpeace.org\/sweden\/wp-json\/wp\/v2\/p4-page-type?post=2327"}],"curies":[{"name":"wp","href":"https:\/\/api.w.org\/{rel}","templated":true}]}}