{"id":2343,"date":"2019-03-04T08:00:31","date_gmt":"2019-03-04T08:00:31","guid":{"rendered":"https:\/\/www.greenpeace.org\/sweden\/?p=2343"},"modified":"2024-08-22T12:24:10","modified_gmt":"2024-08-22T11:24:10","slug":"vem-ska-ta-hand-om-vara-skogar-om-inte-ens-staten-gor-det","status":"publish","type":"post","link":"https:\/\/www.greenpeace.org\/sweden\/pressmeddelanden\/skog\/vem-ska-ta-hand-om-vara-skogar-om-inte-ens-staten-gor-det\/","title":{"rendered":"Vem ska ta hand om v\u00e5ra skogar om inte ens staten g\u00f6r det?"},"content":{"rendered":"<p><strong>Skogar fulla av liv, som dessutom \u00e4gs av oss alla via staten, f\u00f6rsvinner i en allt snabbare takt. Men det beh\u00f6ver inte vara s\u00e5. Greenpeace har, tillsammans med 22 andra milj\u00f6organisationer, startat ett gemensamt upprop f\u00f6r att Sveaskog, som f\u00f6rvaltar 14 procent av landets produktiva skogar, ska ta sitt ansvar och f\u00f6rvalta v\u00e5r skog p\u00e5 ett h\u00e5llbart s\u00e4tt.<\/strong><\/p>\n<div id=\"attachment_2355\" style=\"width: 1034px\" class=\"wp-caption alignnone\"><img loading=\"lazy\" decoding=\"async\" aria-describedby=\"caption-attachment-2355\" class=\"size-large wp-image-2355\" src=\"https:\/\/www.greenpeace.org\/static\/planet4-sweden-stateless\/2019\/02\/42d08e31-gp0stre1w-1024x684.jpg\" alt=\"Action to Protect Swedish Forest Landscape Ore Skogsrike. \u00a9 Christian \u00c5slund\" width=\"1024\" height=\"684\" srcset=\"https:\/\/www.greenpeace.org\/static\/planet4-sweden-stateless\/2019\/02\/42d08e31-gp0stre1w-1024x684.jpg 1024w, https:\/\/www.greenpeace.org\/static\/planet4-sweden-stateless\/2019\/02\/42d08e31-gp0stre1w-300x200.jpg 300w, https:\/\/www.greenpeace.org\/static\/planet4-sweden-stateless\/2019\/02\/42d08e31-gp0stre1w-768x513.jpg 768w, https:\/\/www.greenpeace.org\/static\/planet4-sweden-stateless\/2019\/02\/42d08e31-gp0stre1w-510x340.jpg 510w, https:\/\/www.greenpeace.org\/static\/planet4-sweden-stateless\/2019\/02\/42d08e31-gp0stre1w.jpg 1200w\" sizes=\"auto, (max-width: 1024px) 100vw, 1024px\" \/><p id=\"caption-attachment-2355\" class=\"wp-caption-text\">Ore skogsrike, a large unique forest landscape in Dalarna, Sweden, threatened with felling by state-owned Sveaskog.<\/p><\/div>\n<p>Vid flertal tillf\u00e4llen har Sveaskog avverkat skyddsv\u00e4rda skogar och konfronterats av flera milj\u00f6organisationer f\u00f6r det. Deras skogsbruk hindrar v\u00e5r f\u00f6rm\u00e5ga att n\u00e5 FN\u2019s milj\u00f6- och klimatm\u00e5l. Livet i skogen och v\u00e5rt klimat beh\u00f6ver \u00f6kat skogsskydd och mer ekosystembaserat, hyggesfritt skogsbruk.<\/p>\n<p>Uppropet \u201cV\u00e5r skog\u201d lanserades den 6 februari och redan andra dagen hade fler \u00e4n 10 000 skrivit p\u00e5. Vi \u00e4r m\u00e5nga som vill vara med och p\u00e5verka v\u00e5r skogs framtid innan det \u00e4r f\u00f6r sent!<\/p>\n<p style=\"padding-left: 40px;\">&#8211;\u00a0 &#8221;Det \u00e4r ju trots allt v\u00e5r skog och vi tycker att vi ska ha n\u00e5got att s\u00e4ga till om. Det k\u00e4nns rimligt att v\u00e5ra skogar b\u00e5de ska brukas h\u00e5llbart och \u00e4ven respekteras f\u00f6r sitt skyddsv\u00e4rde. Vi m\u00e5ste skyndsamt bromsa f\u00f6rlusten av biologisk m\u00e5ngfald och alla typer av v\u00e4xthusgasutsl\u00e4pp &#8211; f\u00f6r att det ska bli verklighet m\u00e5ste den sista naturskogen vi har kvar skyddas. Sveaskog och regeringen m\u00e5ste g\u00f6ra sin del &#8211; och det med alla tillg\u00e4ngliga medel, vilka synligg\u00f6rs i v\u00e5ra krav&#8221;, <strong>s\u00e4ger Lina Burnelius ansvarig f\u00f6r skogs- och bioekonomiska fr\u00e5gor p\u00e5 Greenpeace.<\/strong><\/p>\n<p>N\u00e4r arter f\u00f6rsvinner eller r\u00f6dlistas i r\u00e5dande rasande takt \u00f6ver hela v\u00e5r planet m\u00e5ste biologisk m\u00e5ngfald ges h\u00f6gsta prioritet, \u00e4ven i Sverige. H\u00e4r har n\u00e4mligen mer \u00e4n 90 procent av skogen, p\u00e5 ett eller annat s\u00e4tt, p\u00e5verkats av skogsbruk samtidigt som avverkning klassas som den st\u00f6rsta anledningen till att v\u00e5ra arter r\u00f6dlistas och hotas.<\/p>\n<p><strong>Lina forts\u00e4tter:<\/strong><\/p>\n<p style=\"padding-left: 40px;\">&#8211; &#8221;Vi befinner oss i den sj\u00e4tte massutrotningen av arter p\u00e5 jorden och samtidigt \u00e4r klimatf\u00f6r\u00e4ndringarna h\u00f6gst n\u00e4rvarande. Uppr\u00e4tth\u00e5llen biologisk m\u00e5ngfalden \u00e4r avg\u00f6rande f\u00f6r v\u00e5r f\u00f6rm\u00e5ga att b\u00e5de motverka och anpassa oss till ett f\u00f6r\u00e4ndrat klimat. Skydd av friska ekosystem, exempelvis skyddsv\u00e4rda skogar, spelar s\u00e5ledes en livsavg\u00f6rande roll och b\u00f6r d\u00e4rf\u00f6r vara en sj\u00e4lvklar prioritering f\u00f6r Sveriges regering. Den enkla och naturliga l\u00f6sning \u00e4r skydd av naturskogen&#8221;.<\/p>\n<p>Faktum \u00e4r att vi har v\u00e4ldigt lite naturskog kvar, men m\u00e5nga planterade tr\u00e4d. Utan flera tr\u00e4darter i olika \u00e5ldrar fo\u0308ra\u0308ndras fo\u0308rutsa\u0308ttningarna fo\u0308r skogens va\u0308xter, svampar och djur. Vissa gynnas, men betydligt fler missgynnas.<\/p>\n<p style=\"padding-left: 40px;\">&#8211; &#8221;En m\u00e5ngfald av liv &#8211; \u00e4r f\u00f6ruts\u00e4ttningen f\u00f6r <strong>allt<\/strong> p\u00e5 jorden, \u00e4ven v\u00e5ra. D\u00e4rf\u00f6r kr\u00e4ver vi att v\u00e5ra skogar ska f\u00f6rvaltas f\u00f6r att ge oss alla de oskattbara v\u00e4rdena f\u00f6r alltid &#8211; ist\u00e4llet f\u00f6r att ge kortsiktig ekonomisk vinst nu&#8221;, avslutar Lina.<\/p>\n<p><strong>Vill du ocks\u00e5 r\u00e4dda Sveriges skyddsv\u00e4rda skogar?<\/strong><\/p>\n<p>Skriv p\u00e5 namninsamlingen p\u00e5 <a href=\"http:\/\/www.varskog.nu\/gp\">varskog.nu\/gp<\/a>. Det \u00e4r vi som \u00e4ger Sveaskog och tillsammans kan vi kr\u00e4va av staten att ta ansvar f\u00f6r v\u00e5r skog innan det \u00e4r f\u00f6r sent.<\/p>\n<p><img loading=\"lazy\" decoding=\"async\" class=\"alignnone wp-image-2351 size-full\" src=\"https:\/\/www.greenpeace.org\/static\/planet4-sweden-stateless\/2019\/03\/ecaee345-12-13-\u00a9-jonne-sippola-_-greenpeacegp0stset1_web_size-1.jpg\" alt=\"\" width=\"800\" height=\"533\" srcset=\"https:\/\/www.greenpeace.org\/static\/planet4-sweden-stateless\/2019\/03\/ecaee345-12-13-\u00a9-jonne-sippola-_-greenpeacegp0stset1_web_size-1.jpg 800w, https:\/\/www.greenpeace.org\/static\/planet4-sweden-stateless\/2019\/03\/ecaee345-12-13-\u00a9-jonne-sippola-_-greenpeacegp0stset1_web_size-1-300x200.jpg 300w, https:\/\/www.greenpeace.org\/static\/planet4-sweden-stateless\/2019\/03\/ecaee345-12-13-\u00a9-jonne-sippola-_-greenpeacegp0stset1_web_size-1-768x512.jpg 768w, https:\/\/www.greenpeace.org\/static\/planet4-sweden-stateless\/2019\/03\/ecaee345-12-13-\u00a9-jonne-sippola-_-greenpeacegp0stset1_web_size-1-510x340.jpg 510w\" sizes=\"auto, (max-width: 800px) 100vw, 800px\" \/><\/p>\n<p><strong>V\u00e5ra fyra krav:<\/strong><\/p>\n<ol>\n<li>Skydda alla statliga skogar med h\u00f6ga naturv\u00e4rden som Sveaskog f\u00f6rvaltar.<\/li>\n<li>Anv\u00e4nd statliga skogar med l\u00e5ga naturv\u00e4rden f\u00f6r att byta in privat\u00e4gd skog med h\u00f6ga naturv\u00e4rden f\u00f6r att ge dessa skogar ett skydd.<\/li>\n<li>Staten och Sveaskog ska vara en f\u00f6rebild och ligga i framkant n\u00e4r det g\u00e4ller utvecklandet av ett ekosystembaserat, hyggesfritt skogsbruk.<\/li>\n<li>Sveaskogs avkastningskrav m\u00e5ste s\u00e4nkas s\u00e5 att punkterna ovan kan genomf\u00f6ras.<\/li>\n<\/ol>\n<div class=\"EmptyMessage\">Block content is empty. Check the block&#8217;s settings or remove it.<\/div>","protected":false},"excerpt":{"rendered":"<p>Skogar fulla av liv, som dessutom \u00e4gs av oss alla via staten, f\u00f6rsvinner i en allt snabbare takt. Men det beh\u00f6ver inte vara s\u00e5. Greenpeace har, tillsammans med 22 andra&hellip;<\/p>\n","protected":false},"author":34,"featured_media":1934,"comment_status":"open","ping_status":"open","sticky":false,"template":"","format":"standard","meta":{"ep_exclude_from_search":false,"p4_og_title":"","p4_og_description":"","p4_og_image":"","p4_og_image_id":"","p4_seo_canonical_url":"","p4_campaign_name":"","p4_local_project":"","p4_basket_name":"","p4_department":"","footnotes":""},"categories":[22],"tags":[19,31,40],"p4-page-type":[14],"class_list":["post-2343","post","type-post","status-publish","format-standard","has-post-thumbnail","hentry","category-skog","tag-skyddaskogen","tag-aktivism","tag-biodiversitet","p4-page-type-pressmeddelanden"],"_links":{"self":[{"href":"https:\/\/www.greenpeace.org\/sweden\/wp-json\/wp\/v2\/posts\/2343","targetHints":{"allow":["GET"]}}],"collection":[{"href":"https:\/\/www.greenpeace.org\/sweden\/wp-json\/wp\/v2\/posts"}],"about":[{"href":"https:\/\/www.greenpeace.org\/sweden\/wp-json\/wp\/v2\/types\/post"}],"author":[{"embeddable":true,"href":"https:\/\/www.greenpeace.org\/sweden\/wp-json\/wp\/v2\/users\/34"}],"replies":[{"embeddable":true,"href":"https:\/\/www.greenpeace.org\/sweden\/wp-json\/wp\/v2\/comments?post=2343"}],"version-history":[{"count":15,"href":"https:\/\/www.greenpeace.org\/sweden\/wp-json\/wp\/v2\/posts\/2343\/revisions"}],"predecessor-version":[{"id":49869,"href":"https:\/\/www.greenpeace.org\/sweden\/wp-json\/wp\/v2\/posts\/2343\/revisions\/49869"}],"wp:featuredmedia":[{"embeddable":true,"href":"https:\/\/www.greenpeace.org\/sweden\/wp-json\/wp\/v2\/media\/1934"}],"wp:attachment":[{"href":"https:\/\/www.greenpeace.org\/sweden\/wp-json\/wp\/v2\/media?parent=2343"}],"wp:term":[{"taxonomy":"category","embeddable":true,"href":"https:\/\/www.greenpeace.org\/sweden\/wp-json\/wp\/v2\/categories?post=2343"},{"taxonomy":"post_tag","embeddable":true,"href":"https:\/\/www.greenpeace.org\/sweden\/wp-json\/wp\/v2\/tags?post=2343"},{"taxonomy":"p4-page-type","embeddable":true,"href":"https:\/\/www.greenpeace.org\/sweden\/wp-json\/wp\/v2\/p4-page-type?post=2343"}],"curies":[{"name":"wp","href":"https:\/\/api.w.org\/{rel}","templated":true}]}}