{"id":2361,"date":"2019-02-28T17:19:22","date_gmt":"2019-02-28T17:19:22","guid":{"rendered":"https:\/\/www.greenpeace.org\/sweden\/?p=2361"},"modified":"2023-02-23T16:45:24","modified_gmt":"2023-02-23T15:45:24","slug":"varfor-kraver-vi-forandring-av-sveaskog","status":"publish","type":"post","link":"https:\/\/www.greenpeace.org\/sweden\/artiklar\/skog\/varfor-kraver-vi-forandring-av-sveaskog\/","title":{"rendered":"Varf\u00f6r kr\u00e4ver vi f\u00f6r\u00e4ndring av Sveaskog?"},"content":{"rendered":"<p><strong>Vi uppmanar regeringen att se till att Sveaskogs \u00e4gardirektiv \u00e4ndras och att bolagets milj\u00f6ambitioner h\u00f6js.<\/strong><\/p>\n<p>Listan p\u00e5 negativa effekter som Sveaskog haft f\u00f6r v\u00e5r gemensamma natur kan g\u00f6ras l\u00e5ng, h\u00e4r \u00e4r n\u00e5gra exempel:<\/p>\n<ul>\n<li>Besprutning av skogarna.<\/li>\n<li>Spridning av giftbehandlade plantor.<\/li>\n<li>Spridning av fr\u00e4mmande arter.<\/li>\n<li>S\u00f6nderk\u00f6rning av m\u00e5nga marker.<\/li>\n<li>Omvandling av stora delar av norra Sverige, fr\u00e5n naturskog till produktionsskogar och plantager.<\/li>\n<li>Undantr\u00e4ngning av arter.<\/li>\n<li>F\u00f6rst\u00f6rda vattendrag p\u00e5 grund av flottleder, bristande kantzoner och k\u00f6rskador.<\/li>\n<li>F\u00f6rst\u00f6rda forn- och kulturl\u00e4mningar.<\/li>\n<li>F\u00f6rst\u00f6rda och negativt p\u00e5verkade renbetesmarker.<\/li>\n<li>Dikning av enorma arealer vilket dels p\u00e5verkar milj\u00f6erna negativt och bidrar till enorma v\u00e4xthusutsl\u00e4pp.<\/li>\n<li>Utsl\u00e4pp av v\u00e4xthusgaser fr\u00e5n kalhyggen.<\/li>\n<li>Fragmentering av landskapen p\u00e5 grund av avverkningar och skogsbilv\u00e4gar.<\/li>\n<\/ul>\n<p>Det h\u00e4r kan inte fortg\u00e5. Sveriges skogar och svenskt skogsbruk kan &#8211; och b\u00f6r &#8211; vara en positivt bidragande pusselbit till m\u00e4nslikgenhets tv\u00e5 \u00f6desfr\u00e5gor: bromsa f\u00f6rlusten av biologisk m\u00e5ngfald och alla typer av v\u00e4xthusgasutsl\u00e4pp.<\/p>\n<p>Svenskt skogsbruk i allm\u00e4nhet och Sveaskog och regeringen i synnerhet m\u00e5ste ta ansvar f\u00f6r biologisk m\u00e5ngfald, klimatet och f\u00f6r m\u00e4nniskors grundl\u00e4ggande r\u00e4ttigheter &#8211; b\u00e5de i Sverige, globalt, och i relation till n\u00e4sta generation. Det betyder att vi m\u00e5ste ha en l\u00f6sningsorienterad st\u00e5ndpunkt som inneb\u00e4r (1) minskad fragmentering av skogslandskapet, (2) ett ut\u00f6kat skydd f\u00f6r den ekologisk v\u00e4rdefulla skogen och s\u00e5ledes en \u00f6kad kolinlagring i skogen, (3) \u00f6kad andel ekologisk och klimatm\u00e4ssigt h\u00e5llbara brukningsmetoder och (4) en \u00f6kad tillverkning av l\u00e5nglivade produkter och s\u00e5ledes en ytterligare \u00f6kad kolinlagring!<\/p>\n<p>Men f\u00f6r det ska bli verklighet kr\u00e4vs en stor omst\u00e4llning g\u00e4llande <strong>vilken<\/strong> skog vi avverkar, <strong>hur<\/strong> vi avverkar den, och <strong>vad<\/strong> vi v\u00e4ljer att tillverka av skogen.<\/p>\n<p>Sveaskog och regeringen m\u00e5ste g\u00f6ra sin del &#8211; och det med alla tillg\u00e4ngliga medel, vilka synligg\u00f6rs i v\u00e5ra krav. Tillsammans kr\u00e4ver vi att Sveaskog och regeringen g\u00f6r sin del; bland annat att statlig skog med l\u00e5ga naturv\u00e4rden byts mot privat\u00e4gd skog med h\u00f6ga naturv\u00e4rden f\u00f6r att ge dessa skogar ett skydd. Dagens anslag till skydd av skog \u00e4r l\u00e5ngt ifr\u00e5n tillr\u00e4cklig f\u00f6r att n\u00e5 milj\u00f6m\u00e5len, och ers\u00e4ttningsmarker \u00e4r ett kostnadseffektivt verktyg.<\/p>\n<p>Alla statliga produktiva skogar med h\u00f6ga naturv\u00e4rden som Sveaskog f\u00f6rvaltar ska ges ett l\u00e5ngsiktigt, kvalitetss\u00e4krat och transparent skydd. Minst 20 procent produktiv skog i varje skogsregion nedan den fj\u00e4lln\u00e4ra gr\u00e4nsen ska bevaras l\u00e5ngsiktigt som naturreservat och likv\u00e4rdiga naturv\u00e5rdsomr\u00e5den. Urvalet av skogar ska styras av naturv\u00e4rdet. I regioner d\u00e4r h\u00f6ga naturv\u00e4rden saknas b\u00f6r omr\u00e5den med goda f\u00f6ruts\u00e4ttningar att \u00e5terskapa naturv\u00e4rden prioriteras. Staten ska inte beh\u00f6va betala ut ers\u00e4ttning till det statligt \u00e4gda Sveaskog f\u00f6r detta. L\u00e4nsstyrelserna b\u00f6r ges i uppdrag att peka ut omr\u00e5den som \u00e4r l\u00e4mpliga att skydda.<\/p>\n<div id=\"attachment_2368\" style=\"width: 1034px\" class=\"wp-caption alignnone\"><img loading=\"lazy\" decoding=\"async\" aria-describedby=\"caption-attachment-2368\" class=\"size-large wp-image-2368\" src=\"https:\/\/www.greenpeace.org\/static\/planet4-sweden-stateless\/2019\/02\/7899db76-gp0stre1c-1024x575.jpg\" alt=\"Ore Skogsrike. \u00a9 Christian \u00c5slund\" width=\"1024\" height=\"575\" srcset=\"https:\/\/www.greenpeace.org\/static\/planet4-sweden-stateless\/2019\/02\/7899db76-gp0stre1c-1024x575.jpg 1024w, https:\/\/www.greenpeace.org\/static\/planet4-sweden-stateless\/2019\/02\/7899db76-gp0stre1c-300x169.jpg 300w, https:\/\/www.greenpeace.org\/static\/planet4-sweden-stateless\/2019\/02\/7899db76-gp0stre1c-768x431.jpg 768w, https:\/\/www.greenpeace.org\/static\/planet4-sweden-stateless\/2019\/02\/7899db76-gp0stre1c-510x286.jpg 510w, https:\/\/www.greenpeace.org\/static\/planet4-sweden-stateless\/2019\/02\/7899db76-gp0stre1c.jpg 1200w\" sizes=\"auto, (max-width: 1024px) 100vw, 1024px\" \/><p id=\"caption-attachment-2368\" class=\"wp-caption-text\">Ore skogsrike, a large unique forest landscape in Dalarna, Sweden, threatened with felling by state-owned Sveaskog.<\/p><\/div>\n<p><strong>Vilken skog avverkas idag?<\/strong><br \/>\nAllt f\u00f6r ofta den skyddsv\u00e4rda skogen, \u00e4ven av Statliga Sveaskog. I skrivande stund planerar statliga Sveaskog att avverka ett flertal skogar med h\u00f6ga naturv\u00e4rden bl.a. vid Lill-Skarja och Bientie i Arjeplogs kommun, Tjittjer och Melaktr\u00e4skliden i Arvidsjaurs kommun, och Abmoberg, Gajbien\u00e5jvvie och Heden i Sorsele kommun. Listan kan g\u00f6ras l\u00e4ngre.<\/p>\n<p>I Sverige \u00e4r endast 2 procent av den produktiva skogsmarken, nedanf\u00f6r fj\u00e4lln\u00e4ra gr\u00e4nsen, l\u00e5ngsiktigt skyddad. Detta trots att vi via FN:s konvention om biologisk m\u00e5ngfald \u00e5lagt oss att: l\u00e5ngsiktigt skydda minst 17 procent produktiv och ekologiskt representativ skog i varje skogsregion, nedanf\u00f6r den fj\u00e4lln\u00e4ra gr\u00e4nsen. Samtidigt har vi bara 2.7 miljoner hektar icke kalavverkad skog kvar, i detta omr\u00e5de &#8211; en yta mindre \u00e4n Blekinge l\u00e4n. Med dagens avverkningstakt kommer den enligt Naturv\u00e5rdsverkets att vara borta inom 20 \u00e5r. Det \u00e4r allts\u00e5 samma skogar som under flera hundra \u00e5r lagrat enorma m\u00e4ngder v\u00e4xthusgaser i tr\u00e4d och mark.<\/p>\n<p>Vi har inte r\u00e5d att f\u00f6rlora en enda naturskog till om vill n\u00e5 milj\u00f6m\u00e5len f\u00f6r skogen och klimatet. FN:s senaste klimatrapport konstaterar: Vi m\u00e5ste skydda mer skog om vi ska r\u00e4dda klimatet. \u00c4nd\u00e5 expanderar Sveaskog in i den sista naturskogen.<\/p>\n<p><strong>Hur bedriver vi skogsbruk i Sverige idag?<\/strong><br \/>\nVi brukar inte de 80 procent produktiv skogsmark som b\u00f6r r\u00e4cka att vara \u00e4mnad f\u00f6r skogsbruk p\u00e5 ett tillr\u00e4ckligt h\u00e5llbart s\u00e4tt. Allts\u00e5 h\u00e5llbarhetsregeln om hur vi ska brukar skog har inte heller f\u00f6ljts, iaf inte om vill ta h\u00e4nsyn till klimatet, biologisk m\u00e5ngfald, urfolk, rekreationsm\u00f6jligheter, turism och friluftsliv, svamp och b\u00e4rplockning eller Regeringen redan beslutade milj\u00f6m\u00e5l f\u00f6r skogen.<\/p>\n<p>Idag n\u00e5r vi alla produktionsm\u00e5l men inte milj\u00f6kvalitetsm\u00e5len.<\/p>\n<p>Och fr\u00e4mst &#8211; klimatet klarar inte av att s\u00e5 h\u00e4r stora arealer kalavverkas.<\/p>\n<p>Svenskt skogsbruk \u00e4r inte h\u00e5llbart. Svensk naturskog sk\u00f6vlas f\u00f6r att fr\u00e4mst bli till kortlivade eng\u00e5ngsprodukter; s\u00e5som pappersmuggar, servetter och biodrivmedel som anv\u00e4nds en g\u00e5ng och d\u00e4rmed utg\u00f6r ett omedelbart utsl\u00e4pp av det kol som lagrats i tr\u00e4den. Kal\u00adhygges\u00adbruk, som \u00e4r den vanligaste avverkningsmetoden, har en starkt negativ klimat\u00adp\u00e5verkan och f\u00f6r\u00f6dande konsekvenser f\u00f6r svensk skog och natur. N\u00e4r en skog kalhuggs frig\u00f6rs stora m\u00e4ngder v\u00e4xthusgaser till atmosf\u00e4ren fr\u00e5n marken.<\/p>\n<p>Trots \u00e5terplantering tar det flera decennier att kompensera f\u00f6r koldioxidutsl\u00e4ppen fr\u00e5n hygget. Den tiden finns inte eftersom den ackumulerade koldioxidhalten redan \u00e4r f\u00f6r h\u00f6g f\u00f6r att undvika negativa klimateffekter. Tr\u00e4dplantager lagrar dessutom mindre kol \u00e4n den tidigare naturliga skogen. Medan or\u00f6rda naturskogar mellan 800-5000 \u00e5r gamla har stora kollager och forts\u00e4tter samtidigt att fungera som kols\u00e4nkor.<\/p>\n<p><strong>Vad b\u00f6r vi tillverka av skogen?<\/strong><br \/>\nAtt bygga i tr\u00e4 har visat sig kunna ge 5,6 g\u00e5nger mindre klimatp\u00e5verkan j\u00e4mf\u00f6rt med att bygga i betong, vilket \u00e4r att f\u00f6r\u00e4dla skogens v\u00e4rden p\u00e5 ett mer h\u00e5llbart s\u00e4tt \u00e4n att g\u00f6ra kortlivade massavedsprodukter. Men idag blir bara 23 procent av det som avverkas byggmaterial (hus, m\u00f6bler osv). Resterande ca 80 procent av skogen blir idag kortlivade produkter som f\u00f6rbr\u00e4nns och ger v\u00e4xthusgasutsl\u00e4pp. Det r\u00e4cker inte med produkter som \u00e4r fossilfria, vi beh\u00f6ver bli v\u00e4xthusgasfria. Atmosf\u00e4ren g\u00f6r inte skillnad p\u00e5 om koldioxiden kommer fr\u00e5n tr\u00e4d eller olja\/plast. En mer f\u00f6rnuftig klimatstrategi vore att lagra kol <strong>b\u00e5de<\/strong> i 20 procent av v\u00e5ra produktiva skogar och i tr\u00e4produkter s\u00e5 l\u00e4nge som m\u00f6jligt. Tiden f\u00f6r eng\u00e5ngsartiklar och f\u00f6rbr\u00e4nningsmotorer \u00e4r f\u00f6rbi.<\/p>\n<p><strong>L\u00e5t v\u00e5ra skogar bli en del av l\u00f6sningen p\u00e5 v\u00e5r tids stora \u00f6desfr\u00e5gor. Ska vi ha en chans att begr\u00e4nsa klimatf\u00f6r\u00e4ndringarna och f\u00f6rlusten av arter m\u00e5ste skogsf\u00f6rvaltningen och skogsbruket f\u00f6r\u00e4ndras i grunden!<\/strong><\/p>\n<p>V\u00e5ra internationella \u00e5taganden om biologisk m\u00e5ngfald och riksdagens beslutade milj\u00f6m\u00e5l om Levande skogar och Ett rikt v\u00e4xt och djurliv kommer inte kunna n\u00e5s med dagens politik. Det beh\u00f6vs krafttag f\u00f6r att v\u00e4nda utvecklingen. Regeringen kan se till att Sveaskog spelar en nyckelroll f\u00f6r omst\u00e4llningen till ett h\u00e5llbart skogsbruk och f\u00f6r skydd av v\u00e5ra skogar.<\/p>\n<div class=\"EmptyMessage\">Block content is empty. Check the block&#8217;s settings or remove it.<\/div>","protected":false},"excerpt":{"rendered":"<p>Vi uppmanar regeringen att se till att Sveaskogs \u00e4gardirektiv \u00e4ndras och att bolagets milj\u00f6ambitioner h\u00f6js. Listan p\u00e5 negativa effekter som Sveaskog haft f\u00f6r v\u00e5r gemensamma natur kan g\u00f6ras l\u00e5ng, h\u00e4r&hellip;<\/p>\n","protected":false},"author":34,"featured_media":2355,"comment_status":"open","ping_status":"open","sticky":false,"template":"","format":"standard","meta":{"ep_exclude_from_search":false,"p4_og_title":"","p4_og_description":"","p4_og_image":"","p4_og_image_id":"","p4_seo_canonical_url":"","p4_campaign_name":"","p4_local_project":"","p4_basket_name":"","p4_department":"","footnotes":""},"categories":[22],"tags":[19,40],"p4-page-type":[16],"class_list":["post-2361","post","type-post","status-publish","format-standard","has-post-thumbnail","hentry","category-skog","tag-skyddaskogen","tag-biodiversitet","p4-page-type-artiklar"],"_links":{"self":[{"href":"https:\/\/www.greenpeace.org\/sweden\/wp-json\/wp\/v2\/posts\/2361","targetHints":{"allow":["GET"]}}],"collection":[{"href":"https:\/\/www.greenpeace.org\/sweden\/wp-json\/wp\/v2\/posts"}],"about":[{"href":"https:\/\/www.greenpeace.org\/sweden\/wp-json\/wp\/v2\/types\/post"}],"author":[{"embeddable":true,"href":"https:\/\/www.greenpeace.org\/sweden\/wp-json\/wp\/v2\/users\/34"}],"replies":[{"embeddable":true,"href":"https:\/\/www.greenpeace.org\/sweden\/wp-json\/wp\/v2\/comments?post=2361"}],"version-history":[{"count":8,"href":"https:\/\/www.greenpeace.org\/sweden\/wp-json\/wp\/v2\/posts\/2361\/revisions"}],"predecessor-version":[{"id":55416,"href":"https:\/\/www.greenpeace.org\/sweden\/wp-json\/wp\/v2\/posts\/2361\/revisions\/55416"}],"wp:featuredmedia":[{"embeddable":true,"href":"https:\/\/www.greenpeace.org\/sweden\/wp-json\/wp\/v2\/media\/2355"}],"wp:attachment":[{"href":"https:\/\/www.greenpeace.org\/sweden\/wp-json\/wp\/v2\/media?parent=2361"}],"wp:term":[{"taxonomy":"category","embeddable":true,"href":"https:\/\/www.greenpeace.org\/sweden\/wp-json\/wp\/v2\/categories?post=2361"},{"taxonomy":"post_tag","embeddable":true,"href":"https:\/\/www.greenpeace.org\/sweden\/wp-json\/wp\/v2\/tags?post=2361"},{"taxonomy":"p4-page-type","embeddable":true,"href":"https:\/\/www.greenpeace.org\/sweden\/wp-json\/wp\/v2\/p4-page-type?post=2361"}],"curies":[{"name":"wp","href":"https:\/\/api.w.org\/{rel}","templated":true}]}}