{"id":2431,"date":"2019-03-20T14:07:56","date_gmt":"2019-03-20T13:07:56","guid":{"rendered":"https:\/\/www.greenpeace.org\/sweden\/?p=2431"},"modified":"2023-02-23T13:42:29","modified_gmt":"2023-02-23T12:42:29","slug":"greenpeace-till-sca-bestam-pa-vilken-sida-av-historien-ni-vill-sta","status":"publish","type":"post","link":"https:\/\/www.greenpeace.org\/sweden\/pressmeddelanden\/skog\/greenpeace-till-sca-bestam-pa-vilken-sida-av-historien-ni-vill-sta\/","title":{"rendered":"Greenpeace till SCA &#8211; best\u00e4m p\u00e5 vilken sida av historien ni vill st\u00e5"},"content":{"rendered":"<p><strong>Idag h\u00f6ll Lina Burnelius fr\u00e5n Greenpeace tal p\u00e5 SCA:s \u00e5rsst\u00e4mma. D\u00e4r uppmanade hon ledningen, med VD Ulf Larsson i spetsen, att omedelbart sluta avverka naturskog och att v\u00e4lja en transparent v\u00e4g fram\u00e5t.<\/strong><\/p>\n<div id=\"attachment_2435\" style=\"width: 774px\" class=\"wp-caption alignnone\"><img loading=\"lazy\" decoding=\"async\" aria-describedby=\"caption-attachment-2435\" class=\"size-large wp-image-2435\" src=\"https:\/\/www.greenpeace.org\/static\/planet4-sweden-stateless\/2019\/03\/2ff05c95-lina-sca-764x1024.jpeg\" alt=\"\" width=\"764\" height=\"1024\" srcset=\"https:\/\/www.greenpeace.org\/static\/planet4-sweden-stateless\/2019\/03\/2ff05c95-lina-sca-764x1024.jpeg 764w, https:\/\/www.greenpeace.org\/static\/planet4-sweden-stateless\/2019\/03\/2ff05c95-lina-sca-224x300.jpeg 224w, https:\/\/www.greenpeace.org\/static\/planet4-sweden-stateless\/2019\/03\/2ff05c95-lina-sca-768x1029.jpeg 768w, https:\/\/www.greenpeace.org\/static\/planet4-sweden-stateless\/2019\/03\/2ff05c95-lina-sca-1019x1366.jpeg 1019w, https:\/\/www.greenpeace.org\/static\/planet4-sweden-stateless\/2019\/03\/2ff05c95-lina-sca-254x340.jpeg 254w, https:\/\/www.greenpeace.org\/static\/planet4-sweden-stateless\/2019\/03\/2ff05c95-lina-sca.jpeg 1504w\" sizes=\"auto, (max-width: 764px) 100vw, 764px\" \/><p id=\"caption-attachment-2435\" class=\"wp-caption-text\">Lina Burnelius p\u00e5 SCA:s \u00e5rsst\u00e4mma 2019. Glasruta och \u00f6ppet brev l\u00e4mnades \u00f6ver till VD Ulf Larsson<\/p><\/div>\n<p>F\u00f6r att understryka vikten av kraven \u00f6verl\u00e4mnades ett <a href=\"https:\/\/www.greenpeace.org\/static\/planet4-sweden-stateless\/2019\/03\/420366b2-final.20.03.2019.toulflarsonsca.fromgreenpeace.pdf\">\u00f6ppet kravbrev.<\/a> Ulf Larsson fick \u00e4ven en liten glasruta som p\u00e5minnelse om att v\u00e4rldens st\u00f6rsta oberoende milj\u00f6organisation har \u00f6gonen p\u00e5 SCA och kr\u00e4ver just transparens.<\/p>\n<p>&#8211; SCA kan inte undanh\u00e5lla viktig information om deras verksamhet och avvecklingsplaner. Det \u00e4r information som kr\u00e4vs f\u00f6r att dialogen om gemensamma, h\u00e5llbara l\u00f6sningar ska komma till. SCA m\u00e5ste g\u00f6ra sin del f\u00f6r att Sverige ska n\u00e5 de demokratiskt beslutade milj\u00f6m\u00e5len som s\u00e4ger att 20 procent av v\u00e5r skogsmark ska restaureras och skyddas. Bara d\u00e5 kan svenskt skogsbruk \u00e4ntligen ta steg mot att bli den verkliga klimathj\u00e4lte vi och v\u00e5ra barn beh\u00f6ver, s\u00e4ger <strong>Lina Burnelius, ansvarig f\u00f6r skogs- och bioekonomiska fr\u00e5gor p\u00e5 Greenpeace i Sverige.<\/strong><\/p>\n<p>Det \u00e4r nu ett och ett halvt \u00e5r sedan publiceringen av den djuplodande rapporten <a href=\"https:\/\/www.greenpeace.org\/international\/publication\/7374\/wiping-away-the-boreal\/\">Wiping Away the Boreal\/Att torka bort det norra skogsb\u00e4ltet<\/a> d\u00e4r SCA:s roll i sk\u00f6vling av ekologisk v\u00e4rdefull skog inom v\u00e4rdetrakter kartlades. I rapporten framg\u00e5r att SCA forts\u00e4tter att avverka gammal skog och ers\u00e4tter den med monokulturer, bland annat contortaplantage. Det \u00e4r ett skogsbruk som f\u00f6rutom att frig\u00f6ra stora kollager ocks\u00e5 utarmar den biologiska m\u00e5ngfalden.<\/p>\n<p>&#8211; SCA m\u00e5ste sluta avverka naturskog inom de av identifierade v\u00e4rdetrakterna. Det \u00e4r n\u00e4mligen omr\u00e5den med s\u00e4rskilt h\u00f6ga bevarandev\u00e4rden. Naturv\u00e4rden &#8211; och kollager &#8211; som g\u00e5r f\u00f6rlorade om SCA forts\u00e4tter avverka, s\u00e4ger <strong>Lina Burnelius.<\/strong><\/p>\n<p>&#8211; <a href=\"https:\/\/www.ipcc.ch\/sr15\/\">FNs klimatrapport \u00e4r tydlig:<\/a> vi m\u00e5ste skydda den sista naturskogen om vi ska ha en chans att n\u00e5 parisavtalet. Senast f\u00f6rra veckan skrev tre professorer och forskare en artikel direkt riktad till just SCA: <a href=\"https:\/\/www.st.nu\/artikel\/debatt\/debatt-olyckligt-att-klimatfragan-anvands-for-att-motivera-avverkning-sca-borde-veta-att-skog-binder-mer-kol-an-den-slapper-ut\">D\u00e4r g\u00f6r de det mycket tydligt att SCA m\u00e5ste sluta expandera in i den sista naturskogen<\/a>, s\u00e4ger <strong>Lina Burnelius<\/strong><\/p>\n<p>Greenpeace kr\u00e4ver d\u00e4rf\u00f6r att SCA delar med sig av bolagets:<\/p>\n<p>Avverkningsplaner f\u00f6r de kommande tio \u00e5ren<br \/>\nInk\u00f6psvolymer och dess ursprung.<br \/>\nAvvecklingsplan f\u00f6r Contortatallen<br \/>\nFrivilliga avs\u00e4ttningar<\/p>\n<p>&#8211; Detta skulle vara ett tydligt avst\u00e5ndstagande fr\u00e5n SCAs p\u00e5g\u00e5ende &#8221;snacka och sk\u00f6vla&#8221; dialog och ist\u00e4llet ta oss n\u00e4rmare en process som leder till verkliga skogs- och klimatl\u00f6sningar. H\u00e4r har Ulf Larsson och SCA ett val, det \u00e4r dags att de best\u00e4mmer p\u00e5 vilken sida av historien SCA vill st\u00e5, avslutar <strong>Lina Burnelius<\/strong><\/p>\n<p><a href=\"https:\/\/www.greenpeace.org\/static\/planet4-sweden-stateless\/2019\/03\/420366b2-final.20.03.2019.toulflarsonsca.fromgreenpeace.pdf\">H\u00e4r kan du l\u00e4sa Greenpeace \u00f6ppna brev till SCA<\/a><\/p>\n<p><strong>Kontaktpersoner:<\/strong><\/p>\n<p><strong>Ansvarig f\u00f6r skogs- och bioekonomiska fr\u00e5gor<\/strong><br \/>\nLina Burnelius<br \/>\nlina.burnelius@greenpeace.org<br \/>\n+46 (0)72 214 43 60<\/p>\n<p><strong>Kommunikationsansvarig<\/strong><br \/>\nMarkus Mattisson<br \/>\nmarkus.mattisson@greenpeace.org<br \/>\n+46 (0)70 397 66 72<\/p>\n","protected":false},"excerpt":{"rendered":"<p>Idag h\u00f6ll Lina Burnelius fr\u00e5n Greenpeace tal p\u00e5 SCA:s \u00e5rsst\u00e4mma. D\u00e4r uppmanade hon ledningen, med VD Ulf Larsson i spetsen, att omedelbart sluta avverka naturskog och att v\u00e4lja en transparent&hellip;<\/p>\n","protected":false},"author":38,"featured_media":2438,"comment_status":"open","ping_status":"open","sticky":false,"template":"","format":"standard","meta":{"ep_exclude_from_search":false,"p4_og_title":"","p4_og_description":"","p4_og_image":"","p4_og_image_id":"","p4_seo_canonical_url":"","p4_campaign_name":"","p4_local_project":"","p4_basket_name":"","p4_department":"","footnotes":""},"categories":[22],"tags":[19,40],"p4-page-type":[14],"class_list":["post-2431","post","type-post","status-publish","format-standard","has-post-thumbnail","hentry","category-skog","tag-skyddaskogen","tag-biodiversitet","p4-page-type-pressmeddelanden"],"_links":{"self":[{"href":"https:\/\/www.greenpeace.org\/sweden\/wp-json\/wp\/v2\/posts\/2431","targetHints":{"allow":["GET"]}}],"collection":[{"href":"https:\/\/www.greenpeace.org\/sweden\/wp-json\/wp\/v2\/posts"}],"about":[{"href":"https:\/\/www.greenpeace.org\/sweden\/wp-json\/wp\/v2\/types\/post"}],"author":[{"embeddable":true,"href":"https:\/\/www.greenpeace.org\/sweden\/wp-json\/wp\/v2\/users\/38"}],"replies":[{"embeddable":true,"href":"https:\/\/www.greenpeace.org\/sweden\/wp-json\/wp\/v2\/comments?post=2431"}],"version-history":[{"count":5,"href":"https:\/\/www.greenpeace.org\/sweden\/wp-json\/wp\/v2\/posts\/2431\/revisions"}],"predecessor-version":[{"id":55350,"href":"https:\/\/www.greenpeace.org\/sweden\/wp-json\/wp\/v2\/posts\/2431\/revisions\/55350"}],"wp:featuredmedia":[{"embeddable":true,"href":"https:\/\/www.greenpeace.org\/sweden\/wp-json\/wp\/v2\/media\/2438"}],"wp:attachment":[{"href":"https:\/\/www.greenpeace.org\/sweden\/wp-json\/wp\/v2\/media?parent=2431"}],"wp:term":[{"taxonomy":"category","embeddable":true,"href":"https:\/\/www.greenpeace.org\/sweden\/wp-json\/wp\/v2\/categories?post=2431"},{"taxonomy":"post_tag","embeddable":true,"href":"https:\/\/www.greenpeace.org\/sweden\/wp-json\/wp\/v2\/tags?post=2431"},{"taxonomy":"p4-page-type","embeddable":true,"href":"https:\/\/www.greenpeace.org\/sweden\/wp-json\/wp\/v2\/p4-page-type?post=2431"}],"curies":[{"name":"wp","href":"https:\/\/api.w.org\/{rel}","templated":true}]}}