{"id":2555,"date":"2019-04-02T14:55:15","date_gmt":"2019-04-02T13:55:15","guid":{"rendered":"https:\/\/www.greenpeace.org\/sweden\/?p=2555"},"modified":"2024-08-22T12:35:13","modified_gmt":"2024-08-22T11:35:13","slug":"oppet-brev-till-stefan-lofven","status":"publish","type":"post","link":"https:\/\/www.greenpeace.org\/sweden\/artiklar\/hav\/oppet-brev-till-stefan-lofven\/","title":{"rendered":"\u00d6ppet brev till Stefan L\u00f6fven"},"content":{"rendered":"<p><strong>\u00d6ppet brev till Stefan L\u00f6fven inf\u00f6r statsministerns bes\u00f6k vid Internationellt Arktiskt Forum i Sankt Petersburg<\/strong><\/p>\n<p><strong>Stockholm 2019-04-02<\/strong><\/p>\n<p>Hej Stefan,<br \/>\nDet har aviserats att du kommer att delta vid Internationellt Arktiskt Forum i S:t Petersburg den 9 april, d\u00e4r temat \u00e4r h\u00e5llbar tillv\u00e4xt i den arktiska regionen. Vi f\u00f6rst\u00e5r att du ska ocks\u00e5 ska ha ett bilateralt m\u00f6te med president Vladimir Putin, vilket vore en fantastisk m\u00f6jlighet att uppm\u00e4rksamma honom p\u00e5 det arbete som just nu p\u00e5g\u00e5r f\u00f6r att f\u00e5 till ett akut skydd f\u00f6r v\u00e5ra v\u00e4rldshav och d\u00e4r Rysslands roll \u00e4r oerh\u00f6rt viktig.<\/p>\n<p>Bes\u00f6ket infaller bara n\u00e5gra dagar efter den senaste rundan i FN:s f\u00f6rhandlingsprocess f\u00f6r skapandet av ett nytt regelverk f\u00f6r att skydda livet i havet, ett<strong> \u201d<\/strong><a href=\"https:\/\/www.un.org\/bbnj\/\"><em>Avtal om skydd av marin biologisk m\u00e5ngfald i omr\u00e5den utanf\u00f6r nationell jurisdiktion<\/em><\/a><strong>\u201d, <\/strong>vilket \u00e4ven kallats \u201c<strong>ett Parisavtal f\u00f6r haven<\/strong>\u201d och som kan ge v\u00e5ra hav det omfattande skydd de beh\u00f6ver.<\/p>\n<p>Avtalet syftar till att skapa ett system f\u00f6r ett storskaligt skydd av marint liv i internationellt vatten, vilket idag inte \u00e4r m\u00f6jligt, eftersom regleringen sker p\u00e5 en sektor-baserad och regional niv\u00e5.<\/p>\n<p>En stor del av den arktiska regionen best\u00e5r av just internationellt vatten \u2013 de centrala delarna av Norra Ishavet ligger utanf\u00f6r alla l\u00e4nders nationella jurisdiktion. I samband med att regionens ist\u00e4cken minskar i allt h\u00f6gre grad till f\u00f6ljd av klimatf\u00f6r\u00e4ndringarna, blir hoten mot livet i dessa k\u00e4nsliga vattnen allt mer p\u00e5tagliga. Behovet av ett starkt skydd \u00e4r d\u00e4rf\u00f6r akut.<\/p>\n<p><strong>Det \u00e4r d\u00e4rf\u00f6r fullt rimligt \u00a0att m\u00f6tet, inom ramarna\u00a0 av Internationellt Arktiskt Forum, d\u00e4r temat \u00e4r h\u00e5llbar utveckling, \u00a0inkluderar en diskussion om ett starkt global avtal f\u00f6r skydd av biologisk m\u00e5ngfald p\u00e5 internationellt vatten.<\/strong><\/p>\n<p>Till skillnad fr\u00e5n andra progressiva l\u00e4nder, har Sverige hittills varit relativt \u00e5terh\u00e5llsamma i sina diplomatiska anstr\u00e4ngningar f\u00f6r att f\u00e5 till st\u00e5nd ett starkt globalt havsavtal.<\/p>\n<p>Den 25 mars meddelade Frankrikes president Macron och Kinas president XI Jinping att de b\u00e5da l\u00e4nderna kommer att<em> &#8221;st\u00e4rka kommunikation och samarbete inom ramen f\u00f6r FN:s f\u00f6rhandlingar om ett internationellt avtal om bevarandet och h\u00e5llbart nyttjande av den marina biologiska m\u00e5ngfalden i havsomr\u00e5den utanf\u00f6r nationell jurisdiktion och aktivt bidra till avtalets slutf\u00f6rande\u201d<\/em>.<\/p>\n<p>Med sitt rykte som en f\u00f6rk\u00e4mpe f\u00f6r den marina milj\u00f6n har Sverige b\u00e4ttre f\u00f6ruts\u00e4ttningar \u00e4n m\u00e5nga andra l\u00e4nder att driva denna fr\u00e5ga. S\u00e5dana anstr\u00e4ngningar \u00e4r h\u00f6gst \u00f6nskv\u00e4rda f\u00f6r att s\u00e4kerst\u00e4lla att avtalet blir tillr\u00e4ckligt starkt.<\/p>\n<p><strong>Vi uppmanar d\u00e4rf\u00f6r dig att ta upp denna fr\u00e5ga b\u00e5de under allm\u00e4nna diskussionen i plenum p\u00e5 Internationellt Arktiskt Forum den 9 april, och i synnerhet under det bilaterala samtalet med Rysslands president Vladimir Putin.<\/strong><\/p>\n<p>Med v\u00e4nliga h\u00e4lsningar,<\/p>\n<p><strong>Frode Pleym<\/strong><br \/>\nSverigechef<\/p>\n<p><strong>Dima Litvinov<\/strong><br \/>\nKampanjledare f\u00f6r havsfr\u00e5gor<\/p>\n\t\t\t<section\n\t\t\tclass=\"boxout post-30 \"\n\t\t\t\n\t\t>\n\t\t\t<a\n\t\t\t\tdata-ga-category=\"Take Action Boxout\"\n\t\t\t\tdata-ga-action=\"Image\"\n\t\t\t\tdata-ga-label=\"n\/a\"\n\t\t\t\tclass=\"cover-card-overlay\"\n\t\t\t\thref=\"https:\/\/www.greenpeace.org\/sweden\/agera\/stod-oss\/\" \n\t\t\t><\/a>\n\t\t\t\t\t\t\t<img\n\t\t\t\t\t\tsrc=\"https:\/\/www.greenpeace.org\/static\/planet4-sweden-stateless\/2025\/05\/87a738a4-gp034ks_medium-res-1200px-1024x685.jpg\"\n\t\t\t\t\t\tsrcset=\"https:\/\/www.greenpeace.org\/static\/planet4-sweden-stateless\/2025\/05\/87a738a4-gp034ks_medium-res-1200px-300x201.jpg 300w, https:\/\/www.greenpeace.org\/static\/planet4-sweden-stateless\/2025\/05\/87a738a4-gp034ks_medium-res-1200px-1024x685.jpg 1024w, https:\/\/www.greenpeace.org\/static\/planet4-sweden-stateless\/2025\/05\/87a738a4-gp034ks_medium-res-1200px-768x514.jpg 768w, https:\/\/www.greenpeace.org\/static\/planet4-sweden-stateless\/2025\/05\/87a738a4-gp034ks_medium-res-1200px-508x340.jpg 508w, https:\/\/www.greenpeace.org\/static\/planet4-sweden-stateless\/2025\/05\/87a738a4-gp034ks_medium-res-1200px.jpg 1200w\"\n\t\t\t\t\t\tsizes=\"(min-width: 1000px) 358px, (min-width: 780px) 313px, 88px\"\n\t\t\t\t\t\talt=\"\" title=\"\"\n\t\t\t\t\/>\n            \t\t\t<div class=\"boxout-content\">\n\t\t\t\t\t\t\t\t\t<a\n\t\t\t\t\t\tclass=\"boxout-heading medium\"\n\t\t\t\t\t\tdata-ga-category=\"Take Action Boxout\"\n\t\t\t\t\t\tdata-ga-action=\"Title\"\n\t\t\t\t\t\tdata-ga-label=\"n\/a\"\n\t\t\t\t\t\thref=\"https:\/\/www.greenpeace.org\/sweden\/agera\/stod-oss\/\"\n\t\t\t\t\t\t\n\t\t\t\t\t>\n\t\t\t\t\t\tSt\u00f6d Greenpeace arbete\n\t\t\t\t\t<\/a>\n\t\t\t\t\t\t\t\t\t\t\t\t\t<p class=\"boxout-excerpt\">Vill du vara med och skapa en b\u00e4ttre v\u00e4rld f\u00f6r nuvarande och kommande generationer? Bli m\u00e5nadsgivare idag.<\/p>\n\t\t\t\t                                    <a\n                        class=\"btn btn-primary\"\n                        data-ga-category=\"Take Action Boxout\"\n                        data-ga-action=\"Call to Action\"\n                        data-ga-label=\"n\/a\"\n                        href=\"https:\/\/www.greenpeace.org\/sweden\/agera\/stod-oss\/\"\n                        \n                    >\n                        Engagera dig\n                    <\/a>\n                \t\t\t<\/div>\n\t\t\t\t\t<\/section>\n\t","protected":false},"excerpt":{"rendered":"<p>Hej Stefan, det har aviserats att du kommer att delta vid Internationellt Arktiskt Forum i S:t Petersburg den 9 april, d\u00e4r temat \u00e4r h\u00e5llbar tillv\u00e4xt i den arktiska regionen. Vi f\u00f6rst\u00e5r att du ska ocks\u00e5 ska ha ett bilateralt m\u00f6te med president Vladimir Putin, vilket vore en fantastisk m\u00f6jlighet att uppm\u00e4rksamma honom p\u00e5 det arbete som just nu p\u00e5g\u00e5r f\u00f6r att f\u00e5 till ett akut skydd f\u00f6r v\u00e5ra v\u00e4rldshav och d\u00e4r Rysslands roll \u00e4r oerh\u00f6rt viktig.<\/p>\n","protected":false},"author":22,"featured_media":2577,"comment_status":"open","ping_status":"open","sticky":false,"template":"","format":"standard","meta":{"ep_exclude_from_search":false,"p4_og_title":"","p4_og_description":"","p4_og_image":"","p4_og_image_id":"","p4_seo_canonical_url":"","p4_campaign_name":"","p4_local_project":"","p4_basket_name":"","p4_department":"","footnotes":""},"categories":[3],"tags":[30,40,46,53],"p4-page-type":[16],"class_list":["post-2555","post","type-post","status-publish","format-standard","has-post-thumbnail","hentry","category-hav","tag-marinaskyddadeomraden","tag-biodiversitet","tag-skyddaarktis","tag-svenskpolitik","p4-page-type-artiklar"],"_links":{"self":[{"href":"https:\/\/www.greenpeace.org\/sweden\/wp-json\/wp\/v2\/posts\/2555","targetHints":{"allow":["GET"]}}],"collection":[{"href":"https:\/\/www.greenpeace.org\/sweden\/wp-json\/wp\/v2\/posts"}],"about":[{"href":"https:\/\/www.greenpeace.org\/sweden\/wp-json\/wp\/v2\/types\/post"}],"author":[{"embeddable":true,"href":"https:\/\/www.greenpeace.org\/sweden\/wp-json\/wp\/v2\/users\/22"}],"replies":[{"embeddable":true,"href":"https:\/\/www.greenpeace.org\/sweden\/wp-json\/wp\/v2\/comments?post=2555"}],"version-history":[{"count":20,"href":"https:\/\/www.greenpeace.org\/sweden\/wp-json\/wp\/v2\/posts\/2555\/revisions"}],"predecessor-version":[{"id":49867,"href":"https:\/\/www.greenpeace.org\/sweden\/wp-json\/wp\/v2\/posts\/2555\/revisions\/49867"}],"wp:featuredmedia":[{"embeddable":true,"href":"https:\/\/www.greenpeace.org\/sweden\/wp-json\/wp\/v2\/media\/2577"}],"wp:attachment":[{"href":"https:\/\/www.greenpeace.org\/sweden\/wp-json\/wp\/v2\/media?parent=2555"}],"wp:term":[{"taxonomy":"category","embeddable":true,"href":"https:\/\/www.greenpeace.org\/sweden\/wp-json\/wp\/v2\/categories?post=2555"},{"taxonomy":"post_tag","embeddable":true,"href":"https:\/\/www.greenpeace.org\/sweden\/wp-json\/wp\/v2\/tags?post=2555"},{"taxonomy":"p4-page-type","embeddable":true,"href":"https:\/\/www.greenpeace.org\/sweden\/wp-json\/wp\/v2\/p4-page-type?post=2555"}],"curies":[{"name":"wp","href":"https:\/\/api.w.org\/{rel}","templated":true}]}}