{"id":2847,"date":"2019-05-04T17:46:04","date_gmt":"2019-05-04T16:46:04","guid":{"rendered":"https:\/\/www.greenpeace.org\/sweden\/?p=2847"},"modified":"2023-02-22T13:48:01","modified_gmt":"2023-02-22T12:48:01","slug":"brandtal-varlden-star-infor-globala-utmaningar-globala-utmaningar-kraver-globala-svar","status":"publish","type":"post","link":"https:\/\/www.greenpeace.org\/sweden\/artiklar\/klimat\/brandtal-varlden-star-infor-globala-utmaningar-globala-utmaningar-kraver-globala-svar\/","title":{"rendered":"Brandtal: V\u00e4rlden st\u00e5r inf\u00f6r globala utmaningar &#8211; globala utmaningar kr\u00e4ver globala svar"},"content":{"rendered":"<p><strong>Den 4 maj anordnar Klimatriksdagen, tillsammans med Debaser, We Don\u2019t Have Time och F\u00f6r\u00e4ldravr\u00e5let en heldag om EU-valet och klimatfr\u00e5gan. F\u00f6ljande text \u00e4r Lina Burnelius brandtal i sin helhet.<\/strong><\/p>\n<p><img loading=\"lazy\" decoding=\"async\" class=\"alignnone wp-image-2838 size-large\" src=\"https:\/\/www.greenpeace.org\/static\/planet4-sweden-stateless\/2019\/05\/e8cb8b1b-eu_ro\u0308sta-1024x576.png\" alt=\"\" width=\"1024\" height=\"576\" srcset=\"https:\/\/www.greenpeace.org\/static\/planet4-sweden-stateless\/2019\/05\/e8cb8b1b-eu_ro\u0308sta-1024x576.png 1024w, https:\/\/www.greenpeace.org\/static\/planet4-sweden-stateless\/2019\/05\/e8cb8b1b-eu_ro\u0308sta-300x169.png 300w, https:\/\/www.greenpeace.org\/static\/planet4-sweden-stateless\/2019\/05\/e8cb8b1b-eu_ro\u0308sta-768x432.png 768w, https:\/\/www.greenpeace.org\/static\/planet4-sweden-stateless\/2019\/05\/e8cb8b1b-eu_ro\u0308sta-510x287.png 510w, https:\/\/www.greenpeace.org\/static\/planet4-sweden-stateless\/2019\/05\/e8cb8b1b-eu_ro\u0308sta.png 1366w\" sizes=\"auto, (max-width: 1024px) 100vw, 1024px\" \/><\/p>\n<p>V\u00e4rlden st\u00e5r inf\u00f6r globala utmaningar &#8211; globala utmaningar kr\u00e4ver globala svar.<\/p>\n<p>Det \u00e4r d\u00e4rf\u00f6r EU-valet \u00e4r s\u00e5 viktigt, och det \u00e4r h\u00e4r du kommer in som en viktig del av l\u00f6sningen.<\/p>\n<p>EU \u00e4r en m\u00e4ktig global r\u00f6st. Det kommer unionen vara oberoende vilka som blir invalda. Det \u00e4r allts\u00e5 upp till oss att se till att de m\u00e4nniskor som f\u00f6rtj\u00e4nar s\u00e5dan makt, ocks\u00e5 \u00e4r dem som kommer besitta den, i och med att de blir ledam\u00f6ter i EU-parlamentet.<\/p>\n<p>Enligt FN:s klimatpanel m\u00e5ste vi genomf\u00f6ra snabba, l\u00e5ngtg\u00e5ende f\u00f6r\u00e4ndringar i alla delar av samh\u00e4llet om vi vill lyckas h\u00e5lla den globala uppv\u00e4rmningen till 1.5 graders uppv\u00e4rmning.<\/p>\n<p>Missar vi 1.5\u00b0C m\u00e5let f\u00e5r vi o\u00e5terkalleliga f\u00f6r\u00e4ndringar av klimatet &#8211; p\u00e5 den enda planet vi har. Vi m\u00e5ste v\u00e4lja r\u00e4tt v\u00e4g &#8211; i tid. R\u00e4tt v\u00e4g f\u00f6r sent, \u00e4r fel v\u00e4g att g\u00e5.<\/p>\n<p>De beslut som Europaparlamentet kommer att fatta under kommande mandatperiod \u00e4r s\u00e5ledes avg\u00f6rande.<\/p>\n<p>Klimatf\u00f6r\u00e4ndringarnas effekter \u00e4r det st\u00f6rsta hotet mot j\u00e4mst\u00e4lldhet, j\u00e4mlikhet, v\u00e5r s\u00e4kerhet och v\u00e5r v\u00e4lf\u00e4rd.<\/p>\n<p>Vi beh\u00f6ver ett EU som bedriver den klimat- och milj\u00f6politik som v\u00e4nder denna utvecklingen i tid &#8211; och s\u00e5ledes s\u00e4krar att m\u00e4nniskor kan leva fullv\u00e4rdiga liv inom naturens och planetens ramar.<\/p>\n<p>Vi beh\u00f6ver med andra ord ett EU som s\u00e4tter klimatet, klimatr\u00e4ttvisa och verklig h\u00e5llbarhet fr\u00e4mst. Social, ekologisk och ekonomisk h\u00e5llbar utveckling \u00e4r m\u00f6jlig.<\/p>\n<p>Vi st\u00e5r inf\u00f6r ett v\u00e4gval.<\/p>\n<p>Antingen s\u00e5 f\u00e5r vi ett EU vars politik inneb\u00e4r att n\u00e5gra f\u00e5 m\u00e4nniskor forts\u00e4tter att g\u00e5 med miljardvinst p\u00e5 bekostad av alla oss andra, via dess enorma utsl\u00e4pp.<\/p>\n<p>Ett EU som forts\u00e4tter \u00f6vertrassera sin koldioxidbudget.<\/p>\n<p>Ett EU som forts\u00e4tter l\u00e5na av framtidens generationer &#8211; fast ungdomarna s\u00e4ger ifr\u00e5n!<\/p>\n<p>Ett EU som st\u00e5r f\u00f6r sm\u00e5 ytliga f\u00f6r\u00e4ndringar inom ett oh\u00e5llbart och or\u00e4ttvist system: f\u00f6r att de sitter i kn\u00e4t p\u00e5 bolag som tj\u00e4nar pengar p\u00e5 att EU l\u00e5ter falska klimatl\u00f6sning f\u00e5 f\u00e4ste:<\/p>\n<ul>\n<li><em>Nedbrytbar<\/em> eng\u00e5ngsplast,<\/li>\n<li><em>klimatkompenserat<\/em> flyg,<\/li>\n<li><em>s\u00e4ker<\/em> k\u00e4rnkraft,<\/li>\n<li>certifierat s\u00e5ledes <em>h\u00e5llbart<\/em> skogsbruk,<\/li>\n<li><em>MSC-m\u00e4rkt<\/em> fiske,<\/li>\n<li><em>effektiviserat<\/em> jordbruk,<\/li>\n<li><em>ofarliga<\/em> kemikalier<\/li>\n<li>och senast i raden <em>h\u00e5llbara biobr\u00e4nslen<\/em> som f\u00f6rbr\u00e4nns.<\/li>\n<\/ul>\n<p>En f\u00e4rsk FN-rapport \u00e4r s\u00e5 kritisk till just biobr\u00e4nslen och likst\u00e4ller det med: en falsk l\u00f6sning till klimathotet. Och skriver s\u00e5h\u00e4r: Markytan som beh\u00f6vs f\u00f6r att odla allt biobr\u00e4nsle kommer f\u00f6rst\u00f6ra f\u00f6r matproduktion och stoppa det n\u00f6dv\u00e4ndiga skyddet och \u00e5terskapandet av naturomr\u00e5den som m\u00e4nskligheten beh\u00f6ver f\u00f6r sin \u00f6verlevnad.<\/p>\n<p>M\u00e4nniskan har redan genomf\u00f6rt \u201dallvarliga f\u00f6r\u00e4ndringar\u201d p\u00e5 tre fj\u00e4rdedelar av planetens landyta, i 40 procent av v\u00e5ra v\u00e4rldshav och i h\u00e4lften av vattendragen p\u00e5 land. Det h\u00e4r m\u00e5ste f\u00e5 ett slut.<\/p>\n<p>Forskning \u00e4r tydlig: Tiden f\u00f6r alla typer av &#8221;slit och sl\u00e4ng&#8221;-eng\u00e5ngsartiklar och alla typer av drivmedel som f\u00f6rbr\u00e4nns, p\u00e5 land och i luften &#8211; den \u00e4r f\u00f6rbi. Vi m\u00e5ste b\u00f6rja st\u00e4lla om.<\/p>\n<p>Och nej, inte heller k\u00e4rnkraft \u00e4r ett alternativ. Det \u00e4r ur s\u00e4kerhetssynpunkt och ekonomisk synpunkt ett ot\u00e4nkbart alternativ. Vi har helt enkelt inte tid, pengar, eller v\u00e4xthusgasbudget kvar att l\u00e4gga p\u00e5 att bygga ut k\u00e4rnkraften &#8211; om vi g\u00f6r det, d\u00e5 l\u00e4gger vi pengar p\u00e5 n\u00e5got som \u00e4r os\u00e4kert -samtidigt som vi missar vi 1,5 gradersm\u00e5let.<\/p>\n<p>L\u00e5t oss ist\u00e4llet investera i n\u00e5got som har l\u00e4gre p\u00e5verkan, kostar mindre pengar, samtidigt som det \u00e4r mer effektivt, n\u00e4mligen: havsbaserad vind och solkraft.<\/p>\n<p>F\u00f6r det g\u00e5r att v\u00e4lja den andra v\u00e4gen: Ett inkluderande och klimatsmart EU som erk\u00e4nner kopplingen mellan j\u00e4mlikhet och h\u00e5llbarhet. Som erk\u00e4nner kopplingen mellan skydd av biologisk m\u00e5ngfald och minskade klimatf\u00f6r\u00e4ndringar.<\/p>\n<p>Vi vet vad vi m\u00e5ste g\u00f6ra. Vi m\u00e5ste drastiskt minska alla typer av v\u00e4xthusgasutsl\u00e4pp. Och samtidigt minska m\u00e4ngden Co2 som redan finns i atmosf\u00e4ren, och s\u00e5ledes v\u00e4lja en politik som g\u00f6r att det sker.<\/p>\n<p>Eftersom utsl\u00e4ppen inte minskar i den takt som beh\u00f6vs s\u00e5 blir de redan fungerade s\u00e4tten att lagra och s\u00e4nka m\u00e4ngden koldioxid i atmosf\u00e4ren allt viktigare.<\/p>\n<p>Forskningsv\u00e4rlden har upprepat det om och om igen: Ingenting g\u00f6r klimatet en st\u00f6rre tj\u00e4nst \u00e4n natur som \u00e4r skyddad fr\u00e5n m\u00e4nskliga ingrepp.<\/p>\n<p>Vi beh\u00f6ver d\u00e4rf\u00f6r skydda mer natur, det vill s\u00e4ga ge f\u00f6ruts\u00e4ttningar f\u00f6r friska ekosystem p\u00e5 land och i vatten att blomstra, att uppr\u00e4tth\u00e5lla biologisk m\u00e5ngfald av liv &#8211; f\u00f6r d\u00e5 lagras kol \u2013 det h\u00e4r \u00e4r v\u00e5r enkla naturliga l\u00f6sning till klimatkrisen.<\/p>\n<p>S\u00e5 v\u00e4lj nu politiker som tex vill skydda den sista gammelskogen, inte avverka den som en del av en falsk klimatl\u00f6sning.<\/p>\n<p>Biologisk m\u00e5ngfald &#8211; en m\u00e5ngfald av liv &#8211; \u00e4r ocks\u00e5 f\u00f6rr\u00e4ttningen f\u00f6r allt liv, inklusive ditt och mitt.<\/p>\n<p>S\u00e5 om vi ska r\u00e4dda v\u00e5ra liv, andras liv och planeten liv &#8211; d\u00e5 ska vi allts\u00e5 v\u00e4lja redan fungerande l\u00f6sningar och svar, vilka alla \u00e4r billigare och effektivare.<\/p>\n<p>Vi beh\u00f6ver politik som leder till en r\u00e4ttvis v\u00e4rld, kort sagt en v\u00e4rld d\u00e4r v\u00e5ra barn m\u00e5r bra, och d\u00e4r de har tilltro till vuxenv\u00e4rlden och sin framtid.<\/p>\n<p>F\u00f6rest\u00e4ll er en v\u00e4rld d\u00e4r d\u00e4r 30 procent av v\u00e4rldens hav \u00e4r skyddade, d\u00e4r Europas hav \u00e4r friska och dess medlemsl\u00e4nder s\u00e4tter fiskekvoter baserat p\u00e5 forskning. Ett Europa som bara avverkar 80 procent av sina skogar p\u00e5 ett h\u00e5llbart s\u00e4tt, f\u00f6r att tillverka l\u00e5nglivade klimatsmarta produkter, bland annat m\u00f6bler, solceller och hus till h\u00e5llbara gr\u00f6na st\u00e4der.<\/p>\n<p>\u00c5r 2050 kommer ca 66 procent av v\u00e4rldens befolkning bo i st\u00e4der. St\u00e4der kan bli en k\u00e4lla till l\u00f6sningar, snarare \u00e4n orsaken till m\u00e5nga av de utmaningar som v\u00e5r v\u00e4rld st\u00e5r inf\u00f6r idag. D\u00e5 m\u00e5ste de blir v\u00e4lplanerade, inkluderande och v\u00e4lsk\u00f6tta:<\/p>\n<p>Se framf\u00f6r er: ett samh\u00e4lle d\u00e4r cykeln, kollektiva l\u00f6sningar och elfordon premieras, d\u00e4r t\u00e4tortsn\u00e4ra natur \u00e4r skyddad och tillg\u00e4nglig. Vi \u00e4r en v\u00e4xande grupp utbr\u00e4nda m\u00e4nniskor p\u00e5 en snart utbr\u00e4nd planet: Man m\u00e5r bra av vistas i naturen och se gr\u00f6nska.<\/p>\n<p>I samma samh\u00e4lle kommer energin fr\u00e5n sol, vind och vatten, och d\u00e4r barns leksaker och allas kl\u00e4der \u00e4r fri fr\u00e5n kemikalier.<\/p>\n<p>Veganskt \u00e4r norm varje g\u00e5ng staten betalar f\u00f6r det som \u00e4r p\u00e5 tallriken, allt detta medan v\u00e5ra pensionspengar investeras i h\u00f6ghastighetst\u00e5g i Sverige och natt\u00e5g till Europa.<\/p>\n<p>Vi reser allts\u00e5 v\u00e4xthusgasfritt medan de med allra st\u00f6rst pl\u00e5nbok &#8211; och makt &#8211; staten och bolagen investeringar h\u00e5llbart.<\/p>\n<p>Detta \u00e4r inte fantasier, detta \u00e4r politik.<\/p>\n<p>V\u00e4l f\u00f6rankrat i vetenskap och fullt m\u00f6jligt &#8211; om VI r\u00f6star r\u00e4tt.<\/p>\n<p>Klimatet bryr sig inte om nationsgr\u00e4nser, det g\u00f6r m\u00f6jligheten att r\u00f6sta bortom just nationsgr\u00e4nser till s\u00e5 obeskrivligt viktig.<\/p>\n<p>Och det \u00e4r vi som m\u00e5ste \u201cuse our voice\u201d &#8211; f\u00f6r att det h\u00e4r ska bli sanning.<\/p>\n<p>Och det \u00e4r vi som st\u00e5r inf\u00f6r ett v\u00e4gval.<\/p>\n<p>Vilka \u00e4r vi?<\/p>\n<p>Vi h\u00e4r, som har minst en sak gemensamt &#8211; s\u00e4rskilt viktigt i en orolig tid med h\u00f6gerextremism och nationalism p\u00e5 frammarsch.<\/p>\n<p>Vi \u00e4r alla r\u00f6stber\u00e4ttigade.<\/p>\n<p>Ytterligare en sak som f\u00f6renar oss: vi \u00e4r inte 16 \u00e5r, utan chans att r\u00f6sta, och med stark r\u00e4dsla f\u00f6r v\u00e5r framtid.<\/p>\n<p>Hur skriver jag ett tillr\u00e4ckligt bra tal p\u00e5 ett event som heter \u201cUse our vice\u201d n\u00e4r alla jag talar inf\u00f6r \u201cst\u00e5r inf\u00f6r ett v\u00e4gsk\u00e4l och tiden samtidigt \u00e4r skr\u00e4mmande knapp\u201d? Jag vet inte det.<\/p>\n<p>Men jag vet att vi egentligen inte beh\u00f6ver mer ord, inte heller fler perfekta tal, eftersom allt det som beh\u00f6ver s\u00e4gas redan har sagts:<\/p>\n<h6>Jane Goodall sa:<\/h6>\n<p style=\"padding-left: 40px;\">The greatest danger to our future is apathy. What you do makes a difference, and you have to decide what kind of difference you want to make.<\/p>\n<h6>Emma Watson sa:<\/h6>\n<p style=\"padding-left: 40px;\">If an opportunity are presented to you, I hope that these words will be helpful: If not me, who? If not know, When?<\/p>\n<h6>Maja 8 \u00e5r sa:<\/h6>\n<p style=\"padding-left: 40px;\">Kanske om vi f\u00f6rklarar f\u00f6r honom att det \u00e4r p\u00e5grund av olja som Arktis sm\u00e4lter &#8211; d\u00e5 kanske han inte vill h\u00e4mta mer olja som innan var g\u00f6md av isen?<\/p>\n<h6>Great Tunberg s\u00e4ger:<\/h6>\n<p style=\"padding-left: 40px;\">Let\u2019s unite behind the science.<\/p>\n<h6>Och David Attenborough s\u00e4ger:<\/h6>\n<p style=\"padding-left: 40px;\">The one thing we all have to do, is in a way witch cover all aspects of our life: it simply not to waste: don&#8217;t waste plastics, don\u2019t waste food, don&#8217;t waste power.<\/p>\n<div class=\"EmptyMessage\">Block content is empty. Check the block&#8217;s settings or remove it.<\/div>","protected":false},"excerpt":{"rendered":"<p>Den 4 maj anordnar Klimatriksdagen, tillsammans med Debaser, We Don\u2019t Have Time och F\u00f6r\u00e4ldravr\u00e5let en heldag om EU-valet och klimatfr\u00e5gan. F\u00f6ljande text \u00e4r Lina Burnelius brandtal i sin helhet. V\u00e4rlden&hellip;<\/p>\n","protected":false},"author":34,"featured_media":2838,"comment_status":"open","ping_status":"open","sticky":false,"template":"","format":"standard","meta":{"ep_exclude_from_search":false,"p4_og_title":"","p4_og_description":"","p4_og_image":"","p4_og_image_id":"","p4_seo_canonical_url":"","p4_campaign_name":"","p4_local_project":"","p4_basket_name":"","p4_department":"","footnotes":""},"categories":[2],"tags":[23,31],"p4-page-type":[16],"class_list":["post-2847","post","type-post","status-publish","format-standard","has-post-thumbnail","hentry","category-klimat","tag-globaluppvarmning","tag-aktivism","p4-page-type-artiklar"],"_links":{"self":[{"href":"https:\/\/www.greenpeace.org\/sweden\/wp-json\/wp\/v2\/posts\/2847","targetHints":{"allow":["GET"]}}],"collection":[{"href":"https:\/\/www.greenpeace.org\/sweden\/wp-json\/wp\/v2\/posts"}],"about":[{"href":"https:\/\/www.greenpeace.org\/sweden\/wp-json\/wp\/v2\/types\/post"}],"author":[{"embeddable":true,"href":"https:\/\/www.greenpeace.org\/sweden\/wp-json\/wp\/v2\/users\/34"}],"replies":[{"embeddable":true,"href":"https:\/\/www.greenpeace.org\/sweden\/wp-json\/wp\/v2\/comments?post=2847"}],"version-history":[{"count":20,"href":"https:\/\/www.greenpeace.org\/sweden\/wp-json\/wp\/v2\/posts\/2847\/revisions"}],"predecessor-version":[{"id":55119,"href":"https:\/\/www.greenpeace.org\/sweden\/wp-json\/wp\/v2\/posts\/2847\/revisions\/55119"}],"wp:featuredmedia":[{"embeddable":true,"href":"https:\/\/www.greenpeace.org\/sweden\/wp-json\/wp\/v2\/media\/2838"}],"wp:attachment":[{"href":"https:\/\/www.greenpeace.org\/sweden\/wp-json\/wp\/v2\/media?parent=2847"}],"wp:term":[{"taxonomy":"category","embeddable":true,"href":"https:\/\/www.greenpeace.org\/sweden\/wp-json\/wp\/v2\/categories?post=2847"},{"taxonomy":"post_tag","embeddable":true,"href":"https:\/\/www.greenpeace.org\/sweden\/wp-json\/wp\/v2\/tags?post=2847"},{"taxonomy":"p4-page-type","embeddable":true,"href":"https:\/\/www.greenpeace.org\/sweden\/wp-json\/wp\/v2\/p4-page-type?post=2847"}],"curies":[{"name":"wp","href":"https:\/\/api.w.org\/{rel}","templated":true}]}}