{"id":2917,"date":"2019-05-10T00:10:46","date_gmt":"2019-05-09T23:10:46","guid":{"rendered":"https:\/\/www.greenpeace.org\/sweden\/?p=2917"},"modified":"2023-02-23T10:21:57","modified_gmt":"2023-02-23T09:21:57","slug":"darfor-behover-sverige-utlysa-klimatnodlage","status":"publish","type":"post","link":"https:\/\/www.greenpeace.org\/sweden\/artiklar\/klimat\/darfor-behover-sverige-utlysa-klimatnodlage\/","title":{"rendered":"D\u00e4rf\u00f6r beh\u00f6ver Sverige utlysa klimatn\u00f6dl\u00e4ge"},"content":{"rendered":"<p><strong>Vi befinner oss i ett kritiskt \u00f6gonblick i v\u00e4rldshistorien. Om vi inte agerar kraftfullt mot den skenande klimatkrisen kommer vi att f\u00f6rlora kampen om v\u00e5r framtid.<\/strong><\/p>\n<p>Utsl\u00e4ppsminskningar kan inte l\u00e4ngre vara en avv\u00e4gningsfr\u00e5ga, utan en sj\u00e4lvklar prioritet d\u00e5 v\u00e4xthusgasutsl\u00e4ppen snabbt m\u00e5ste minska till noll. Det \u00e4r tydligt att v\u00e5ra politiker k\u00f6rt fast i klimatfr\u00e5gan, vilket inneb\u00e4r att vi m\u00e5ste skapa nya f\u00f6ruts\u00e4ttningar&nbsp;f\u00f6r att m\u00f6jligg\u00f6ra de klimat\u00e5tg\u00e4rder som kr\u00e4vs. Riksdag, regering och kommuner m\u00e5ste lyssna till de krav som st\u00e4lls fr\u00e5n allt fler organisationer om behovet att utlysa klimatn\u00f6dl\u00e4ge.<\/p>\n<h4>Vad menas med Klimatn\u00f6dl\u00e4ge?<\/h4>\n<p>Att utlysa klimatn\u00f6dl\u00e4ge skulle inneb\u00e4ra att vi som samh\u00e4lle kan b\u00f6rja behandla klimatkrisen som den kris den \u00e4r. Det ska inte ses som en symbolisk handling utan som katalysator f\u00f6r kraftfulla klimat\u00e5tg\u00e4rder. Det beh\u00f6ver motsvara ett sorts \u00f6kat beredskapsl\u00e4ge eller nationellt \u201cstabsl\u00e4ge\u201d, d\u00e4r vi p\u00e5 alla niv\u00e5er snabbt kan genomf\u00f6ra de klimat\u00e5tg\u00e4rder som kr\u00e4vs, mobilisera n\u00f6dv\u00e4ndiga resurser och undanr\u00f6ja hinder f\u00f6r dessa. R\u00e4tt m\u00e5ls\u00e4ttningar f\u00f6r utsl\u00e4ppsminskningarna \u00e4r n\u00f6dv\u00e4ndigt men de m\u00e5ste ocks\u00e5 f\u00f6ljas av tillr\u00e4ckliga \u00e5tg\u00e4rder s\u00e5 att de faktiskt uppn\u00e5s.<\/p>\n<p><img loading=\"lazy\" decoding=\"async\" class=\"alignnone wp-image-2941 size-large\" src=\"https:\/\/www.greenpeace.org\/static\/planet4-sweden-stateless\/2019\/05\/e59f47d8-gp0str9ex_pressmedia-1024x683.jpg\" alt=\"Climate March at the UN Climate Conference COP23 in Bonn. \u00a9 Greenpeace\" width=\"1024\" height=\"683\" srcset=\"https:\/\/www.greenpeace.org\/static\/planet4-sweden-stateless\/2019\/05\/e59f47d8-gp0str9ex_pressmedia-1024x683.jpg 1024w, https:\/\/www.greenpeace.org\/static\/planet4-sweden-stateless\/2019\/05\/e59f47d8-gp0str9ex_pressmedia-300x200.jpg 300w, https:\/\/www.greenpeace.org\/static\/planet4-sweden-stateless\/2019\/05\/e59f47d8-gp0str9ex_pressmedia-768x512.jpg 768w, https:\/\/www.greenpeace.org\/static\/planet4-sweden-stateless\/2019\/05\/e59f47d8-gp0str9ex_pressmedia-2048x1366.jpg 2048w, https:\/\/www.greenpeace.org\/static\/planet4-sweden-stateless\/2019\/05\/e59f47d8-gp0str9ex_pressmedia-510x340.jpg 510w\" sizes=\"auto, (max-width: 1024px) 100vw, 1024px\" \/><\/p>\n<p>H\u00e4r \u00e4r n\u00e5gra av de grundl\u00e4ggande klimatf\u00f6rb\u00e4ttrande \u00e5tg\u00e4rder som Greenpeace anser \u00e4r avg\u00f6rande f\u00f6r att Sverige ska ha en chans att hamna i linje med 1,5-gradersm\u00e5let men som politiken hittills inte lyckats genomf\u00f6ra:<\/p>\n<p><strong>1. U<\/strong><strong>pph\u00f6r med det som orsakat problemet&nbsp; &nbsp; <\/strong><\/p>\n<p>Klimatskadliga subventioner m\u00e5ste fasas ut snarast. Finanssektorn, inklusive statliga akt\u00f6rer s\u00e5 som AP-fonderna, m\u00e5ste g\u00e5 fr\u00e5n att vara en del av problemet till att bli en del av l\u00f6sningen, annars kommer vi aldrig att n\u00e5 klimatm\u00e5len. Genom finansiering av och investeringar i v\u00e4rldens fossila energisektor undergr\u00e4ver svensk finanssektor de klimat\u00e5tg\u00e4rder vi vidtar p\u00e5 hemmaplan. Vi beh\u00f6ver ett stoppdatum f\u00f6r f\u00f6rs\u00e4ljning av nya fordon med f\u00f6rbr\u00e4nningsmotorer och \u00e4ven f\u00f6r f\u00f6rs\u00e4ljning av fossila br\u00e4nslen som s\u00e5dana.<\/p>\n<p><strong>2. S\u00e4tt stopp f\u00f6r det som f\u00f6rv\u00e4rrar krisen<\/strong><br \/>\nV\u00e5rt politiska system m\u00e5ste se till att avsluta alla stora p\u00e5g\u00e5ende och planerade projekt som kommer att leda till h\u00f6gre klimatutsl\u00e4pp och som l\u00e5ser in oss i ett l\u00e5ngsiktigt fossilberoende, som expansioner eller nybyggnationer av flygplatser, nya motorv\u00e4gar och annan infrastruktur f\u00f6r fossil energi. V\u00e5r \u00f6verkonsumtion av naturens resurser m\u00e5ste upph\u00f6ra och samh\u00e4llet m\u00e5ste anpassas till en h\u00e5llbar och cirkul\u00e4r ekonomi och grundl\u00e4ggande missf\u00f6rh\u00e5llanden som m\u00e5l om konstant \u00f6kad tillv\u00e4xt m\u00e5ste \u00f6verges.<\/p>\n<p><strong>3. Storsatsning p\u00e5 l\u00f6sningarna<\/strong><br \/>\nEn global omst\u00e4llning till 100 procent h\u00e5llbar f\u00f6rnybar energi \u00e4r nyckeln till att l\u00f6sa klimatkrisen. Sverige har goda f\u00f6ruts\u00e4ttningar till ett h\u00e5llbart energisystem fritt fr\u00e5n smutsiga fossila br\u00e4nslen och farlig k\u00e4rnkraft, och b\u00e4r d\u00e4rmed ett ansvar att vara p\u00e5drivande i denna utveckling. D\u00e4rf\u00f6r b\u00f6r m\u00e5let f\u00f6r nettonollutsl\u00e4pp sk\u00e4rpas till 2030. Vi beh\u00f6ver \u00e4ven st\u00e4lla om jordbruket snarast och l\u00e5ta det vara en del av l\u00f6sningen ist\u00e4llet f\u00f6r problemet. Dessutom m\u00e5ste vi \u00e5terskapa naturliga kols\u00e4nkor genom att skydda och restaurera skogar och v\u00e5tmarker. Genom att restaurera ist\u00e4llet f\u00f6r att plundra v\u00e5ra skogar och hav blir de centrala delar i att r\u00e4dda oss fr\u00e5n b\u00e5de klimatkris och kollapsande ekosystem.<\/p>\n<p><strong>Vi befinner oss i en kris. Men det \u00e4r \u00e4nnu inte f\u00f6r sent. <\/strong><strong>Det \u00e4r dags f\u00f6r v\u00e5ra politiker att agera i enlighet med det och utlys<\/strong><strong>a klimatn\u00f6dl\u00e4ge.<\/strong><\/p>\n<p style=\"text-align: left; padding-left: 40px;\">Andra organisationer som ocks\u00e5 kr\u00e4ver<br \/>\natt politikerna utlyser klimatn\u00f6dl\u00e4ge:<\/p>\n<ul>\n<li style=\"list-style-type: none;\">\n<ul>\n<li style=\"text-align: left;\"><a href=\"https:\/\/www.sydsvenskan.se\/2019-03-20\/vi-vadjar-till-malmos-politiker-att-utlysa-ett-klimatnodlage\">Extinction Rebellion<\/a><\/li>\n<li style=\"text-align: left;\"><a href=\"http:\/\/www.mynewsdesk.com\/se\/klimatsverige\/pressreleases\/global-strike-for-future-24-maj-i-stockholm-sverige-vaerlden-2869423\">Fridays For Future<\/a><\/li>\n<\/ul>\n<\/li>\n<\/ul>\n<p><em>P.S. <\/em><\/p>\n<p><em>Den svenska milj\u00f6r\u00f6relsen skapade tidigare i \u00e5r en <\/em><em><a href=\"https:\/\/www.naturskyddsforeningen.se\/sites\/default\/files\/dokument-media\/190315_-_klimatrorelsens_checklista_for_den_klimatpolitiska_handlingsplanen.pdf\">checklista<\/a> <\/em><em>inf\u00f6r Sveriges kommande klimathandlingsplan med vad den b\u00f6r inneh\u00e5lla f\u00f6r att s\u00e4tta Sverige p\u00e5 en kurs mot att m\u00f6ta sina \u00e5taganden enligt Parisavtalet. D.S<\/em><\/p>\n","protected":false},"excerpt":{"rendered":"<p>Vi befinner oss i ett kritiskt \u00f6gonblick i v\u00e4rldshistorien. Om vi inte agerar kraftfullt mot den skenande klimatkrisen kommer vi att f\u00f6rlora kampen om v\u00e5r framtid. Utsl\u00e4ppsminskningar kan inte l\u00e4ngre&hellip;<\/p>\n","protected":false},"author":25,"featured_media":2941,"comment_status":"open","ping_status":"open","sticky":false,"template":"","format":"standard","meta":{"ep_exclude_from_search":false,"p4_og_title":"","p4_og_description":"","p4_og_image":"","p4_og_image_id":"","p4_seo_canonical_url":"","p4_campaign_name":"","p4_local_project":"","p4_basket_name":"","p4_department":"","footnotes":""},"categories":[2],"tags":[23,25,53],"p4-page-type":[16],"class_list":["post-2917","post","type-post","status-publish","format-standard","has-post-thumbnail","hentry","category-klimat","tag-globaluppvarmning","tag-hallbarenergi","tag-svenskpolitik","p4-page-type-artiklar"],"_links":{"self":[{"href":"https:\/\/www.greenpeace.org\/sweden\/wp-json\/wp\/v2\/posts\/2917","targetHints":{"allow":["GET"]}}],"collection":[{"href":"https:\/\/www.greenpeace.org\/sweden\/wp-json\/wp\/v2\/posts"}],"about":[{"href":"https:\/\/www.greenpeace.org\/sweden\/wp-json\/wp\/v2\/types\/post"}],"author":[{"embeddable":true,"href":"https:\/\/www.greenpeace.org\/sweden\/wp-json\/wp\/v2\/users\/25"}],"replies":[{"embeddable":true,"href":"https:\/\/www.greenpeace.org\/sweden\/wp-json\/wp\/v2\/comments?post=2917"}],"version-history":[{"count":20,"href":"https:\/\/www.greenpeace.org\/sweden\/wp-json\/wp\/v2\/posts\/2917\/revisions"}],"predecessor-version":[{"id":55225,"href":"https:\/\/www.greenpeace.org\/sweden\/wp-json\/wp\/v2\/posts\/2917\/revisions\/55225"}],"wp:featuredmedia":[{"embeddable":true,"href":"https:\/\/www.greenpeace.org\/sweden\/wp-json\/wp\/v2\/media\/2941"}],"wp:attachment":[{"href":"https:\/\/www.greenpeace.org\/sweden\/wp-json\/wp\/v2\/media?parent=2917"}],"wp:term":[{"taxonomy":"category","embeddable":true,"href":"https:\/\/www.greenpeace.org\/sweden\/wp-json\/wp\/v2\/categories?post=2917"},{"taxonomy":"post_tag","embeddable":true,"href":"https:\/\/www.greenpeace.org\/sweden\/wp-json\/wp\/v2\/tags?post=2917"},{"taxonomy":"p4-page-type","embeddable":true,"href":"https:\/\/www.greenpeace.org\/sweden\/wp-json\/wp\/v2\/p4-page-type?post=2917"}],"curies":[{"name":"wp","href":"https:\/\/api.w.org\/{rel}","templated":true}]}}