{"id":3043,"date":"2019-05-13T16:07:33","date_gmt":"2019-05-13T15:07:33","guid":{"rendered":"https:\/\/www.greenpeace.org\/sweden\/?p=3043"},"modified":"2023-02-23T10:23:21","modified_gmt":"2023-02-23T09:23:21","slug":"forsta-stoppet-arktis","status":"publish","type":"post","link":"https:\/\/www.greenpeace.org\/sweden\/artiklar\/hav\/forsta-stoppet-arktis\/","title":{"rendered":"F\u00f6rsta stoppet: Arktis"},"content":{"rendered":"<p><strong>F\u00f6rsta stoppet p\u00e5 v\u00e5r expedition fr\u00e5n pol till pol \u00e4r i Arktis. F\u00e5 platser p\u00e5verkas lika mycket av klimatf\u00f6r\u00e4ndringarna som Nordpolen och det har allvarliga konsekvenser f\u00f6r livet i och omkring havet.<\/strong><\/p>\n<p><img loading=\"lazy\" decoding=\"async\" class=\"size-full wp-image-3050\" src=\"https:\/\/www.greenpeace.org\/static\/planet4-sweden-stateless\/2019\/05\/e301e50c-gp0stt9w4.jpg\" alt=\"Protect the Oceans Expedition - Arctic Leg. \u00a9 Christian \u00c5slund \/ Greenpeace\" width=\"1200\" height=\"674\" srcset=\"https:\/\/www.greenpeace.org\/static\/planet4-sweden-stateless\/2019\/05\/e301e50c-gp0stt9w4.jpg 1200w, https:\/\/www.greenpeace.org\/static\/planet4-sweden-stateless\/2019\/05\/e301e50c-gp0stt9w4-300x169.jpg 300w, https:\/\/www.greenpeace.org\/static\/planet4-sweden-stateless\/2019\/05\/e301e50c-gp0stt9w4-768x431.jpg 768w, https:\/\/www.greenpeace.org\/static\/planet4-sweden-stateless\/2019\/05\/e301e50c-gp0stt9w4-1024x575.jpg 1024w, https:\/\/www.greenpeace.org\/static\/planet4-sweden-stateless\/2019\/05\/e301e50c-gp0stt9w4-510x286.jpg 510w\" sizes=\"auto, (max-width: 1200px) 100vw, 1200px\" \/><\/p>\n<p><span style=\"font-weight: 400;\">I mitten av april b\u00f6rjade <\/span><span style=\"font-weight: 400;\">en n\u00e4stan ett \u00e5r l\u00e5ng skeppsexpedition fr\u00e5n Nordpolen till Sydpolen, f\u00f6r att belysa de akuta hot v\u00e5ra v\u00e4rldshav m\u00f6ter. I Arktis, ska ett team av forskare unders\u00f6ka hur klimatf\u00f6r\u00e4ndringarna p\u00e5verkar denna s\u00e5rbara region. Vi vet lite idag om hur havsisens avsm\u00e4ltning p\u00e5verkar ekosystemen. Genom att utf\u00f6ra forskning och f\u00e5 mer kunskap kan vi ta b\u00e4ttre beslut om hur v\u00e5ra hav kan f\u00e5 n\u00f6dv\u00e4ndig skydd.<\/span><\/p>\n<p><em>Kolla in tre framg\u00e5ngshistorier om havsreservat \u2013 du hittar videon l\u00e4ngst ner i artikeln, eller genom att klicka <a href=\"https:\/\/www.youtube.com\/watch?v=li3C5VfQAyo\" target=\"_blank\" rel=\"noopener noreferrer\">h\u00e4r<\/a>.<\/em><\/p>\n<p>&#8221;Vi beh\u00f6ver mer kunskap om Arktis om vi ska lyckas skydda v\u00e5r bl\u00e5 planet. Jag fick en klump i magen n\u00e4r jag l\u00e4ste arktiska r\u00e5dets rapport som kom ut tidigare i \u00e5r. Den visade att isen sm\u00e4lter i mycket h\u00f6gre hastighet \u00e4n vi tidigare trott. Arktis \u00e4r den plats i v\u00e4rlden d\u00e4r effekterna av klimatf\u00f6r\u00e4ndringarna \u00e4r som st\u00f6rst&#8221;, s\u00e4ger Sune Scheller, havsansvarig p\u00e5 Greenpeace.<\/p>\n<p>Faktum \u00e4r att temperaturen stiger tv\u00e5 g\u00e5nger snabbare i Arktis \u00e4n det globala genomsnittet &#8211; p\u00e5 grund av klimatf\u00f6r\u00e4ndringar orsakade av oss. Det resulterar i sm\u00e4ltande havsisar och glaci\u00e4rer samt ett krympande sn\u00f6t\u00e4cke.<\/p>\n<h2>Valrossar kastar sig mot d\u00f6den<\/h2>\n<p>F\u00f6r havet och dess ekosystem \u00e4r konsekvenserna enorma. Varmare hav, ett minskat ist\u00e4cke och f\u00f6rsurning av havsvattnet \u00e4r bara n\u00e5gra av de f\u00f6r\u00e4ndringar som p\u00e5verkar vilda djur och livsmilj\u00f6er.<\/p>\n<p>Med den \u00f6kade havsissm\u00e4ltningen ligger st\u00f6rre och st\u00f6rre omr\u00e5den oskyddade. Det har negativa konsekvenser f\u00f6r m\u00e5nga djur i Arktis, s\u00e5som till exempel isbj\u00f6rnar. Deras \u00f6verlevnad \u00e4r beroende av havsisen, d\u00e4r de jagar och f\u00f6rflyttar sig mellan olika omr\u00e5den.<\/p>\n<p>Andra djur, s\u00e5som s\u00e4lar och valrossar, f\u00e5r det ocks\u00e5 sv\u00e5rt med en krympande havsis n\u00e4r deras normala habitat f\u00f6rsvinner. I Netflix serie \u201cOur Planet\u201d kan man se en <a href=\"https:\/\/youtu.be\/qVJzQc9ELTE\" target=\"_blank\" rel=\"noopener noreferrer\">hj\u00e4rtsk\u00e4rande sekvens<\/a>, d\u00e4r stressade valrossar i brist p\u00e5 havsis tvingas att vila i land p\u00e5 klippor vilket leder till att en del av de faller fritt mot d\u00f6den n\u00e4r de ska ta sig ner till vatten.<\/p>\n<div id=\"attachment_3058\" style=\"width: 1210px\" class=\"wp-caption alignnone\"><img loading=\"lazy\" decoding=\"async\" aria-describedby=\"caption-attachment-3058\" class=\"size-full wp-image-3058\" src=\"https:\/\/www.greenpeace.org\/static\/planet4-sweden-stateless\/2019\/05\/d11a7082-gp0stt9sq.jpg\" alt=\"Protect the Oceans Expedition - Arctic Leg. \u00a9 Denis Sinyakov \/ Greenpeace\" width=\"1200\" height=\"800\" srcset=\"https:\/\/www.greenpeace.org\/static\/planet4-sweden-stateless\/2019\/05\/d11a7082-gp0stt9sq.jpg 1200w, https:\/\/www.greenpeace.org\/static\/planet4-sweden-stateless\/2019\/05\/d11a7082-gp0stt9sq-300x200.jpg 300w, https:\/\/www.greenpeace.org\/static\/planet4-sweden-stateless\/2019\/05\/d11a7082-gp0stt9sq-768x512.jpg 768w, https:\/\/www.greenpeace.org\/static\/planet4-sweden-stateless\/2019\/05\/d11a7082-gp0stt9sq-1024x683.jpg 1024w, https:\/\/www.greenpeace.org\/static\/planet4-sweden-stateless\/2019\/05\/d11a7082-gp0stt9sq-510x340.jpg 510w\" sizes=\"auto, (max-width: 1200px) 100vw, 1200px\" \/><p id=\"caption-attachment-3058\" class=\"wp-caption-text\">En valrossfamilj syns vila p\u00e5 ett isflak p\u00e5 Dahlbreen glaci\u00e4ren i Svalbard.<\/p><\/div>\n<p>N\u00e4r havsisen f\u00f6rsvinner \u00f6ppnas nya omr\u00e5den upp f\u00f6r exploatering som m\u00e5nga branscher har intresse av att utnyttja; tidigare or\u00f6rda omr\u00e5den f\u00f6r fiskeindustrin, gruvdrift, och nya transportv\u00e4gar \u00f6ppnas upp.<\/p>\n<p>Det \u00e4r ett allvarligt hot n\u00e4r bullret fr\u00e5n m\u00e4nsklig industri stressar valar eller n\u00e4r bottentr\u00e5lare sveper rent, genom k\u00e4nsliga kallvattenkoraller likt bulldozers, och l\u00e4mnar efter sig ren \u00f6del\u00e4ggelse p\u00e5 havsbotten.<\/p>\n<p>&#8221;Allt i Arktis fantastiska ekosystem \u00e4r fint sammanl\u00e4nkat. Vi m\u00e5ste skydda det f\u00f6r att undvika o\u00e5terkalleliga konsekvenser f\u00f6r naturen&#8221;, varnar Sune. &#8221;Det faktum att Arktis sm\u00e4lter b\u00f6r inte f\u00e5 ses som en m\u00f6jlighet f\u00f6r v\u00e4rldens ledare utan som en uppmaning till handling. En uppmaning till att skydda v\u00e5ra hav.&#8221;<\/p>\n<h2>Ett avtal kan betyda liv eller d\u00f6d f\u00f6r haven<\/h2>\n<p>Tillsammans med oberoende forskare unders\u00f6kte vi f\u00f6r ett par \u00e5r sedan sm\u00e4ltande gr\u00f6nl\u00e4ndska glaci\u00e4rer och havsf\u00f6rsurning samt identifierade s\u00e5rbara ekosystem p\u00e5 Svalbard. Resultat fr\u00e5n unders\u00f6kningen har lett till positiva f\u00f6r\u00e4ndringar. Till exempel skyddades tio s\u00e5rbara havsbottnar kring Svalbard nyligen fr\u00e5n f\u00f6r\u00f6dande bottentr\u00e5lning.<\/p>\n<p>&#8221;Vi hoppas och tror att de bevis vi samlar p\u00e5 denna expedition kommer att leda till \u00e4nnu mer havsskydd&#8221;, s\u00e4ger Sune. &#8221;Arktis har l\u00e4nge varit en av de f\u00e5 st\u00e4llena i v\u00e4rlden med ost\u00f6rd natur, men den f\u00f6r\u00e4ndras p\u00e5 grund av m\u00e4nsklig aktivitet. Ett starkt globalt avtal som skyddar stora havsomr\u00e5den \u00e4r ett av de b\u00e4sta s\u00e4tten att skydda v\u00e5ra v\u00e4rldshav. Havsreservat fungerar. S\u00e5 enkelt \u00e4r det.&#8221;<\/p>\n<p>Genom att skydda stora omr\u00e5den fr\u00e5n f\u00f6r\u00f6dande industrier kan djurlivet f\u00e5 \u00e5terh\u00e4mta sig och f\u00e5 tillf\u00e4lle att frodas.<\/p>\n<p>\u00a0<\/p>\n<p>\u00a0<\/p>\n\t\t\t<section\n\t\t\tclass=\"boxout post-30 \"\n\t\t\t\n\t\t>\n\t\t\t<a\n\t\t\t\tdata-ga-category=\"Take Action Boxout\"\n\t\t\t\tdata-ga-action=\"Image\"\n\t\t\t\tdata-ga-label=\"n\/a\"\n\t\t\t\tclass=\"cover-card-overlay\"\n\t\t\t\thref=\"https:\/\/www.greenpeace.org\/sweden\/agera\/stod-oss\/\" \n\t\t\t><\/a>\n\t\t\t\t\t\t\t<img\n\t\t\t\t\t\tsrc=\"https:\/\/www.greenpeace.org\/static\/planet4-sweden-stateless\/2025\/05\/87a738a4-gp034ks_medium-res-1200px-1024x685.jpg\"\n\t\t\t\t\t\tsrcset=\"https:\/\/www.greenpeace.org\/static\/planet4-sweden-stateless\/2025\/05\/87a738a4-gp034ks_medium-res-1200px-300x201.jpg 300w, https:\/\/www.greenpeace.org\/static\/planet4-sweden-stateless\/2025\/05\/87a738a4-gp034ks_medium-res-1200px-1024x685.jpg 1024w, https:\/\/www.greenpeace.org\/static\/planet4-sweden-stateless\/2025\/05\/87a738a4-gp034ks_medium-res-1200px-768x514.jpg 768w, https:\/\/www.greenpeace.org\/static\/planet4-sweden-stateless\/2025\/05\/87a738a4-gp034ks_medium-res-1200px-508x340.jpg 508w, https:\/\/www.greenpeace.org\/static\/planet4-sweden-stateless\/2025\/05\/87a738a4-gp034ks_medium-res-1200px.jpg 1200w\"\n\t\t\t\t\t\tsizes=\"(min-width: 1000px) 358px, (min-width: 780px) 313px, 88px\"\n\t\t\t\t\t\talt=\"\" title=\"\"\n\t\t\t\t\/>\n            \t\t\t<div class=\"boxout-content\">\n\t\t\t\t\t\t\t\t\t<a\n\t\t\t\t\t\tclass=\"boxout-heading medium\"\n\t\t\t\t\t\tdata-ga-category=\"Take Action Boxout\"\n\t\t\t\t\t\tdata-ga-action=\"Title\"\n\t\t\t\t\t\tdata-ga-label=\"n\/a\"\n\t\t\t\t\t\thref=\"https:\/\/www.greenpeace.org\/sweden\/agera\/stod-oss\/\"\n\t\t\t\t\t\t\n\t\t\t\t\t>\n\t\t\t\t\t\tSt\u00f6d Greenpeace arbete\n\t\t\t\t\t<\/a>\n\t\t\t\t\t\t\t\t\t\t\t\t\t<p class=\"boxout-excerpt\">Vill du vara med och skapa en b\u00e4ttre v\u00e4rld f\u00f6r nuvarande och kommande generationer? Bli m\u00e5nadsgivare idag.<\/p>\n\t\t\t\t                                    <a\n                        class=\"btn btn-primary\"\n                        data-ga-category=\"Take Action Boxout\"\n                        data-ga-action=\"Call to Action\"\n                        data-ga-label=\"n\/a\"\n                        href=\"https:\/\/www.greenpeace.org\/sweden\/agera\/stod-oss\/\"\n                        \n                    >\n                        Engagera dig\n                    <\/a>\n                \t\t\t<\/div>\n\t\t\t\t\t<\/section>\n\t","protected":false},"excerpt":{"rendered":"<p>F\u00f6rsta stoppet i v\u00e5r expedition fr\u00e5n pol till pol \u00e4r i Arktis. F\u00e5 platser p\u00e5verkas lika mycket av klimatf\u00f6r\u00e4ndringarna som Nordpolen och det har allvarliga konsekvenser f\u00f6r livet i och&hellip;<\/p>\n","protected":false},"author":35,"featured_media":3050,"comment_status":"open","ping_status":"open","sticky":false,"template":"","format":"standard","meta":{"ep_exclude_from_search":false,"p4_og_title":"","p4_og_description":"","p4_og_image":"","p4_og_image_id":"","p4_seo_canonical_url":"","p4_campaign_name":"","p4_local_project":"","p4_basket_name":"","p4_department":"","footnotes":""},"categories":[3],"tags":[30,40,46],"p4-page-type":[16],"class_list":["post-3043","post","type-post","status-publish","format-standard","has-post-thumbnail","hentry","category-hav","tag-marinaskyddadeomraden","tag-biodiversitet","tag-skyddaarktis","p4-page-type-artiklar"],"_links":{"self":[{"href":"https:\/\/www.greenpeace.org\/sweden\/wp-json\/wp\/v2\/posts\/3043","targetHints":{"allow":["GET"]}}],"collection":[{"href":"https:\/\/www.greenpeace.org\/sweden\/wp-json\/wp\/v2\/posts"}],"about":[{"href":"https:\/\/www.greenpeace.org\/sweden\/wp-json\/wp\/v2\/types\/post"}],"author":[{"embeddable":true,"href":"https:\/\/www.greenpeace.org\/sweden\/wp-json\/wp\/v2\/users\/35"}],"replies":[{"embeddable":true,"href":"https:\/\/www.greenpeace.org\/sweden\/wp-json\/wp\/v2\/comments?post=3043"}],"version-history":[{"count":10,"href":"https:\/\/www.greenpeace.org\/sweden\/wp-json\/wp\/v2\/posts\/3043\/revisions"}],"predecessor-version":[{"id":55226,"href":"https:\/\/www.greenpeace.org\/sweden\/wp-json\/wp\/v2\/posts\/3043\/revisions\/55226"}],"wp:featuredmedia":[{"embeddable":true,"href":"https:\/\/www.greenpeace.org\/sweden\/wp-json\/wp\/v2\/media\/3050"}],"wp:attachment":[{"href":"https:\/\/www.greenpeace.org\/sweden\/wp-json\/wp\/v2\/media?parent=3043"}],"wp:term":[{"taxonomy":"category","embeddable":true,"href":"https:\/\/www.greenpeace.org\/sweden\/wp-json\/wp\/v2\/categories?post=3043"},{"taxonomy":"post_tag","embeddable":true,"href":"https:\/\/www.greenpeace.org\/sweden\/wp-json\/wp\/v2\/tags?post=3043"},{"taxonomy":"p4-page-type","embeddable":true,"href":"https:\/\/www.greenpeace.org\/sweden\/wp-json\/wp\/v2\/p4-page-type?post=3043"}],"curies":[{"name":"wp","href":"https:\/\/api.w.org\/{rel}","templated":true}]}}