{"id":3131,"date":"2019-05-23T14:52:04","date_gmt":"2019-05-23T13:52:04","guid":{"rendered":"https:\/\/www.greenpeace.org\/sweden\/?p=3131"},"modified":"2023-02-17T10:49:30","modified_gmt":"2023-02-17T09:49:30","slug":"att-se-sin-framtid-smalta-bort-tankar-fran-arktis","status":"publish","type":"post","link":"https:\/\/www.greenpeace.org\/sweden\/artiklar\/hav\/att-se-sin-framtid-smalta-bort-tankar-fran-arktis\/","title":{"rendered":"Att se sin framtid sm\u00e4lta bort \u2013 tankar fr\u00e5n Arktis"},"content":{"rendered":"<div id=\"attachment_3134\" style=\"width: 1034px\" class=\"wp-caption alignnone\"><img loading=\"lazy\" decoding=\"async\" aria-describedby=\"caption-attachment-3134\" class=\"size-large wp-image-3134\" src=\"https:\/\/www.greenpeace.org\/static\/planet4-sweden-stateless\/2019\/05\/8e534aa2-aw6a6121-1024x683.jpg\" alt=\"\" width=\"1024\" height=\"683\" srcset=\"https:\/\/www.greenpeace.org\/static\/planet4-sweden-stateless\/2019\/05\/8e534aa2-aw6a6121-1024x683.jpg 1024w, https:\/\/www.greenpeace.org\/static\/planet4-sweden-stateless\/2019\/05\/8e534aa2-aw6a6121-300x200.jpg 300w, https:\/\/www.greenpeace.org\/static\/planet4-sweden-stateless\/2019\/05\/8e534aa2-aw6a6121-768x512.jpg 768w, https:\/\/www.greenpeace.org\/static\/planet4-sweden-stateless\/2019\/05\/8e534aa2-aw6a6121-2048x1366.jpg 2048w, https:\/\/www.greenpeace.org\/static\/planet4-sweden-stateless\/2019\/05\/8e534aa2-aw6a6121-510x340.jpg 510w\" sizes=\"auto, (max-width: 1024px) 100vw, 1024px\" \/><p id=\"caption-attachment-3134\" class=\"wp-caption-text\">Arctic Sunrise framf\u00f6r Dahlbreen glaci\u00e4ren i Svalbard<\/p><\/div>\n<p><b>V\u00e5r kommunikat\u00f6r Fanny J\u00f6nsson \u00e4r ombord p\u00e5 v\u00e5rt skepp Esperanza som \u00e4r i Arktis f\u00f6r att belysa de klimat- och milj\u00f6hot v\u00e5ra hav st\u00e5r inf\u00f6r. Detta \u00e4r f\u00f6rsta steget under en av v\u00e5ra mest ambiti\u00f6sa expeditioner n\u00e5gonsin, d\u00e4r fartyget under elva m\u00e5nader kommer ta sig fr\u00e5n Arktis ner till Antarktis f\u00f6r att p\u00e5 olika s\u00e4tt belysa de hot v\u00e5ra internationella hav st\u00e5r inf\u00f6r &#8211; och hur havsreservat \u00e4r l\u00f6sningen p\u00e5 dem. <\/b><\/p>\n<p>Att g\u00e5 ut p\u00e5 d\u00e4ck, norr om Svalbard, och m\u00f6tas av plusgrader \u00e4r\u2026 surrealistiskt.<\/p>\n<p>Ibland s\u00e5 bryts den arktiska tystnaden av ett stort d\u00e5n, som en sommar\u00e5ska. Det \u00e4r ljudet fr\u00e5n en glaci\u00e4rer som kalvar, rakt ner i det uppv\u00e4rmda ishavet.<\/p>\n<p>Arktis \u00e4r en kall plats, det vet de flesta. Men det \u00e4r en plats, precis som Antarktis, d\u00e4r den globala uppv\u00e4rmningen g\u00e5r dubbelt s\u00e5 fort som p\u00e5 resten av jorden. Det m\u00e4rks.<\/p>\n<p>D\u00e5 m\u00e5nga, inklusive du som l\u00e4ser det h\u00e4r, under maj och april m\u00e5nad har njutit av den varma v\u00e5rsolen och lyxen av att \u00e4ntligen b\u00e4ra sommarjackor, s\u00e5 har jag pulsat runt i vinterkl\u00e4der bland isbj\u00f6rnssp\u00e5r och br\u00e4cklig is. Och tro mig, jag har njutit av varenda minut &#8211; men med en \u00e5terkommande klump i magen. De dagar jag v\u00e4nt n\u00e4san mot solen och kunnat \u00f6ppna jackan p\u00e5 d\u00e4ck, s\u00e5 har jag inte kunnat njuta fullt ut. Varf\u00f6r? Jo, f\u00f6r jag vet att det \u00e4r just den d\u00e4r v\u00e4rmen blandat med den stigande koldioxiden i atmosf\u00e4ren som f\u00e5r inte bara glaci\u00e4rerna att sm\u00e4lta bort, utan \u00e4ven min framtid.<\/p>\n<p>De senaste 100 m\u00e5naderna i Arktis har varit varmare \u00e4n genomsnittet. I april kom ocks\u00e5 nyheten att Arktis \u00e4nnu en g\u00e5ng hade rekordlite is f\u00f6r s\u00e4songen.<\/p>\n<p>Jag har gr\u00e5tit en del g\u00e5nger h\u00e4r uppe. Som ung, milj\u00f6engagerad person, s\u00e5 g\u00e5r det inte att vara ober\u00f6rd n\u00e4r is sm\u00e4lter framf\u00f6r dina \u00f6gon och du h\u00f6r ljudet av luftbubblor, som kan ha varit frusna i tusentals \u00e5r i glaci\u00e4risen, brista. Det\u2026 det k\u00e4nns.<\/p>\n<p>Medan t\u00e5rarna har runnit ner fr\u00e5n min kinder har jag k\u00e4nt en oerh\u00f6rd frustration \u00f6ver att v\u00e4rldens regeringar, inklusive min egen, varit s\u00e5 tystl\u00e5tna g\u00e4llande de f\u00f6rhandlingar som just nu sker i FN. Du vet vilka jag menar, va?<\/p>\n<p>De banbrytande f\u00f6rhandlingarna som sker nu, p\u00e5 h\u00f6gsta internationella niv\u00e5, d\u00e4r delegater &nbsp;best\u00e4mmer huruvida 30 procent av v\u00e5ra hav ska skyddas av starka havsreservat till 2030 &#8211; eller inte.<\/p>\n<p>Anledningen till att dessa f\u00f6rhandlingar \u00e4r p\u00e5 agendan nu \u00e4r enkel: Forskningen kr\u00e4ver det.<\/p>\n<p>V\u00e4rlden befinner sig i ett kritiskt l\u00e4ge d\u00e4r det enda som kan l\u00f6sa den klimatkris vi befinner oss i \u00e4r handling. Dessa handlingar beh\u00f6ver tas i form av drastiska f\u00f6r\u00e4ndringar och skydd av djur och natur. Och det innefattar naturligtvis v\u00e5ra hav.<\/p>\n<p>Aldrig n\u00e5gonsin har naturreservat av en s\u00e5dan magnitud diskuterats. Det g\u00f6r de h\u00e4r f\u00f6rhandlingarna extraordin\u00e4ra, och borde enligt min mening vara ett hett debatt\u00e4mne i b\u00e5de sociala och traditionella medier, s\u00e5v\u00e4l som i politiska debatter.<\/p>\n<p>Trots det \u00e4r det v\u00e4ldigt tyst.<\/p>\n<p>Kanske \u00e4r det f\u00f6r att polletten inte ramlat ner? Eller \u00e4r det f\u00f6r att klirret av oljeexploateringar, \u00f6verfiske och djuphavsborrning \u00e4r mer dominerande f\u00f6r de med maktpositioner i samh\u00e4llet? Kanske \u00e4r det f\u00f6r att de som best\u00e4mmer ocks\u00e5 \u00e4r medvetna om att de inte \u00e4r de som kommer beh\u00f6va uppleva konsekvenserna av dagens dumdristiga val.<\/p>\n<p>Men jag t\u00e4nker inte l\u00e5ta det h\u00e4nda. Jag v\u00e4grar se min framtid sm\u00e4lta bort framf\u00f6r mina \u00f6gon, och det \u00e4r d\u00e4rf\u00f6r jag \u00e4r h\u00e4r, i Arktis just nu. Jag t\u00e4nker inte l\u00e5ta min framtid kompromissas bort i utbyte mot kortsiktiga vinster.<\/p>\n<p>D\u00e4rf\u00f6r hoppas jag att du skriver p\u00e5 <a href=\"http:\/\/www.greenpeace.org\/archive-sweden\/se\/hav\/skyddahaven\/\">v\u00e5r namninsamling f\u00f6r att skydda haven.<\/a><\/p>\n<p>Din r\u00f6st beh\u00f6vs f\u00f6r att bryta tystnaden om de h\u00e4r f\u00f6rhandlingarna.<\/p>\n<div id=\"attachment_3133\" style=\"width: 1034px\" class=\"wp-caption alignnone\"><img loading=\"lazy\" decoding=\"async\" aria-describedby=\"caption-attachment-3133\" class=\"wp-image-3133 size-large\" src=\"https:\/\/www.greenpeace.org\/static\/planet4-sweden-stateless\/2019\/05\/86135108-aw6a5670-1024x683.jpg\" alt=\"\" width=\"1024\" height=\"683\" srcset=\"https:\/\/www.greenpeace.org\/static\/planet4-sweden-stateless\/2019\/05\/86135108-aw6a5670-1024x683.jpg 1024w, https:\/\/www.greenpeace.org\/static\/planet4-sweden-stateless\/2019\/05\/86135108-aw6a5670-300x200.jpg 300w, https:\/\/www.greenpeace.org\/static\/planet4-sweden-stateless\/2019\/05\/86135108-aw6a5670-768x512.jpg 768w, https:\/\/www.greenpeace.org\/static\/planet4-sweden-stateless\/2019\/05\/86135108-aw6a5670-2048x1366.jpg 2048w, https:\/\/www.greenpeace.org\/static\/planet4-sweden-stateless\/2019\/05\/86135108-aw6a5670-510x340.jpg 510w\" sizes=\"auto, (max-width: 1024px) 100vw, 1024px\" \/><p id=\"caption-attachment-3133\" class=\"wp-caption-text\">Fanny J\u00f6nsson \u00e4r kommunikat\u00f6r p\u00e5 Greenpeace. Hon har spenderat en m\u00e5nad uppe i Arktis f\u00f6r att f\u00e5 v\u00e4rldens ledare att inse behovet av havsreservat i v\u00e5ra internationella vatten.<\/p><\/div>\n\t\t\t<section\n\t\t\tclass=\"boxout post-645 \"\n\t\t\t\n\t\t>\n\t\t\t<a\n\t\t\t\tdata-ga-category=\"Take Action Boxout\"\n\t\t\t\tdata-ga-action=\"Image\"\n\t\t\t\tdata-ga-label=\"n\/a\"\n\t\t\t\tclass=\"cover-card-overlay\"\n\t\t\t\thref=\"https:\/\/www.greenpeace.org\/sweden\/agera\/skyddahaven\/\" \n\t\t\t><\/a>\n\t\t\t\t\t\t\t<img\n\t\t\t\t\t\tsrc=\"https:\/\/www.greenpeace.org\/static\/planet4-sweden-stateless\/2025\/02\/38acdb55-900x300_split-ud-trawling.jpg\"\n\t\t\t\t\t\tsrcset=\"https:\/\/www.greenpeace.org\/static\/planet4-sweden-stateless\/2025\/02\/38acdb55-900x300_split-ud-trawling-300x100.jpg 300w, https:\/\/www.greenpeace.org\/static\/planet4-sweden-stateless\/2025\/02\/38acdb55-900x300_split-ud-trawling-768x256.jpg 768w, https:\/\/www.greenpeace.org\/static\/planet4-sweden-stateless\/2025\/02\/38acdb55-900x300_split-ud-trawling-510x170.jpg 510w, https:\/\/www.greenpeace.org\/static\/planet4-sweden-stateless\/2025\/02\/38acdb55-900x300_split-ud-trawling.jpg 900w\"\n\t\t\t\t\t\tsizes=\"(min-width: 1000px) 358px, (min-width: 780px) 313px, 88px\"\n\t\t\t\t\t\talt=\"\" title=\"\"\n\t\t\t\t\/>\n            \t\t\t<div class=\"boxout-content\">\n\t\t\t\t\t\t\t\t\t<a\n\t\t\t\t\t\tclass=\"boxout-heading medium\"\n\t\t\t\t\t\tdata-ga-category=\"Take Action Boxout\"\n\t\t\t\t\t\tdata-ga-action=\"Title\"\n\t\t\t\t\t\tdata-ga-label=\"n\/a\"\n\t\t\t\t\t\thref=\"https:\/\/www.greenpeace.org\/sweden\/agera\/skyddahaven\/\"\n\t\t\t\t\t\t\n\t\t\t\t\t>\n\t\t\t\t\t\tSkydda haven &#8211; ratificera avtalet, Maria!\n\t\t\t\t\t<\/a>\n\t\t\t\t\t\t\t\t\t\t\t\t\t<p class=\"boxout-excerpt\">Skriv under och kr\u00e4v med oss att v\u00e5r utrikesminister Maria Malmer Stenergard ser till att Sverige fullf\u00f6ljer sitt l\u00f6fte och godk\u00e4nner avtalet. Skydda haven, Maria! <\/p>\n\t\t\t\t                                    <a\n                        class=\"btn btn-primary\"\n                        data-ga-category=\"Take Action Boxout\"\n                        data-ga-action=\"Call to Action\"\n                        data-ga-label=\"n\/a\"\n                        href=\"https:\/\/www.greenpeace.org\/sweden\/agera\/skyddahaven\/\"\n                        \n                    >\n                        Engagera dig\n                    <\/a>\n                \t\t\t<\/div>\n\t\t\t\t\t<\/section>\n\t","protected":false},"excerpt":{"rendered":"<p>V\u00e5r kommunikat\u00f6r Fanny J\u00f6nsson \u00e4r ombord p\u00e5 v\u00e5rt skepp Esperanza som \u00e4r i Arktis f\u00f6r att belysa de klimat- och milj\u00f6hot v\u00e5ra hav st\u00e5r inf\u00f6r. Detta \u00e4r f\u00f6rsta steget under&hellip;<\/p>\n","protected":false},"author":39,"featured_media":3134,"comment_status":"open","ping_status":"open","sticky":false,"template":"","format":"standard","meta":{"ep_exclude_from_search":false,"p4_og_title":"","p4_og_description":"","p4_og_image":"https:\/\/www.greenpeace.org\/static\/planet4-sweden-stateless\/2019\/05\/8e534aa2-aw6a6121.jpg","p4_og_image_id":"3134","p4_seo_canonical_url":"","p4_campaign_name":"not set","p4_local_project":"not set","p4_basket_name":"not set","p4_department":"","footnotes":""},"categories":[3],"tags":[25,30,21,46],"p4-page-type":[16],"class_list":["post-3131","post","type-post","status-publish","format-standard","has-post-thumbnail","hentry","category-hav","tag-hallbarenergi","tag-marinaskyddadeomraden","tag-greenpeaceskepp","tag-skyddaarktis","p4-page-type-artiklar"],"_links":{"self":[{"href":"https:\/\/www.greenpeace.org\/sweden\/wp-json\/wp\/v2\/posts\/3131","targetHints":{"allow":["GET"]}}],"collection":[{"href":"https:\/\/www.greenpeace.org\/sweden\/wp-json\/wp\/v2\/posts"}],"about":[{"href":"https:\/\/www.greenpeace.org\/sweden\/wp-json\/wp\/v2\/types\/post"}],"author":[{"embeddable":true,"href":"https:\/\/www.greenpeace.org\/sweden\/wp-json\/wp\/v2\/users\/39"}],"replies":[{"embeddable":true,"href":"https:\/\/www.greenpeace.org\/sweden\/wp-json\/wp\/v2\/comments?post=3131"}],"version-history":[{"count":5,"href":"https:\/\/www.greenpeace.org\/sweden\/wp-json\/wp\/v2\/posts\/3131\/revisions"}],"predecessor-version":[{"id":54473,"href":"https:\/\/www.greenpeace.org\/sweden\/wp-json\/wp\/v2\/posts\/3131\/revisions\/54473"}],"wp:featuredmedia":[{"embeddable":true,"href":"https:\/\/www.greenpeace.org\/sweden\/wp-json\/wp\/v2\/media\/3134"}],"wp:attachment":[{"href":"https:\/\/www.greenpeace.org\/sweden\/wp-json\/wp\/v2\/media?parent=3131"}],"wp:term":[{"taxonomy":"category","embeddable":true,"href":"https:\/\/www.greenpeace.org\/sweden\/wp-json\/wp\/v2\/categories?post=3131"},{"taxonomy":"post_tag","embeddable":true,"href":"https:\/\/www.greenpeace.org\/sweden\/wp-json\/wp\/v2\/tags?post=3131"},{"taxonomy":"p4-page-type","embeddable":true,"href":"https:\/\/www.greenpeace.org\/sweden\/wp-json\/wp\/v2\/p4-page-type?post=3131"}],"curies":[{"name":"wp","href":"https:\/\/api.w.org\/{rel}","templated":true}]}}