{"id":3284,"date":"2019-06-28T06:01:32","date_gmt":"2019-06-28T05:01:32","guid":{"rendered":"https:\/\/www.greenpeace.org\/sweden\/?p=3284"},"modified":"2024-08-22T12:46:10","modified_gmt":"2024-08-22T11:46:10","slug":"gav-transparenspris-antligen-den-insyn-som-bor-komma-med-ett-bolag-av-scas-storlek-och-inflytande-2","status":"publish","type":"post","link":"https:\/\/www.greenpeace.org\/sweden\/artiklar\/skog\/gav-transparenspris-antligen-den-insyn-som-bor-komma-med-ett-bolag-av-scas-storlek-och-inflytande-2\/","title":{"rendered":"Gav transparenspris \u00e4ntligen den insyn som b\u00f6r komma med ett bolag av SCA:s storlek och inflytande?"},"content":{"rendered":"<p><strong>Minns du n\u00e4r vi var p\u00e5 <a href=\"https:\/\/www.greenpeace.org\/sweden\/pressmeddelanden\/2431\/greenpeace-till-sca-bestam-pa-vilken-sida-av-historien-ni-vill-sta\/\">SCA:s \u00e5rsst\u00e4mma i Sundsvall i mars?<\/a> Entr\u00e4gen vinner brukar en s\u00e4ga och nu har vi \u00e4ntligen vunnit en stor vinst f\u00f6r skogen i norra Sverige och alla som \u00e4r beroende av den, dess myller av liv och att dessa kollager stannar som just kollager i marken.<\/strong><\/p>\n<div id=\"attachment_2438\" style=\"width: 1034px\" class=\"wp-caption alignnone\"><img loading=\"lazy\" decoding=\"async\" aria-describedby=\"caption-attachment-2438\" class=\"wp-image-2438 size-large\" src=\"https:\/\/www.greenpeace.org\/static\/planet4-sweden-stateless\/2019\/03\/ca8263bc-linaburnelius_sca2019_miniatyr-1024x683.jpg\" alt=\"\" width=\"1024\" height=\"683\" srcset=\"https:\/\/www.greenpeace.org\/static\/planet4-sweden-stateless\/2019\/03\/ca8263bc-linaburnelius_sca2019_miniatyr-1024x683.jpg 1024w, https:\/\/www.greenpeace.org\/static\/planet4-sweden-stateless\/2019\/03\/ca8263bc-linaburnelius_sca2019_miniatyr-300x200.jpg 300w, https:\/\/www.greenpeace.org\/static\/planet4-sweden-stateless\/2019\/03\/ca8263bc-linaburnelius_sca2019_miniatyr-768x512.jpg 768w, https:\/\/www.greenpeace.org\/static\/planet4-sweden-stateless\/2019\/03\/ca8263bc-linaburnelius_sca2019_miniatyr-510x340.jpg 510w, https:\/\/www.greenpeace.org\/static\/planet4-sweden-stateless\/2019\/03\/ca8263bc-linaburnelius_sca2019_miniatyr.jpg 1200w\" sizes=\"auto, (max-width: 1024px) 100vw, 1024px\" \/><p id=\"caption-attachment-2438\" class=\"wp-caption-text\">P\u00e5 SCA:s \u00e5rsst\u00e4mma den 20 mars 2019 \u2013 H\u00e4r kr\u00e4ver vi transparens av Europas st\u00f6rsta skogsbolag.<\/p><\/div>\n<p>P\u00e5 \u00e5rsst\u00e4mman l\u00e4mnade vi \u00f6ver ett \u00f6ppet brev till SCA:s VD Ulf Larsson, d\u00e4r vi kr\u00e4vde , bland annat, att SCA skulle tillg\u00e4ngligg\u00f6ra bolagets frivilliga avs\u00e4ttningar. Detta har nu skett! <a href=\"https:\/\/www.sca.com\/sv\/om-oss\/var-skog\/hitta-parlorna-i-vara-skogar\/\">SCA har publicerat en karta \u00f6ver den skog de\u00a0 frivilliga undantagit fr\u00e5n avverkning<\/a>, deras m\u00e5ngfaldsparker och omr\u00e5den d\u00e4r de anv\u00e4nder vad de kallar \u201calternativa brukningsmetoder\u201d.<\/p>\n<p>Nu kan vi \u00e4ntligen ha en faktabaserad konversation, p\u00e5 mer likv\u00e4rdiga villkor, om hur SCA ska ta sitt ansvar i att bland annat prioritera och \u00f6ka sina frivilliga avs\u00e4ttningar av skog med h\u00f6ga biologiska v\u00e4rden inom V\u00e4rdetrakter. Det \u00e4r ett br\u00e5dskande arbete och SCA:s offentligg\u00f6rande av sina frivilliga avs\u00e4ttningar kommer inte en dag f\u00f6r tidigt. Nu \u00e5terst\u00e5r ett omfattande inventeringsarbete.<\/p>\n<p><b>Ett steg n\u00e4rmare men l\u00e5ngt ifr\u00e5n m\u00e5let<\/b><\/p>\n<p>Det \u00e4r egentligen inte kr\u00e5ngligare \u00e4n s\u00e5 h\u00e4r: vi kan klara oss utan m\u00e5nga av de de oh\u00e5llbara produkter vi producerar idag, men vi kommer inte klara av att m\u00f6ta m\u00e4nsklighetens tv\u00e5 \u00f6desfr\u00e5gor: den globala upphettningen och ekosystems\u00f6nderfallet utan \u00f6kat naturskydd. Vi beh\u00f6ver skydda och restaurera <em>mer<\/em> skog i Sverige \u2013 inte avverka den till f\u00f6rdel f\u00f6r monokulturer f\u00f6r att producera oh\u00e5llbara produkter likt pappkartong, eng\u00e5ngsartiklar\u00a0 i bio-plast eller biodrivmedel.<\/p>\n<p>Mycket \u00e5terst\u00e5r innan vi kan kalla den svenska skogsindustrin och SCA h\u00e5llbara. Den svenska skogen ses ofta som en o\u00e4ndlig resurs som vi kan h\u00e4mta b\u00e5de br\u00e4nslen och f\u00f6rbrukningsmaterial ur i tron att den magiskt \u00e5teruppst\u00e5r, men det som \u00e5teruppst\u00e5r i dagens svenska skogsbruk \u00e4r enbart tr\u00e4d, inte riktigt skog. Riktig skog kan inte \u00e5terplanteras.<\/p>\n<p><strong>Ut\u00f6ver det vi tidigare n\u00e4mnt, finns tre \u00e5terst\u00e5ende krav som SCA skyndsamt m\u00e5ste h\u00f6rsamma:<\/strong><\/p>\n<ul>\n<li>Avst\u00e5 helt fr\u00e5n att bruka den sista kontinuitetsskog (allts\u00e5 skog som aldrig kalavverkats) som finns kvar i SCA:s best\u00e5nd och hos deras underleverat\u00f6rer.<\/li>\n<li>Sluta helt med plantering av contortatall (en invasiv, snabbv\u00e4xande tall), i <a href=\"https:\/\/www.sapmi.se\/nolltolerans-mot-contorta-renskotselomradet\/\">rensk\u00f6tselomr\u00e5det<\/a>.<\/li>\n<li>Ta fram en tidsatt utfasningsplan f\u00f6r befintliga contortaplantage som idag om\u00f6jligg\u00f6r rensk\u00f6tsel.<\/li>\n<\/ul>\n<p>V\u00e5ra krav i sin helhet, och varf\u00f6r de \u00e4r s\u00e5 viktiga hittar du i detta \u00f6ppna brev som Greenpeace Nordens generalsekreterare Mads Flarup Christensen skrev till SCA:s VD Ulf Larsson f\u00f6rrig\u00e5r. Vi p\u00e5minde honom helt enkelt om ordspr\u00e5ket <a href=\"https:\/\/www.greenpeace.org\/static\/planet4-sweden-stateless\/2019\/06\/ca721e96-greenpeace-response-to-sca-june-26th.pdf\">\u2013 <i>Om du har <\/i><i>integritet<\/i><i> har du inget att d\u00f6lja:\u00a0<\/i><i>\u00a02019-06-26 Letter Greenpeace Nordic (1)<\/i><\/a><\/p>\n<p><b>Vill du vara med att inventera skog? H\u00f6r av dig!<\/b><br \/>\nTillsammans kan vi s\u00e4kerhetsst\u00e4lla att SCA\u2019s frivilliga avs\u00e4ttningar blir kvalitetss\u00e4krade, utm\u00e4rkta i terr\u00e4ngen och att de f\u00f6rst och fr\u00e4mst spelar en positiv roll i det vi kallar <em>F\u00e4rdplan f\u00f6r \u00f6kat skydd och restaurering av Sveriges skogar:<\/em> Sverige har \u00e5lagt sig att skydda minst 17 procent av den produktiva skogsmarken \u2013 via ett ekologiskt representativt skydd; skydd utformat p\u00e5 landskapsniv\u00e5 i st\u00f6rre sammanh\u00e4ngande omr\u00e5den, via l\u00e5ngsiktiga och transparenta skyddsformer. H\u00e4r spelar kvalitetss\u00e4krade och l\u00e5ngsiktiga frivilliga avs\u00e4ttningar som en del av ett skydd utformat p\u00e5 landskapsniv\u00e5 en viktig roll.\u00a0<i><br \/>\n<\/i><\/p>\n<p>Vi ses,<\/p>\n<p>Lina<\/p>\n<p>Ansvarig f\u00f6r klimatr\u00e4ttvisa, skydd av biologisk m\u00e5ngfald och bioekonomiska fr\u00e5gor.<\/p>\n<p><strong>\u00a0<\/strong><\/p>\n\t\t\t<section\n\t\t\tclass=\"boxout post-32 \"\n\t\t\t\n\t\t>\n\t\t\t<a\n\t\t\t\tdata-ga-category=\"Take Action Boxout\"\n\t\t\t\tdata-ga-action=\"Image\"\n\t\t\t\tdata-ga-label=\"n\/a\"\n\t\t\t\tclass=\"cover-card-overlay\"\n\t\t\t\thref=\"https:\/\/www.greenpeace.org\/sweden\/agera\/bli-volontar\/\" \n\t\t\t><\/a>\n\t\t\t\t\t\t\t<img\n\t\t\t\t\t\tsrc=\"https:\/\/www.greenpeace.org\/static\/planet4-sweden-stateless\/2019\/01\/6320498f-283ff8a8-gp0strd90-1024x683.jpg\"\n\t\t\t\t\t\tsrcset=\"https:\/\/www.greenpeace.org\/static\/planet4-sweden-stateless\/2019\/01\/6320498f-283ff8a8-gp0strd90-300x200.jpg 300w, https:\/\/www.greenpeace.org\/static\/planet4-sweden-stateless\/2019\/01\/6320498f-283ff8a8-gp0strd90-768x512.jpg 768w, https:\/\/www.greenpeace.org\/static\/planet4-sweden-stateless\/2019\/01\/6320498f-283ff8a8-gp0strd90-1024x683.jpg 1024w, https:\/\/www.greenpeace.org\/static\/planet4-sweden-stateless\/2019\/01\/6320498f-283ff8a8-gp0strd90-510x340.jpg 510w, https:\/\/www.greenpeace.org\/static\/planet4-sweden-stateless\/2019\/01\/6320498f-283ff8a8-gp0strd90.jpg 1200w\"\n\t\t\t\t\t\tsizes=\"(min-width: 1000px) 358px, (min-width: 780px) 313px, 88px\"\n\t\t\t\t\t\talt=\"\" title=\"\"\n\t\t\t\t\/>\n            \t\t\t<div class=\"boxout-content\">\n\t\t\t\t\t\t\t\t\t<a\n\t\t\t\t\t\tclass=\"boxout-heading medium\"\n\t\t\t\t\t\tdata-ga-category=\"Take Action Boxout\"\n\t\t\t\t\t\tdata-ga-action=\"Title\"\n\t\t\t\t\t\tdata-ga-label=\"n\/a\"\n\t\t\t\t\t\thref=\"https:\/\/www.greenpeace.org\/sweden\/agera\/bli-volontar\/\"\n\t\t\t\t\t\t\n\t\t\t\t\t>\n\t\t\t\t\t\tBli volont\u00e4r\n\t\t\t\t\t<\/a>\n\t\t\t\t\t\t\t\t\t\t\t\t\t<p class=\"boxout-excerpt\">Vill du vara med och g\u00f6ra skillnad? N\u00e4r du \u00e4r volont\u00e4r hos oss kan du syssla med allt fr\u00e5n att fixa banderoller, aktioner och demonstrationer till kampanjarbete. Vi erbjuder \u00e4ven en rad tr\u00e4ningar f\u00f6r att du som volont\u00e4r ska v\u00e4xa och med oss.<\/p>\n\t\t\t\t                                    <a\n                        class=\"btn btn-primary\"\n                        data-ga-category=\"Take Action Boxout\"\n                        data-ga-action=\"Call to Action\"\n                        data-ga-label=\"n\/a\"\n                        href=\"https:\/\/www.greenpeace.org\/sweden\/agera\/bli-volontar\/\"\n                        \n                    >\n                        Engagera dig\n                    <\/a>\n                \t\t\t<\/div>\n\t\t\t\t\t<\/section>\n\t","protected":false},"excerpt":{"rendered":"<p>Minns du n\u00e4r vi var p\u00e5 SCA:s \u00e5rsst\u00e4mma i Sundsvall i mars? Entr\u00e4gen vinner brukar en s\u00e4ga och nu har vi \u00e4ntligen vunnit en stor vinst f\u00f6r skogen i norra&hellip;<\/p>\n","protected":false},"author":34,"featured_media":1067,"comment_status":"open","ping_status":"open","sticky":false,"template":"","format":"standard","meta":{"ep_exclude_from_search":false,"p4_og_title":"","p4_og_description":"","p4_og_image":"","p4_og_image_id":"","p4_seo_canonical_url":"","p4_campaign_name":"","p4_local_project":"","p4_basket_name":"","p4_department":"","footnotes":""},"categories":[22],"tags":[19,40,31],"p4-page-type":[16],"class_list":["post-3284","post","type-post","status-publish","format-standard","has-post-thumbnail","hentry","category-skog","tag-skyddaskogen","tag-biodiversitet","tag-aktivism","p4-page-type-artiklar"],"_links":{"self":[{"href":"https:\/\/www.greenpeace.org\/sweden\/wp-json\/wp\/v2\/posts\/3284","targetHints":{"allow":["GET"]}}],"collection":[{"href":"https:\/\/www.greenpeace.org\/sweden\/wp-json\/wp\/v2\/posts"}],"about":[{"href":"https:\/\/www.greenpeace.org\/sweden\/wp-json\/wp\/v2\/types\/post"}],"author":[{"embeddable":true,"href":"https:\/\/www.greenpeace.org\/sweden\/wp-json\/wp\/v2\/users\/34"}],"replies":[{"embeddable":true,"href":"https:\/\/www.greenpeace.org\/sweden\/wp-json\/wp\/v2\/comments?post=3284"}],"version-history":[{"count":8,"href":"https:\/\/www.greenpeace.org\/sweden\/wp-json\/wp\/v2\/posts\/3284\/revisions"}],"predecessor-version":[{"id":49846,"href":"https:\/\/www.greenpeace.org\/sweden\/wp-json\/wp\/v2\/posts\/3284\/revisions\/49846"}],"wp:featuredmedia":[{"embeddable":true,"href":"https:\/\/www.greenpeace.org\/sweden\/wp-json\/wp\/v2\/media\/1067"}],"wp:attachment":[{"href":"https:\/\/www.greenpeace.org\/sweden\/wp-json\/wp\/v2\/media?parent=3284"}],"wp:term":[{"taxonomy":"category","embeddable":true,"href":"https:\/\/www.greenpeace.org\/sweden\/wp-json\/wp\/v2\/categories?post=3284"},{"taxonomy":"post_tag","embeddable":true,"href":"https:\/\/www.greenpeace.org\/sweden\/wp-json\/wp\/v2\/tags?post=3284"},{"taxonomy":"p4-page-type","embeddable":true,"href":"https:\/\/www.greenpeace.org\/sweden\/wp-json\/wp\/v2\/p4-page-type?post=3284"}],"curies":[{"name":"wp","href":"https:\/\/api.w.org\/{rel}","templated":true}]}}