{"id":3310,"date":"2019-07-01T16:21:02","date_gmt":"2019-07-01T15:21:02","guid":{"rendered":"https:\/\/www.greenpeace.org\/sweden\/?p=3310"},"modified":"2024-08-22T13:01:06","modified_gmt":"2024-08-22T12:01:06","slug":"for-skogen-i-sverige-hela-tiden","status":"publish","type":"post","link":"https:\/\/www.greenpeace.org\/sweden\/artiklar\/skog\/for-skogen-i-sverige-hela-tiden\/","title":{"rendered":"F\u00f6r skogen i Sverige &#8211; hela tiden"},"content":{"rendered":"<p><b>Nu har jag just m\u00f6tt Helene Samuelsson kommunikationschef och <\/b><b>Olof Johansson <\/b><b>Skogspolitisk chef, b\u00e5da <\/b><b>p\u00e5 Sveaskog, f\u00f6r en pratstund i ett varmt och bl\u00e5sigt Almedalen. <\/b><b><br \/>\n<\/b><b><br \/>\n<\/b><span style=\"font-weight: 400\">Vi diskuterade kort de senaste avverkningarna av v\u00e4rdefull skog som jag kontinuerligt kritiserat Sveaskog f\u00f6r &#8211; men stannade vid en tydlig diskussion om vad vi kr\u00e4ver av och t\u00e4nker om det ansvar f\u00f6r v\u00e5ra skogar som Sveaskog och deras uppdragsgivare, Regeringen har.<\/span><b><br \/>\n<\/b><\/p>\n<div id=\"attachment_612\" style=\"width: 1034px\" class=\"wp-caption alignnone\"><img loading=\"lazy\" decoding=\"async\" aria-describedby=\"caption-attachment-612\" class=\"wp-image-612 size-large\" src=\"https:\/\/www.greenpeace.org\/static\/planet4-sweden-stateless\/2019\/01\/7f5e00fa-gp0stqb56_pressmedia-1024x684.jpg\" alt=\"\" width=\"1024\" height=\"684\" srcset=\"https:\/\/www.greenpeace.org\/static\/planet4-sweden-stateless\/2019\/01\/7f5e00fa-gp0stqb56_pressmedia-1024x684.jpg 1024w, https:\/\/www.greenpeace.org\/static\/planet4-sweden-stateless\/2019\/01\/7f5e00fa-gp0stqb56_pressmedia-300x200.jpg 300w, https:\/\/www.greenpeace.org\/static\/planet4-sweden-stateless\/2019\/01\/7f5e00fa-gp0stqb56_pressmedia-768x513.jpg 768w, https:\/\/www.greenpeace.org\/static\/planet4-sweden-stateless\/2019\/01\/7f5e00fa-gp0stqb56_pressmedia-2046x1366.jpg 2046w, https:\/\/www.greenpeace.org\/static\/planet4-sweden-stateless\/2019\/01\/7f5e00fa-gp0stqb56_pressmedia-510x340.jpg 510w\" sizes=\"auto, (max-width: 1024px) 100vw, 1024px\" \/><p id=\"caption-attachment-612\" class=\"wp-caption-text\">Clear-felled area in Ore Skogsrike.<br \/>Ore Skogsrike is a Swedish forest landscape with unusually high concentrations of high conservation value forests. Experts suggest that these forest areas are especially important to protect as reference areas and functional nature. The area was named a local pearl of nature by WWF in 2015.<br \/>Sveaskog is currently logging high value areas of Ore skogsrike.<\/p><\/div>\n<p><b>Min viktigaste po\u00e4ng \u00e4r att den naturliga l\u00f6sningen p\u00e5 klimatkrisen, det vill s\u00e4ga respekt f\u00f6r kvalitativt skydd av friska ekosystem,\u00a0 m\u00e5ste h\u00f6gre upp p\u00e5 den politiska agendan och h\u00f6gt upp p\u00e5 Sveaskogs to-do list: <\/b><b><br \/>\n<\/b><\/p>\n<p><span style=\"font-weight: 400\">Den 4\u00a0 juni diskuterade jag, p\u00e5 ett m\u00f6te med Milj\u00f6departementet, v\u00e5r och Skydda Skogens rapport om det statliga skogsbolaget<\/span><a href=\"https:\/\/www.greenpeace.org\/sweden\/pressmeddelanden\/2540\/ny-inventering-visar-sveaskog-avregistrerar-vardefull-skog\/\"> <span style=\"font-weight: 400\">Sveaskogs systematiska avregistrering av Nyckelbiotoper<\/span><\/a><span style=\"font-weight: 400\">. N\u00e4sta g\u00e5ng Helene, <\/span><span style=\"font-weight: 400\">Olof och jag ses ska vi diskutera just den rapporten. En s\u00e5dan diskussion ryms inte p\u00e5 en timma.\u00a0 <\/span><span style=\"font-weight: 400\"><br \/>\n<\/span><span style=\"font-weight: 400\"><br \/>\n<\/span><span style=\"font-weight: 400\">N\u00e4st p\u00e5 min to-do lista \u00e4r att \u00e5terkomma med datum f\u00f6r oss att m\u00f6tas igen.<\/span><span style=\"font-weight: 400\"><br \/>\n<\/span><span style=\"font-weight: 400\"><br \/>\n<\/span><b>Nedan finner ni lite om vad jag framf\u00f6rde under m\u00f6tet idag: <\/b><span style=\"font-weight: 400\"><br \/>\n<\/span><span style=\"font-weight: 400\"><br \/>\n<\/span><span style=\"font-weight: 400\">Skydd av natur \u00e4r det mest bepr\u00f6vade, snabbaste och billigaste s\u00e4ttet att s\u00e4nka koldioxidhalten och samtidigt skydda redan lagrat kol, vilka b\u00e5da \u00e4r n\u00f6dv\u00e4ndiga f\u00f6r att h\u00e5lla oss under 1,5 graders global upphettning och undvika de allra v\u00e4rsta formerna av biologiskt s\u00f6nderfall och extremv\u00e4dersbacklash. <\/span><span style=\"font-weight: 400\"><br \/>\n<\/span><span style=\"font-weight: 400\"><br \/>\n<\/span><span style=\"font-weight: 400\">Fler och fler b\u00f6rjar inse detta och akt\u00f6rerna som mots\u00e4tter sig det skydd som beh\u00f6vs \u00e4r idag l\u00e4ttr\u00e4knade.\u00a0<\/span><span style=\"font-weight: 400\">Men de finns och d\u00e4rf\u00f6r k\u00e4nns det viktigt att upprepa det forskningen s\u00e4ger. IPEBS och IPCCS, allts\u00e5 de globala panelerna f\u00f6r biologisk m\u00e5ngfald respektive klimat \u00e4r tydliga &#8211; vi m\u00e5ste skydda mer skog\/natur, b\u00e5de f\u00f6r den biologiska m\u00e5ngfalden och f\u00f6r klimatet. Vi \u00e4r beroende av skogen, men den f\u00f6rsvinner bokstavligen framf\u00f6r v\u00e5ra \u00f6gon ner i br\u00e4nsletankar som biodrivmedel och i papperskorgar som eng\u00e5ngsartiklar och annat som idag marknadsf\u00f6rs som bio-plats.<\/span><\/p>\n<p><span style=\"font-weight: 400\"><br \/>\n<\/span><span style=\"font-weight: 400\">Varken klimatet eller livet i skogen (som vi \u00e4r beroende av) t\u00e5l s\u00e5 h\u00e4r m\u00e5nga kalhyggen. Tiden f\u00f6r on\u00f6diga eng\u00e5ngsartiklar och br\u00e4nslen som f\u00f6rbr\u00e4nns, \u00e4r bakom oss. L\u00e5t oss st\u00e4lla om. F\u00f6r detta kr\u00e4vs att:<\/span><\/p>\n<ul>\n<li style=\"font-weight: 400\"><b>\u00a0Kontinuitetsskog m\u00e5ste bli olagligt att avverka. Tills dess m\u00e5ste skogsbolagen ta sitt sektorsansvar. Sveaskog m\u00e5ste g\u00e5 f\u00f6rst.<\/b><b>\n<p><\/b><\/li>\n<li style=\"font-weight: 400\"><b>\u00a0Frivilliga avs\u00e4ttningar m\u00e5ste bli l\u00e5ngsiktiga, transparenta, kvalitetss\u00e4krade och utm\u00e4rkta i terr\u00e4ngen.\u00a0<\/b><\/li>\n<\/ul>\n<p><span style=\"font-weight: 400\">Vi n\u00e5r inte v\u00e5ra demokratiskt beslutade milj\u00f6m\u00e5l f\u00f6r skogen. B\u00e5de Naturv\u00e5rdsverket och Skogsstyrelsen som \u00e4r ansvariga f\u00f6r milj\u00f6m\u00e5len \u201cEtt rikt v\u00e4xt- och djurliv\u201d respektive \u201cLevande skogar\u201d s\u00e4ger att m\u00e5len inte n\u00e5s. <\/span><span style=\"font-weight: 400\"><br \/>\n<\/span><span style=\"font-weight: 400\"><br \/>\n<\/span><span style=\"font-weight: 400\">Anledningen till detta \u00e4r att den riktiga skogen (inte att f\u00f6rv\u00e4xla med tr\u00e4dplantage) blir mindre och mer upphackad, att skyddet av natur inte \u00e4r tillr\u00e4ckligt omfattande och att skogsindustrin inte tar tillr\u00e4cklig milj\u00f6h\u00e4nsyn: kalhyggesbruk \u00e4r fortfarande den vanligast f\u00f6rekommande metoden och <\/span><a href=\"https:\/\/www.naturvardsverket.se\/Miljoarbete-i-samhallet\/Miljoarbete-i-Sverige\/Uppdelat-efter-omrade\/Naturvard\/Skydd-av-natur\/Formellt-skydd-av-skog\/\"><span style=\"font-weight: 400\">v\u00e4rdek\u00e4rnor<\/span><\/a><span style=\"font-weight: 400\"> (allts\u00e5 det allra g\u00f6ttigaste i skogen) avverkas fortfarande p\u00e5 l\u00f6pande band.<\/span><\/p>\n<p><span style=\"font-weight: 400\">Sveaskog, statens skogsbolag, v\u00e5rt skogsbolag har ett stort ansvar h\u00e4r, men prioriterar ett offensivt skogsbruk framf\u00f6r ett h\u00e5llbart skogsbruk. Detta trots att de \u00e4r ett statligt bolag som borde bidra till att vi uppn\u00e5r v\u00e5ra redan demokratiskt beslutade klimat- och milj\u00f6m\u00e5l. <\/span><span style=\"font-weight: 400\"><br \/>\n<\/span><span style=\"font-weight: 400\"><br \/>\n<\/span><span style=\"font-weight: 400\">Det \u00e4r anm\u00e4rkningsv\u00e4rt att ett statligt bolag till\u00e5ts verka stick i st\u00e4v med vad forskningen rekommenderar och vad v\u00e5rt h\u00f6gsta beslutande organ har best\u00e4mt.<\/span><\/p>\n<p><span style=\"font-weight: 400\">Milj\u00f6r\u00f6relsen gjorde tidigare i \u00e5r<\/span><a href=\"https:\/\/www.greenpeace.org\/sweden\/pressmeddelanden\/2726\/tusentals-svenskar-till-ibrahim-baylan-radda-var-skog\/\"><span style=\"font-weight: 400\"> ett gemensamt upprop och fler \u00e4n 45 000 personer skrev under<\/span><\/a> <span style=\"font-weight: 400\">f\u00f6r att f\u00e5 regeringen, med n\u00e4ringsminister Ibrahim Baylan i spetsen att \u00e4ndra \u00e4gardirektiven f\u00f6r Sveaskog. F\u00f6r att Sveaskog ska bli en del av l\u00f6sningen m\u00e5ste dessa punkter genomf\u00f6ras:<\/span><\/p>\n<ul>\n<li style=\"font-weight: 400\"><span style=\"font-weight: 400\">Skydda alla statliga skogar med h\u00f6ga naturv\u00e4rden som Sveaskog f\u00f6rvaltar<\/span><\/li>\n<li style=\"font-weight: 400\"><span style=\"font-weight: 400\">Anv\u00e4nd statliga skogar med l\u00e5ga naturv\u00e4rden och byt dessa mot privat\u00e4gd skog med h\u00f6ga naturv\u00e4rden s\u00e5 att dessa skyddas<\/span><\/li>\n<li style=\"font-weight: 400\"><span style=\"font-weight: 400\">Staten och Sveaskog ska ligga i framkant i att utveckla ett ekosystembaserat, hyggesfritt skogsbruk<\/span><\/li>\n<li style=\"font-weight: 400\"><span style=\"font-weight: 400\">Sveaskogs avkastningskrav m\u00e5ste s\u00e4nkas s\u00e5 att punkterna ovan kan genomf\u00f6ras<\/span><\/li>\n<\/ul>\n<p><span style=\"font-weight: 400\">Staten m\u00e5ste bli en f\u00f6reg\u00e5ngare inom naturv\u00e5rd om vi ska klara milj\u00f6m\u00e5len som riksdagen beslutat om, inte minst m\u00e5len<\/span><a href=\"http:\/\/www.naturvardsverket.se\/Miljoarbete-i-samhallet\/Sveriges-miljomal\/Miljokvalitetsmalen\/Levande-skogar\/\"><span style=\"font-weight: 400\"> &#8221;Levande skogar&#8221;<\/span><\/a> <span style=\"font-weight: 400\">och<\/span><a href=\"https:\/\/www.naturvardsverket.se\/Miljoarbete-i-samhallet\/Sveriges-miljomal\/Miljokvalitetsmalen\/Ett-rikt-vaxt--och-djurliv\/\"><span style=\"font-weight: 400\"> &#8221;Ett rikt v\u00e4xt- och djurliv&#8221;<\/span><span style=\"font-weight: 400\">. <\/span><\/a><span style=\"font-weight: 400\"><\/p>\n<p>Som det ser ut idag \u00e4r vi inte i n\u00e4rheten av att n\u00e5 dessa m\u00e5l.<br \/>\nKampen f\u00f6r skogen och v\u00e5r \u00f6verlevand kommer d\u00e4rf\u00f6r v\u00e4xlas upp, hoppas ni \u00e4r med oss!<\/p>\n<p><\/span><span style=\"font-weight: 400\">Kram<br \/>\nL<\/span><\/p>\n","protected":false},"excerpt":{"rendered":"<p>Nu har jag just m\u00f6tt Helene Samuelsson kommunikationschef och Olof Johansson Skogspolitisk chef, b\u00e5da p\u00e5 Sveaskog, f\u00f6r en pratstund i ett varmt och bl\u00e5sigt Almedalen. Vi diskuterade kort de senaste&hellip;<\/p>\n","protected":false},"author":34,"featured_media":612,"comment_status":"open","ping_status":"open","sticky":false,"template":"","format":"standard","meta":{"ep_exclude_from_search":false,"p4_og_title":"","p4_og_description":"","p4_og_image":"","p4_og_image_id":"","p4_seo_canonical_url":"","p4_campaign_name":"","p4_local_project":"","p4_basket_name":"","p4_department":"","footnotes":""},"categories":[22],"tags":[19,40,23],"p4-page-type":[16],"class_list":["post-3310","post","type-post","status-publish","format-standard","has-post-thumbnail","hentry","category-skog","tag-skyddaskogen","tag-biodiversitet","tag-globaluppvarmning","p4-page-type-artiklar"],"_links":{"self":[{"href":"https:\/\/www.greenpeace.org\/sweden\/wp-json\/wp\/v2\/posts\/3310","targetHints":{"allow":["GET"]}}],"collection":[{"href":"https:\/\/www.greenpeace.org\/sweden\/wp-json\/wp\/v2\/posts"}],"about":[{"href":"https:\/\/www.greenpeace.org\/sweden\/wp-json\/wp\/v2\/types\/post"}],"author":[{"embeddable":true,"href":"https:\/\/www.greenpeace.org\/sweden\/wp-json\/wp\/v2\/users\/34"}],"replies":[{"embeddable":true,"href":"https:\/\/www.greenpeace.org\/sweden\/wp-json\/wp\/v2\/comments?post=3310"}],"version-history":[{"count":6,"href":"https:\/\/www.greenpeace.org\/sweden\/wp-json\/wp\/v2\/posts\/3310\/revisions"}],"predecessor-version":[{"id":3316,"href":"https:\/\/www.greenpeace.org\/sweden\/wp-json\/wp\/v2\/posts\/3310\/revisions\/3316"}],"wp:featuredmedia":[{"embeddable":true,"href":"https:\/\/www.greenpeace.org\/sweden\/wp-json\/wp\/v2\/media\/612"}],"wp:attachment":[{"href":"https:\/\/www.greenpeace.org\/sweden\/wp-json\/wp\/v2\/media?parent=3310"}],"wp:term":[{"taxonomy":"category","embeddable":true,"href":"https:\/\/www.greenpeace.org\/sweden\/wp-json\/wp\/v2\/categories?post=3310"},{"taxonomy":"post_tag","embeddable":true,"href":"https:\/\/www.greenpeace.org\/sweden\/wp-json\/wp\/v2\/tags?post=3310"},{"taxonomy":"p4-page-type","embeddable":true,"href":"https:\/\/www.greenpeace.org\/sweden\/wp-json\/wp\/v2\/p4-page-type?post=3310"}],"curies":[{"name":"wp","href":"https:\/\/api.w.org\/{rel}","templated":true}]}}