{"id":3359,"date":"2019-07-08T12:57:57","date_gmt":"2019-07-08T11:57:57","guid":{"rendered":"https:\/\/www.greenpeace.org\/sweden\/?p=3359"},"modified":"2024-08-22T13:03:11","modified_gmt":"2024-08-22T12:03:11","slug":"europa-brinner-vara-folkvalda-snoozar","status":"publish","type":"post","link":"https:\/\/www.greenpeace.org\/sweden\/artiklar\/klimat\/europa-brinner-vara-folkvalda-snoozar\/","title":{"rendered":"Europa brinner, v\u00e5ra folkvalda snoozar"},"content":{"rendered":"<p><b>Kommer du ih\u00e5g n\u00e4r extremv\u00e4der fr\u00e4mst var n\u00e5got som drabbade m\u00e4nniskor som bor i exempelvis Afrika, s\u00f6der om Sahara, m\u00e4nniskor p\u00e5 landsbygden i Syrien eller p\u00e5 Haiti? Nu drabbar det \u00e4ven oss i Europa. L\u00e5t det bli den typ av v\u00e4ckarklocka som ni inte v\u00e4ljer att snooza igenom.<\/b><\/p>\n<p><img loading=\"lazy\" decoding=\"async\" class=\"aligncenter wp-image-3394 size-full\" src=\"https:\/\/www.greenpeace.org\/static\/planet4-sweden-stateless\/2019\/07\/384405d0-ratt-graf-bild_artikel_brander.jpg\" alt=\"\" width=\"695\" height=\"695\" srcset=\"https:\/\/www.greenpeace.org\/static\/planet4-sweden-stateless\/2019\/07\/384405d0-ratt-graf-bild_artikel_brander.jpg 695w, https:\/\/www.greenpeace.org\/static\/planet4-sweden-stateless\/2019\/07\/384405d0-ratt-graf-bild_artikel_brander-150x150.jpg 150w, https:\/\/www.greenpeace.org\/static\/planet4-sweden-stateless\/2019\/07\/384405d0-ratt-graf-bild_artikel_brander-300x300.jpg 300w, https:\/\/www.greenpeace.org\/static\/planet4-sweden-stateless\/2019\/07\/384405d0-ratt-graf-bild_artikel_brander-340x340.jpg 340w\" sizes=\"auto, (max-width: 695px) 100vw, 695px\" \/><\/p>\n<p><span style=\"font-weight: 400;\"><a href=\"https:\/\/www.euronews.com\/2019\/06\/25\/eu-hit-by-1-381-wildfires-so-far-in-2019-risk-higher-in-areas-with-heatwave?fbclid=IwAR2VwDFPF3uaxkbdd_MylR0C5mp5ra22E9UMBEdfccpKsgRF3Pm7agdLWZM\">Enligt Copernicus\u2019 European Forest Fire Information System (EFFIS) har EU redan drabbats av 1 381 vildbr\u00e4nder under 2019<\/a>, vilket \u00e4r betydligt fler br\u00e4nder \u00e4n genomsnittet f\u00f6r f\u00f6rsta halvan av \u00e5ret. Enligt EFFIS \u00e4r det p\u00e5 grund av de v\u00e4rmeb\u00f6ljor det rapporterats flitigt om. V\u00e5r vanliga &#8221;h\u00f6gs\u00e4song&#8221; f\u00f6r br\u00e4nder i Europa \u00e4r fortfarande framf\u00f6r oss\u00a0 (augusti-september), s\u00e5 vi kan anta att om v\u00e4rmeb\u00f6ljorna forts\u00e4tter att rulla in \u00f6ver Europa s\u00e5 riskerar vi betydande fler utbrott av katastrofala br\u00e4nder i slutet av sommaren och\/eller b\u00f6rjan p\u00e5 h\u00f6sten.<\/span><\/p>\n<p><span style=\"font-weight: 400;\">EU och Sverige har tidigare haft sv\u00e5righeter att hantera alla dessa br\u00e4nder, \u00e4nd\u00e5 g\u00f6r vi l\u00e5ngt ifr\u00e5n tillr\u00e4ckligt i form av proaktiva \u00e5tg\u00e4rder f\u00f6r att hantera och f\u00f6rebygga dessa \u00e5terkommande v\u00e4rmeb\u00f6ljor. <\/span><\/p>\n<div id=\"attachment_3365\" style=\"width: 1034px\" class=\"wp-caption alignnone\"><img loading=\"lazy\" decoding=\"async\" aria-describedby=\"caption-attachment-3365\" class=\"wp-image-3365 size-large\" src=\"https:\/\/www.greenpeace.org\/static\/planet4-sweden-stateless\/2019\/07\/d472388b-gp0stqcab_high_res-1024x683.jpg\" alt=\"\" width=\"1024\" height=\"683\" \/><p id=\"caption-attachment-3365\" class=\"wp-caption-text\">Varmare klimat = fler och v\u00e4rre katastrofbr\u00e4nder. M\u00e4nniskan har p\u00e5verkat orsaken, skalan, och spridningen p\u00e5 storskaliga skogsbr\u00e4nder. Vi kan inte l\u00e4ngre kan blunda f\u00f6r problemet, vi m\u00e5ste stoppa denna onda cirkel<\/p><\/div>\n<p><span style=\"font-weight: 400;\">Tyv\u00e4rr kan vi \u00e4n en g\u00e5ng konstatera det frustrerande faktum att vi fortfarande \u00e4r l\u00e5ngt ifr\u00e5n de systemf\u00f6r\u00e4ndringar som v\u00e5r \u00f6verlevnad kr\u00e4ver. <\/span><span style=\"font-weight: 400;\">Det \u00e4r under denna mandatperiod som<\/span><span style=\"font-weight: 400;\"> grunden f\u00f6r den n\u00f6dv\u00e4ndiga omst\u00e4llningen m\u00e5ste ske. <\/span><span style=\"font-weight: 400;\">Regeringen beh\u00f6ver d\u00e4rf\u00f6r utlysa klimatn\u00f6dl\u00e4ge snarast f\u00f6r att kickstarta omst\u00e4llningsarbetet och fylla politiken med det inneh\u00e5ll som ger verklig systemf\u00f6r\u00e4ndring<\/span><span style=\"font-weight: 400;\">.\u00a0<\/span><\/p>\n<p><span style=\"font-weight: 400;\">Vi beh\u00f6ver politik som leder till en r\u00e4ttvis v\u00e4rld. En v\u00e4rld d\u00e4r v\u00e5ra barn m\u00e5r bra och har tilltro till sin framtid. Inte den verklighet vi lever i idag, d\u00e4r barn \u00e4r s\u00e5 r\u00e4dda f\u00f6r v\u00e5r gemensamma framtid att de bara v\u00e5gar tillgodose sig 80 procent av sin utbildning.<\/span><\/p>\n<div style=\"width: 640px;\" class=\"wp-video\"><video class=\"wp-video-shortcode\" id=\"video-3359-1\" width=\"640\" height=\"360\" preload=\"metadata\" controls=\"controls\"><source type=\"video\/mp4\" src=\"https:\/\/www.greenpeace.org\/static\/planet4-sweden-stateless\/2019\/07\/52a73a38-46767603_1100676426785707_405171357685383168_n-1.mp4?_=1\" \/><a href=\"https:\/\/www.greenpeace.org\/static\/planet4-sweden-stateless\/2019\/07\/52a73a38-46767603_1100676426785707_405171357685383168_n-1.mp4\">https:\/\/www.greenpeace.org\/static\/planet4-sweden-stateless\/2019\/07\/52a73a38-46767603_1100676426785707_405171357685383168_n-1.mp4<\/a><\/video><\/div>\n<p>&nbsp;<\/p>\n<p>Vi tillh\u00f6r den regionen i v\u00e4rlden som m\u00e5ste g\u00f6ra mest i klimatomst\u00e4llningen f\u00f6r en h\u00e5llbar och r\u00e4ttvis v\u00e4rld, men det \u00e4r tydligt att v\u00e5ra makthavare \u00e4r vilsna i sitt klimatarbete. Att utlysa klimatn\u00f6dl\u00e4ge kan vara precis den knuff de beh\u00f6ver f\u00f6r att ta det n\u00f6dv\u00e4ndiga klivet mot att r\u00e4tta alla politiska beslut efter den situation vi befinner oss i. Fr\u00e5ga sedan er sj\u00e4lva: Har keeling-kurvan v\u00e4nt ned\u00e5t? Om inte &#8211; steppa upp ytterligare.<\/p>\n<p><span style=\"font-weight: 400;\">Politiken missar dessutom uppenbart att respektera vikten av naturskydd som en n\u00f6dv\u00e4ndig klimat\u00e5tg\u00e4rd, samtidigt som de misslyckas med att minska v\u00e4xthusgasutsl\u00e4ppen i den takt som Parisavtalet och n\u00e4sta generation kr\u00e4ver av oss. Det g\u00f6r att de naturliga, billiga och redan fungerade s\u00e4tten att lagra koldioxid blir allt viktigare. V\u00e4xthusgasutsl\u00e4ppen m\u00e5ste ner till noll i v\u00e5r del av v\u00e4rlden. Att prata om\u00a0 \u201cminskning \u00f6ver tid\u201d eller i \u201candra regioner\u201d &#8211; den tiden \u00e4r f\u00f6rbi.\u00a0<\/span><\/p>\n<p><strong>Ni med makt nu, m\u00e5ste ocks\u00e5 agera nu.<\/strong><span style=\"font-weight: 400;\"><br \/>\n<\/span><\/p>\n<p><span style=\"font-weight: 400;\">Eftersom att regeringen verkar ha sv\u00e5rt att prioritera de saker med st\u00f6rst positiv inverkan f\u00f6r minskning av utsl\u00e4ppen har vi gjort det \u00e5t er. Det b\u00e4sta \u00e4r att ni kan g\u00f6ra detta redan idag: Stoppa utbyggnaden av F\u00f6rbifart Stockholm, stoppa utbyggnaden av Arlanda, stoppa byggandet av terminalen f\u00f6r flytande fossilgas, LNG, i G\u00f6teborg och stoppa Preemraffs utbyggnad i Lysekil.<\/span><\/p>\n<p>L\u00e4gg ist\u00e4llet dessa enorma investeringar p\u00e5 klimatsmarta s\u00e4tt att resa och ren fl\u00f6desenergi fr\u00e5n sol och vind. Det \u00e4r ert jobb att s\u00e4kerst\u00e4lla h\u00e5llbar mobilitet i hela Sverige samt gr\u00f6n el till alla.<\/p>\n<p><em><span style=\"font-weight: 400;\">P.S. V\u00e4rlden beh\u00f6ver allts\u00e5 MINDRE v\u00e4xthusgasutsl\u00e4pp, inte mer. D.S.<\/span><span style=\"font-weight: 400;\"><br \/>\n<\/span><\/em><span style=\"font-weight: 400;\"><br \/>\n<\/span><span style=\"font-weight: 400;\">Lina Burnelius &amp; Rosanna Endre<\/span><\/p>\n","protected":false},"excerpt":{"rendered":"<p>Kommer du ih\u00e5g n\u00e4r extremv\u00e4der fr\u00e4mst var n\u00e5got som drabbade m\u00e4nniskor som bor i exempelvis Afrika, s\u00f6der om Sahara, m\u00e4nniskor p\u00e5 landsbygden i Syrien eller p\u00e5 Haiti? Nu drabbar det&hellip;<\/p>\n","protected":false},"author":34,"featured_media":3365,"comment_status":"open","ping_status":"open","sticky":false,"template":"","format":"standard","meta":{"ep_exclude_from_search":false,"p4_og_title":"","p4_og_description":"","p4_og_image":"","p4_og_image_id":"","p4_seo_canonical_url":"","p4_campaign_name":"","p4_local_project":"","p4_basket_name":"","p4_department":"","footnotes":""},"categories":[2],"tags":[40,19,53],"p4-page-type":[16],"class_list":["post-3359","post","type-post","status-publish","format-standard","has-post-thumbnail","hentry","category-klimat","tag-biodiversitet","tag-skyddaskogen","tag-svenskpolitik","p4-page-type-artiklar"],"_links":{"self":[{"href":"https:\/\/www.greenpeace.org\/sweden\/wp-json\/wp\/v2\/posts\/3359","targetHints":{"allow":["GET"]}}],"collection":[{"href":"https:\/\/www.greenpeace.org\/sweden\/wp-json\/wp\/v2\/posts"}],"about":[{"href":"https:\/\/www.greenpeace.org\/sweden\/wp-json\/wp\/v2\/types\/post"}],"author":[{"embeddable":true,"href":"https:\/\/www.greenpeace.org\/sweden\/wp-json\/wp\/v2\/users\/34"}],"replies":[{"embeddable":true,"href":"https:\/\/www.greenpeace.org\/sweden\/wp-json\/wp\/v2\/comments?post=3359"}],"version-history":[{"count":20,"href":"https:\/\/www.greenpeace.org\/sweden\/wp-json\/wp\/v2\/posts\/3359\/revisions"}],"predecessor-version":[{"id":3398,"href":"https:\/\/www.greenpeace.org\/sweden\/wp-json\/wp\/v2\/posts\/3359\/revisions\/3398"}],"wp:featuredmedia":[{"embeddable":true,"href":"https:\/\/www.greenpeace.org\/sweden\/wp-json\/wp\/v2\/media\/3365"}],"wp:attachment":[{"href":"https:\/\/www.greenpeace.org\/sweden\/wp-json\/wp\/v2\/media?parent=3359"}],"wp:term":[{"taxonomy":"category","embeddable":true,"href":"https:\/\/www.greenpeace.org\/sweden\/wp-json\/wp\/v2\/categories?post=3359"},{"taxonomy":"post_tag","embeddable":true,"href":"https:\/\/www.greenpeace.org\/sweden\/wp-json\/wp\/v2\/tags?post=3359"},{"taxonomy":"p4-page-type","embeddable":true,"href":"https:\/\/www.greenpeace.org\/sweden\/wp-json\/wp\/v2\/p4-page-type?post=3359"}],"curies":[{"name":"wp","href":"https:\/\/api.w.org\/{rel}","templated":true}]}}