{"id":3364,"date":"2019-07-08T12:59:56","date_gmt":"2019-07-08T11:59:56","guid":{"rendered":"https:\/\/www.greenpeace.org\/sweden\/?p=3364"},"modified":"2023-02-23T10:33:04","modified_gmt":"2023-02-23T09:33:04","slug":"jag-har-delat-bilden-innan-och-vill-gora-det-igen","status":"publish","type":"post","link":"https:\/\/www.greenpeace.org\/sweden\/artiklar\/klimat\/jag-har-delat-bilden-innan-och-vill-gora-det-igen\/","title":{"rendered":"V\u00e4xthusgaser k\u00e4nner inga nationsgr\u00e4nser"},"content":{"rendered":"<p><strong>Bilden \u00e4r inte min. Hade jag kunnat m\u00e5la hade jag idag gjort en uppf\u00f6ljning d\u00e4r fler partier representeras p\u00e5 bilden. L\u00e5t det sjunka in. Retoriken \u00e4r mer finslipad, men v\u00e4rdegrunden \u00e4r den samma &#8211; och de v\u00e4xer. Hur kommer det l\u00e5ta n\u00e4r det \u00e4r val\u00e5r om vi andra missar att ta debatten varje g\u00e5ng fram tills dess?<\/strong><\/p>\n<div id=\"attachment_3370\" style=\"width: 660px\" class=\"wp-caption alignnone\"><img loading=\"lazy\" decoding=\"async\" aria-describedby=\"caption-attachment-3370\" class=\"wp-image-3370 size-full\" src=\"https:\/\/www.greenpeace.org\/static\/planet4-sweden-stateless\/2019\/07\/4a0d52fb-den-yttersta-domen.jpg\" alt=\"\" width=\"650\" height=\"587\" srcset=\"https:\/\/www.greenpeace.org\/static\/planet4-sweden-stateless\/2019\/07\/4a0d52fb-den-yttersta-domen.jpg 650w, https:\/\/www.greenpeace.org\/static\/planet4-sweden-stateless\/2019\/07\/4a0d52fb-den-yttersta-domen-300x271.jpg 300w, https:\/\/www.greenpeace.org\/static\/planet4-sweden-stateless\/2019\/07\/4a0d52fb-den-yttersta-domen-376x340.jpg 376w\" sizes=\"auto, (max-width: 650px) 100vw, 650px\" \/><p id=\"caption-attachment-3370\" class=\"wp-caption-text\">Bilden \u00e4r inte min. Hade jag kunnat m\u00e5la hade jag idag gjort en uppf\u00f6ljning d\u00e4r fler partier representeras p\u00e5 bilden. L\u00e5t det sjunka in. Retoriken \u00e4r mer finslipad, men v\u00e4rdegrunden \u00e4r den samma &#8211; och de v\u00e4xer. Hur kommer det l\u00e5ta n\u00e4r det \u00e4r val\u00e5r om vi andra missar att ta debatten varje g\u00e5ng fram tills dess?<\/p><\/div>\n<p>V\u00e4xthusgaser k\u00e4nner inga nationsgr\u00e4nser. Vi m\u00e5ste d\u00e4rf\u00f6r hastigt minska ut<span class=\"text_exposed_show\">sl\u00e4ppen i de l\u00e4nder som sl\u00e4pper ut mest. Sverige \u00e4r en att dem. Det skulle kr\u00e4vas 4,2 jordklot om alla skulle leva som oss svenskar. Sveriges \u2019overshoot day\u2019 inf\u00f6ll 4e april. Svenskar lever p\u00e5 l\u00e5nade resurser 9 av \u00e5rets 12 m\u00e5nader. Vem l\u00e5nar vi av? Vem sa \u201cJa, jo men visst &#8211; go ahead\u201d. Nej precis, ingen sa n\u00e5gonsin det. D\u00e4remot har m\u00e5nga sagt det motsatta: \u201c<em>Jorden \u00e4r torr &amp; vi kan inte \u00f6verleva i dagens klimat\u201d<\/em>, <em>\u201cJag odlar mat till v\u00e4stv\u00e4rlden, men g\u00e5r och l\u00e4gger mig hungrig\u201d<\/em>, <em>\u201cHavet stiger igen, vi kan inte bo kvar\u201d, \u201cFisken \u00e4r slut och havet \u00e4r d\u00f6tt\u201d, \u201cOm jag dricker vattnet idag, blir jag sjuk om en vecka, om jag inte dricker idag, lever jag inte n\u00e4sta vecka\u201d.<\/em><\/span><\/p>\n<p>Till skillnad fr\u00e5n v\u00e4xthusgaser s\u00e5 k\u00e4nner tyv\u00e4rr m\u00e4nniskor av nationsgr\u00e4nser idag. Samtidigt v\u00e4ljer ingen att fly. Man v\u00e4ljer att flytta. Det \u00e4r inte samma sak. F\u00f6rest\u00e4ll er att n\u00e5gon \u201cl\u00e5nade\u201d din inkomst av dig om och om igen, tills du inte l\u00e4ngre hade r\u00e5d att bo kvar, s\u00e5 du packar det du kan b\u00e4ra och g\u00e5r dit l\u00e5net spenderats &#8211; bara f\u00f6r att f\u00e5 h\u00f6ra: \u201cNej stanna d\u00e4r du \u00e4r, vi hj\u00e4lper er p\u00e5 plats, ni kan inte komma hit och belasta mig.\u201d<\/p>\n<p>Klimatflyktingar \u00e4r den vanligaste formen av flyktingar idag, i en svensk kontext m\u00e5ste vi \u00e4ven tala om krig. Krig m\u00f6jligg\u00f6rs bekant av vapen. Ofta svenska s\u00e5dana. Det \u00e4r svenska vapen som splittrat m\u00e5nga av de familjer som \u00e4r p\u00e5 flykt och det \u00e4r blods-pengar som till viss del finansierat det svenska samh\u00e4llet och den svenska v\u00e4lf\u00e4rden. Vilka somliga nu h\u00e4vdar \u00e4r en belastning n\u00e4r de vill komma hit \u00f6verlev i den samma. \u00c4r det inte snarare s\u00e5 att <em>om<\/em> n\u00e5gon nu kan ha f\u00f6rtur till detta, s\u00e5 \u00e4r det v\u00e4l just \u00f6verlevarna i dessa familjer?<\/p>\n<p>Kanske \u00e4r krigsbegreppet f\u00f6r stort? Kanske \u00e4r det d\u00e4rf\u00f6r det fortfarande finns utrymme f\u00f6r egoism? S\u00e5 l\u00e5t oss ist\u00e4llet t\u00e4nka oss att partiledaren och hens partner ligger hemma och sover, och s\u00e5 kommer n\u00e5gon dit och uts\u00e4tter er f\u00f6r ett r\u00e5n &#8211; som slutar i r\u00e5nmord; din partner blir m\u00f6rdad men du \u00f6verlever. Kanske \u00e4r det allra v\u00e4rst f\u00f6r din partner i denna situation &#8211; hen \u00e4r ju d\u00f6d, men \u00e4ven du som just \u00f6verlevt dr\u00e5pf\u00f6rs\u00f6ket \u00e4r ju du i den h\u00e4r situationen ett brotts-offer. Du har just blivid offrad p\u00e5 grund av att n\u00e5gon annan just valt att genomf\u00f6ra ett brott.<\/p>\n<p>Lite som en krigs- eller klimatflykting, f\u00f6rsatt p\u00e5 flykt p\u00e5 grund av att n\u00e5gon annan just valt att starta ett krig, s\u00e4lja vapen eller sl\u00e4ppa ut f\u00f6r mycket v\u00e4xthusgaser. Men du hinner inte t\u00e4nka p\u00e5 allt s\u00e5dant just nu; vem som \u00e4r mest drabbad, vem som \u00e4r mest s\u00e5rad, eller vem som sk\u00f6t \u2013 g\u00e4rningsmannen \u00e4r kvar i huset s\u00e5 du sl\u00e4pper alla andra tankar och springer, inte sant? Visst flyr du i panik med r\u00e4dsla f\u00f6r sitt liv? Visst hoppas du p\u00e5 att hitta en s\u00e4ker plats och att det finns n\u00e5gon m\u00e4nniska i grannskapet som h\u00f6r dina rop p\u00e5 hj\u00e4lp? &nbsp;Att m\u00e4nniskor i ditt kvarter bryr sig om dig och vill hj\u00e4lpa dig i denna fruktansv\u00e4rda situation.<\/p>\n<p>I dagens globala samh\u00e4lle utg\u00f6rs r\u00e5nm\u00f6rdaren av rebellgrupper, diktaturer, politiker eller megaf\u00f6retag &#8211; och kvarteret som de spr\u00e4nger eller s\u00e4nker ner under vattnet &#8211; har global r\u00e4ckvidd.<\/p>\n<p><strong>I alla fall enligt mig.<\/strong><\/p>\n<p>Vi m\u00e5ste skapa en v\u00e4rld d\u00e4r m\u00e4nniskor inte tvingas f\u00f6rs\u00e4ttas p\u00e5 flykt. Samtidigt sj\u00e4lvklart, dels v\u00e4lkomna m\u00e4nniskor hit f\u00f6r att \u00f6verleva h\u00e4r, f\u00f6r att sedan ges \u00e4nnu b\u00e4ttre f\u00f6ruts\u00e4ttningar och m\u00f6jlighet till v\u00e4rdiga liv h\u00e4r, \u00e4n vad vi lyckas med &nbsp;idag. Allt annat \u00e4r inhumant.<\/p>\n<p>Jag har delat bilden innan och vill g\u00f6ra det igen. Max Gustafson lyckas med en enda bild s\u00e4ga mycket mer \u00e4n jag. Tillsammans kanske ord och bild kan n\u00e5 fler.<\/p>\n<p><strong>F\u00f6r vi beh\u00f6ver bli fler.<\/strong> Fler som lyfter p\u00e5 locket \u2013 fler som tar debatten och fler som s\u00e4ger ifr\u00e5n! Om fr\u00e4mlingsfientlighet, om nationellt d\u00e5ligt samvete, om kommande generationers arv, om h\u00e5llbarhet, om globalisering, och om medm\u00e4nsklighet.<\/p>\n<p>Lina<\/p>\n\t\t\t<section\n\t\t\tclass=\"boxout post-32 \"\n\t\t\t\n\t\t>\n\t\t\t<a\n\t\t\t\tdata-ga-category=\"Take Action Boxout\"\n\t\t\t\tdata-ga-action=\"Image\"\n\t\t\t\tdata-ga-label=\"n\/a\"\n\t\t\t\tclass=\"cover-card-overlay\"\n\t\t\t\thref=\"https:\/\/www.greenpeace.org\/sweden\/agera\/bli-volontar\/\" \n\t\t\t><\/a>\n\t\t\t\t\t\t\t<img\n\t\t\t\t\t\tsrc=\"https:\/\/www.greenpeace.org\/static\/planet4-sweden-stateless\/2019\/01\/6320498f-283ff8a8-gp0strd90-1024x683.jpg\"\n\t\t\t\t\t\tsrcset=\"https:\/\/www.greenpeace.org\/static\/planet4-sweden-stateless\/2019\/01\/6320498f-283ff8a8-gp0strd90-300x200.jpg 300w, https:\/\/www.greenpeace.org\/static\/planet4-sweden-stateless\/2019\/01\/6320498f-283ff8a8-gp0strd90-768x512.jpg 768w, https:\/\/www.greenpeace.org\/static\/planet4-sweden-stateless\/2019\/01\/6320498f-283ff8a8-gp0strd90-1024x683.jpg 1024w, https:\/\/www.greenpeace.org\/static\/planet4-sweden-stateless\/2019\/01\/6320498f-283ff8a8-gp0strd90-510x340.jpg 510w, https:\/\/www.greenpeace.org\/static\/planet4-sweden-stateless\/2019\/01\/6320498f-283ff8a8-gp0strd90.jpg 1200w\"\n\t\t\t\t\t\tsizes=\"(min-width: 1000px) 358px, (min-width: 780px) 313px, 88px\"\n\t\t\t\t\t\talt=\"\" title=\"\"\n\t\t\t\t\/>\n            \t\t\t<div class=\"boxout-content\">\n\t\t\t\t\t\t\t\t\t<a\n\t\t\t\t\t\tclass=\"boxout-heading medium\"\n\t\t\t\t\t\tdata-ga-category=\"Take Action Boxout\"\n\t\t\t\t\t\tdata-ga-action=\"Title\"\n\t\t\t\t\t\tdata-ga-label=\"n\/a\"\n\t\t\t\t\t\thref=\"https:\/\/www.greenpeace.org\/sweden\/agera\/bli-volontar\/\"\n\t\t\t\t\t\t\n\t\t\t\t\t>\n\t\t\t\t\t\tBli volont\u00e4r\n\t\t\t\t\t<\/a>\n\t\t\t\t\t\t\t\t\t\t\t\t\t<p class=\"boxout-excerpt\">Vill du vara med och g\u00f6ra skillnad? N\u00e4r du \u00e4r volont\u00e4r hos oss kan du syssla med allt fr\u00e5n att fixa banderoller, aktioner och demonstrationer till kampanjarbete. Vi erbjuder \u00e4ven en rad tr\u00e4ningar f\u00f6r att du som volont\u00e4r ska v\u00e4xa och med oss.<\/p>\n\t\t\t\t                                    <a\n                        class=\"btn btn-primary\"\n                        data-ga-category=\"Take Action Boxout\"\n                        data-ga-action=\"Call to Action\"\n                        data-ga-label=\"n\/a\"\n                        href=\"https:\/\/www.greenpeace.org\/sweden\/agera\/bli-volontar\/\"\n                        \n                    >\n                        Engagera dig\n                    <\/a>\n                \t\t\t<\/div>\n\t\t\t\t\t<\/section>\n\t","protected":false},"excerpt":{"rendered":"<p>Bilden \u00e4r inte min. Hade jag kunnat m\u00e5la hade jag idag gjort en uppf\u00f6ljning d\u00e4r fler partier representeras p\u00e5 bilden. L\u00e5t det sjunka in. Retoriken \u00e4r mer finslipad, men v\u00e4rdegrunden&hellip;<\/p>\n","protected":false},"author":34,"featured_media":3370,"comment_status":"open","ping_status":"open","sticky":false,"template":"","format":"standard","meta":{"ep_exclude_from_search":false,"p4_og_title":"","p4_og_description":"","p4_og_image":"","p4_og_image_id":"","p4_seo_canonical_url":"","p4_campaign_name":"","p4_local_project":"","p4_basket_name":"","p4_department":"","footnotes":""},"categories":[2],"tags":[23,24],"p4-page-type":[16],"class_list":["post-3364","post","type-post","status-publish","format-standard","has-post-thumbnail","hentry","category-klimat","tag-globaluppvarmning","tag-fossilenergi","p4-page-type-artiklar"],"_links":{"self":[{"href":"https:\/\/www.greenpeace.org\/sweden\/wp-json\/wp\/v2\/posts\/3364","targetHints":{"allow":["GET"]}}],"collection":[{"href":"https:\/\/www.greenpeace.org\/sweden\/wp-json\/wp\/v2\/posts"}],"about":[{"href":"https:\/\/www.greenpeace.org\/sweden\/wp-json\/wp\/v2\/types\/post"}],"author":[{"embeddable":true,"href":"https:\/\/www.greenpeace.org\/sweden\/wp-json\/wp\/v2\/users\/34"}],"replies":[{"embeddable":true,"href":"https:\/\/www.greenpeace.org\/sweden\/wp-json\/wp\/v2\/comments?post=3364"}],"version-history":[{"count":15,"href":"https:\/\/www.greenpeace.org\/sweden\/wp-json\/wp\/v2\/posts\/3364\/revisions"}],"predecessor-version":[{"id":55228,"href":"https:\/\/www.greenpeace.org\/sweden\/wp-json\/wp\/v2\/posts\/3364\/revisions\/55228"}],"wp:featuredmedia":[{"embeddable":true,"href":"https:\/\/www.greenpeace.org\/sweden\/wp-json\/wp\/v2\/media\/3370"}],"wp:attachment":[{"href":"https:\/\/www.greenpeace.org\/sweden\/wp-json\/wp\/v2\/media?parent=3364"}],"wp:term":[{"taxonomy":"category","embeddable":true,"href":"https:\/\/www.greenpeace.org\/sweden\/wp-json\/wp\/v2\/categories?post=3364"},{"taxonomy":"post_tag","embeddable":true,"href":"https:\/\/www.greenpeace.org\/sweden\/wp-json\/wp\/v2\/tags?post=3364"},{"taxonomy":"p4-page-type","embeddable":true,"href":"https:\/\/www.greenpeace.org\/sweden\/wp-json\/wp\/v2\/p4-page-type?post=3364"}],"curies":[{"name":"wp","href":"https:\/\/api.w.org\/{rel}","templated":true}]}}