{"id":3399,"date":"2019-07-11T11:34:45","date_gmt":"2019-07-11T10:34:45","guid":{"rendered":"https:\/\/www.greenpeace.org\/sweden\/?p=3399"},"modified":"2024-08-22T13:04:46","modified_gmt":"2024-08-22T12:04:46","slug":"almedalen-2019-vet-du-vad-keelingkurvan-ar-och-nar-den-maste-vanda","status":"publish","type":"post","link":"https:\/\/www.greenpeace.org\/sweden\/artiklar\/klimat\/almedalen-2019-vet-du-vad-keelingkurvan-ar-och-nar-den-maste-vanda\/","title":{"rendered":"Politker pratar om koldioxid, men \u00e4nd\u00e5 skyddar de inte v\u00e5ra kol-f\u00f6rr\u00e5d"},"content":{"rendered":"<p style=\"text-align: left\"><strong>Vi beh\u00f6ver inte fler fina ord eller paneldebatter om kol, vi beh\u00f6ver politik som g\u00f6r att kol stannar i marken. Sluta borra efter olja, skydda alla intakta kol-f\u00f6rr\u00e5d och b\u00f6rja restaurera skadede kol-s\u00e4nkor.<\/strong><\/p>\n<p style=\"text-align: left\"><span style=\"font-weight: 400\"><br \/>\n<\/span><span style=\"font-weight: 400\">I resten av v\u00e4rlden \u00e4r det en v\u00e4xande sanning. <\/span><a href=\"https:\/\/www.theguardian.com\/environment\/2019\/jul\/05\/biggest-compliment-yet-greta-thunberg-welcomes-oil-chiefs-greatest-threat-label\"><span style=\"font-weight: 400\">Greta Tunberg fick vad hon sj\u00e4lv kallar<\/span><i><span style=\"font-weight: 400\"> \u2018the biggest compliment yet<\/span><\/i><span style=\"font-weight: 400\">\u2019 och v\u00e4lkomnar att v\u00e4rldens m\u00e4ktigaste oljekartell, <\/span><span style=\"font-weight: 400\">Mohammed Barkindo, generalsekreteraren f\u00f6r <\/span><span style=\"font-weight: 400\">Opec<\/span><span style=\"font-weight: 400\">, <\/span><span style=\"font-weight: 400\">tror att dagens klimatkampanjer kan vara det &#8221;st\u00f6rsta hotet&#8221; f\u00f6r fossila br\u00e4nslen.<\/span><\/a><span style=\"font-weight: 400\">\u00a0 <\/span><span style=\"font-weight: 400\"><br \/>\n<\/span><span style=\"font-weight: 400\"><br \/>\n<\/span><a href=\"https:\/\/www.dn.se\/ledare\/klimatutmaningen-kraver-ett-systemskifte\/\"><span style=\"font-weight: 400\">Ledarsidan p\u00e5 Dagens Nyheter hade under Almedalsveckan den forskingsbel\u00e4ggda titeln <\/span><i><span style=\"font-weight: 400\">\u2018Klimatutmaningen kr\u00e4ver ett systemskifte\u2019<\/span><\/i><\/a><span style=\"font-weight: 400\">. I texten kan en l\u00e4sa formuleringar likt: <\/span><i><span style=\"font-weight: 400\">Trots att insikten om att vi befinner oss i en existentiell kris b\u00f6r ha sjunkit in hos v\u00e5ra beslutsfattare, g\u00f6rs inte tillr\u00e4ckligt. I st\u00e4llet \u00f6kar utsl\u00e4ppen b\u00e5de<\/span><\/i><a href=\"https:\/\/www.naturvardsverket.se\/Nyheter-och-pressmeddelanden\/Utslappen-av-vaxthusgaser-minskar-inte----\/\"><i><span style=\"font-weight: 400\"> i Sverige <\/span><\/i><\/a><i><span style=\"font-weight: 400\">och globalt.\u00a0<\/span><\/i><\/p>\n<p><b>Det k\u00e4nns som DN-skribenterna beskrev Almedalen 2019. <\/b><b>M\u00e4nniskor som representerar Sveriges maktelit fick om och om igen fr\u00e5gan: \u201dVet du vad <a href=\"https:\/\/www.aktuellhallbarhet.se\/keelingkurvan-klattrar-till-ny-rekordniva\/\">Keelingkurvan<\/a> \u00e4r och n\u00e4r den m\u00e5ste v\u00e4nda?\u201d Fick ett r\u00e4tt svar. Skr\u00e4mmande.<\/b><\/p>\n<p><span style=\"font-weight: 400\">Jag v\u00e5gar mig \u00e4ven p\u00e5 att dela upp m\u00e5nga panelsamtal i Almedalen 2019 mellan; oss som vill skapa en v\u00e4rld d\u00e4r m\u00e4nniskor inte tvingas f\u00f6rs\u00e4ttas p\u00e5 flykt, och de som vill se till att m\u00e4nniskor inte kommer hit och \u00f6verlever. Fast att det \u00e4r inhumant och trots Sverige b\u00e4r stor skuld f\u00f6r m\u00e5nga klimat- och krigsflyktingar. Or\u00e4ttvist.\u00a0<\/span><\/p>\n<p><span style=\"font-weight: 400\">De falska klimatl\u00f6sningarna f\u00f6rs\u00f6ker f\u00e5 f\u00e4ste: exempelvis biodrivmedel, bio-plast och k\u00e4rnkraft. Forskarv\u00e4rlden och ungdomar pratar om en h\u00e5llbar v\u00e4rld som drivs p\u00e5 h\u00e5llbar sol och vindkraft, d\u00e4r landsbygden lever, d\u00e4r kl\u00e4ds\u00e4songer \u00e4r historia, medan vi i st\u00e4llet handlar mat efter s\u00e4song, d\u00e4r eng\u00e5ngsartiklar och f\u00f6rbr\u00e4nningsmotorn beskrivs som morgondagens olja och oljeriggar.\u00a0<\/span><\/p>\n<p><b>Svenska f\u00f6retagsledare och politiker vill dock forts\u00e4tta b\u00e5de f\u00f6rbr\u00e4nna och \u2018slit- och sl\u00e4nga\u2019. Fast med en annan v\u00e4xhusgask\u00e4lla \u00e4n olja. Obegripligt.<\/b><\/p>\n<p><b>Samtidigt som allt fler\u00a0<\/b><b>barn och unga v\u00e4rlden \u00f6ver \u00e4r s\u00e5 r\u00e4dda f\u00f6r v\u00e5r gemensamma framtid att de bara v\u00e5gar tillgodose sig 80 procent av sin utbildning. En undrar ju vad som ska kr\u00e4vas f\u00f6r att vuxna med makt och mandat ska b\u00f6rjar agera?\u00a0<\/b><b><br \/>\n<\/b><\/p>\n<p><span style=\"font-weight: 400\">Jag har d\u00e4rf\u00f6r bjudit in Annie L\u00f6\u00f6f till en samtal. <\/span><a href=\"https:\/\/twitter.com\/annieloof\"><i><span style=\"font-weight: 400\">\u201cTack @annieloof f\u00f6r ett fint &amp; viktigt tal! Du gl\u00f6mde bara en sak @Centerpartiet tycker att skogen \u00e4r l\u00f6sningen.. allts\u00e5 \u00f6kad anv\u00e4ndningen av skogen #Ippc tycker ocks\u00e5 att skogen \u00e4r l\u00f6sningen.. men allts\u00e5 ett \u00f6kat skydd av den sista naturskogen. Kan vi ses och prata?<\/span><\/i><span style=\"font-weight: 400\"><br \/>\n<\/span><\/a><\/p>\n<p><span style=\"font-weight: 400\">Kom igen nu Annie, tacka ja! Greenpeace har ju varit tydliga fr\u00e5n dag ett, vi \u00e4r inte emot skogsbruk, bara den oh\u00e5llbara varianten och expansionen. Skog kan och b\u00f6r vara en nyckelspelare f\u00f6r klimatkrisen och r\u00e5dande biologiskm\u00e5ngfaldf\u00f6rlust. \u00a0<\/span><span style=\"font-weight: 400\">Men vi m\u00e5ste prata om <\/span><i><span style=\"font-weight: 400\">vilken <\/span><\/i><span style=\"font-weight: 400\">skog\u00a0 som ska skyddas och restaureras (inte att f\u00f6rv\u00e4xla med \u00e5terplantering), <\/span><i><span style=\"font-weight: 400\">hur<\/span><\/i><span style=\"font-weight: 400\"> vi ska bruka de 18,4 miljoner ha produktiv skogsmark som ska vara \u00e4mnade f\u00f6r skogsbruk. Hur ger vi enskilda skogs\u00e4gare incitament att kalavverka mindre? Vilka politiska verktyg saknas?\u00a0 N\u00e4r ska ni skapa politiska mekanismer som v\u00e4rdes\u00e4tter och ger ekonomisk kompensation till lagring av kol ergo skydd av skog? \u00a0<\/span><span style=\"font-weight: 400\">Samt <\/span><i><span style=\"font-weight: 400\">vad<\/span><\/i><span style=\"font-weight: 400\"> vi verkligen b\u00f6r tillverka av skogen. Vad finns det f\u00f6r politiska verktyg som skulle leda till fler hus, m\u00f6bler och solceller ist\u00e4llet f\u00f6r e-handels kartong, eng\u00e5ngsartiklar och br\u00e4nslen som f\u00f6rbr\u00e4nns?\u00a0<\/span><\/p>\n<p><span style=\"font-weight: 400\">Idag straffas enskilda brukare om de tar v\u00e4l hand som sin skog och dess biologiska m\u00e5ngfald, vi lider s\u00e5 akut brist p\u00e5 skyddsv\u00e4rda skog att s\u00e5 fort de identifieras s\u00e5 m\u00e5ste de skyddas. Samtidigt <\/span><a href=\"https:\/\/www.greenpeace.org\/sweden\/pressmeddelanden\/2431\/greenpeace-till-sca-bestam-pa-vilken-sida-av-historien-ni-vill-sta\/\"><span style=\"font-weight: 400\">expanderar Svenska SCA, Europa st\u00f6rsta privata skogsbolag\u00a0 in i den sista naturskogen<\/span><\/a><span style=\"font-weight: 400\">, och <\/span><a href=\"https:\/\/www.greenpeace.org\/sweden\/english\/2769\/old-growth-forests-threatened-by-the-swedish-state\/\"><span style=\"font-weight: 400\">statliga Sveaskog tar f\u00f6r van att avristera Nyckelbiotoper.<\/span><\/a><span style=\"font-weight: 400\"> Hur ska vi f\u00e5 de stora bolagen med mer makt och medel att ta st\u00f6rre ansvar? <\/span><span style=\"font-weight: 400\"><br \/>\n<\/span><span style=\"font-weight: 400\"><br \/>\n<\/span><b>Det \u00e4r inte bara r\u00f6dlistade arter som f\u00f6rs\u00f6ker \u00f6verleva i ett hav av enorma kalhyggen och tr\u00e4dplantage &#8211; \u00e4ven sm\u00e5brukare \u00e4r tr\u00e4ngda.\u00a0<\/b><span style=\"font-weight: 400\">Avvecklingen av inventeringen av nyckelbiotoper \u00e4r s\u00e5ledes ett h\u00e5rt slag b\u00e5de f\u00f6r v\u00e5ra skogar och v\u00e5ra skogs\u00e4gare. H\u00e5llbart skogsbruk p\u00e5 80 procent av v\u00e5ra skogsmarker kr\u00e4ver att vi identifierar vilka de 20 procent som ska ha skydd \u00e4r. Utan denna inventering kan vi inte skydda eller bruka r\u00e4tt skog. <\/span><a href=\"https:\/\/www.greenpeace.org\/sweden\/english\/3317\/swedens-forest-no-longer-fsc-certified\/\"><span style=\"font-weight: 400\">Detta beslut st\u00e4rker inte \u00e4garr\u00e4tten, det underminerar f\u00f6r svenskt skogsbruk att exportera sina FSC-produkter.<\/span><\/a><span style=\"font-weight: 400\">\u00a0<\/span><\/p>\n<p><span style=\"font-weight: 400\"><br \/>\n<\/span><span style=\"font-weight: 400\">Sj\u00e4lvklart vill vi st\u00e4lla vi samma fr\u00e5gor till samtliga partiledare. Samt diskutera de st\u00e4ndigt \u00e5terkommande \u00e4mnena just nu.\u00a0<\/span><\/p>\n<ul>\n<li><strong>Om\u00f6jligg\u00f6r ingrepp i befintliga kolf\u00f6rr\u00e5d:<\/strong> naturskog, havsbottnar och oljefyndigheter: Sveriges regering m\u00e5ste ta en aktiv roll i att skydda minst 30% av v\u00e5ra v\u00e4rldshav och 20% av den produktiva skogsmarken.\u00a0Kontinuitetsskog<span style=\"font-weight: 400\"> m\u00e5ste bli olagligt att avverka.<\/span><\/li>\n<li><strong>\u00a0Inga nya klimatskadliga investeringar f\u00e5r l\u00e4ngre vara lagliga: <\/strong>Milj\u00f6balken och alla andra relevanta lagar m\u00e5ste revideras och uppdateras s\u00e5 att Sveriges klimatlag implementeras.\u00a0<span style=\"font-weight: 400\">Stoppa bland annat expansionen av Arlanda och byggandet av terminalen f\u00f6r flytande fossilgas i G\u00f6teborg. Miljardinvesteringar vilka kommer leda till enorma v\u00e4xthusgasutsl\u00e4pp.<\/span><\/li>\n<li><span style=\"font-weight: 400\"><strong>Genomf\u00f6r en forskningsbaserad omst\u00e4llning av transportsektorn;<\/strong> \u00a0<\/span><span style=\"font-weight: 400\">exempelvis utbyggnad av gratis kollektivtrafik &#8211; i hela landet. Fler bilpooler, samt r\u00e4ntefria l\u00e5n f\u00f6r elbil. \u00a0<\/span><\/li>\n<li style=\"font-weight: 400\"><b><b>Sluta investera i det som skadar oss: <span style=\"font-weight: 400\">flytta statens fossilinvesteringar, exempelvis v\u00e5ra pensionsfonder b\u00f6r upphandla natt\u00e5g till Europa och h\u00f6ghastighets t\u00e5g i Sverige &#8211; inte investeras i v\u00e5r underg\u00e5ng. V\u00e4rldens regeringar, inklusive Sveriges, m\u00e5ste driva en politik som g\u00f6r v\u00e4xtbaserad kost till norm.<br \/>\n<\/span><\/b><\/b><\/li>\n<li style=\"font-weight: 400\"><b>S\u00e4tt nya klimatm\u00e5l:<\/b><span style=\"font-weight: 400\"> Sveriges konsumtionsbaserade utsl\u00e4pp m\u00e5ste\u00a0 inkluderas i de befintliga klimatm\u00e5len. Idag genereras knappt 40% av utsl\u00e4ppen fr\u00e5n svensk konsumtion inom sveriges gr\u00e4nser, vilket inneb\u00e4r att vi g\u00e5r fria fr\u00e5n 60% av v\u00e5rt ansvar.\u00a0<\/span><\/li>\n<\/ul>\n<p>Allt gott,<br \/>\nLina<\/p>\n<p><span style=\"font-weight: 400\">P.S. Med anledning av ovan n\u00e4mnda \u00e4mnen har jag under veckan \u00e4ven skrivit dessa artiklar: <\/span><a href=\"https:\/\/www.greenpeace.org\/sweden\/nyheter\/3359\/europa-brinner-vara-folkvalda-snoozar\/\"><span style=\"font-weight: 400\">Svenska politiker b\u00f6r utlysa klimat n\u00f6dl\u00e4ge <\/span><\/a><span style=\"font-weight: 400\">och <\/span><a href=\"https:\/\/www.greenpeace.org\/sweden\/nyheter\/3310\/for-skogen-i-sverige-hela-tiden\/\"><span style=\"font-weight: 400\">Statliga Sveaskogs b\u00f6r ta sitt ansvar f\u00f6r v\u00e5ra sista naturskogar<\/span><\/a><span style=\"font-weight: 400\"> D.S.<\/span><\/p>\n","protected":false},"excerpt":{"rendered":"<p>V\u00e4rlden beh\u00f6ver inte mer forskning eller fler m\u00f6ten om hur viktigt det \u00e4r att skydda de kol-lager vi har kvar. Vi beh\u00f6ver stoppa v\u00e4xthusgasutsl\u00e4ppen. I resten av v\u00e4rlden \u00e4r den&hellip;<\/p>\n","protected":false},"author":34,"featured_media":2987,"comment_status":"open","ping_status":"open","sticky":false,"template":"","format":"standard","meta":{"ep_exclude_from_search":false,"p4_og_title":"","p4_og_description":"","p4_og_image":"","p4_og_image_id":"","p4_seo_canonical_url":"","p4_campaign_name":"","p4_local_project":"","p4_basket_name":"","p4_department":"","footnotes":""},"categories":[2,22],"tags":[19,40,23,53],"p4-page-type":[16],"class_list":["post-3399","post","type-post","status-publish","format-standard","has-post-thumbnail","hentry","category-klimat","category-skog","tag-skyddaskogen","tag-biodiversitet","tag-globaluppvarmning","tag-svenskpolitik","p4-page-type-artiklar"],"_links":{"self":[{"href":"https:\/\/www.greenpeace.org\/sweden\/wp-json\/wp\/v2\/posts\/3399","targetHints":{"allow":["GET"]}}],"collection":[{"href":"https:\/\/www.greenpeace.org\/sweden\/wp-json\/wp\/v2\/posts"}],"about":[{"href":"https:\/\/www.greenpeace.org\/sweden\/wp-json\/wp\/v2\/types\/post"}],"author":[{"embeddable":true,"href":"https:\/\/www.greenpeace.org\/sweden\/wp-json\/wp\/v2\/users\/34"}],"replies":[{"embeddable":true,"href":"https:\/\/www.greenpeace.org\/sweden\/wp-json\/wp\/v2\/comments?post=3399"}],"version-history":[{"count":13,"href":"https:\/\/www.greenpeace.org\/sweden\/wp-json\/wp\/v2\/posts\/3399\/revisions"}],"predecessor-version":[{"id":60950,"href":"https:\/\/www.greenpeace.org\/sweden\/wp-json\/wp\/v2\/posts\/3399\/revisions\/60950"}],"wp:featuredmedia":[{"embeddable":true,"href":"https:\/\/www.greenpeace.org\/sweden\/wp-json\/wp\/v2\/media\/2987"}],"wp:attachment":[{"href":"https:\/\/www.greenpeace.org\/sweden\/wp-json\/wp\/v2\/media?parent=3399"}],"wp:term":[{"taxonomy":"category","embeddable":true,"href":"https:\/\/www.greenpeace.org\/sweden\/wp-json\/wp\/v2\/categories?post=3399"},{"taxonomy":"post_tag","embeddable":true,"href":"https:\/\/www.greenpeace.org\/sweden\/wp-json\/wp\/v2\/tags?post=3399"},{"taxonomy":"p4-page-type","embeddable":true,"href":"https:\/\/www.greenpeace.org\/sweden\/wp-json\/wp\/v2\/p4-page-type?post=3399"}],"curies":[{"name":"wp","href":"https:\/\/api.w.org\/{rel}","templated":true}]}}