{"id":3465,"date":"2019-07-26T10:11:35","date_gmt":"2019-07-26T09:11:35","guid":{"rendered":"https:\/\/www.greenpeace.org\/sweden\/?p=3465"},"modified":"2023-02-22T08:37:53","modified_gmt":"2023-02-22T07:37:53","slug":"varmerekord-i-paris-hela-tva-grader-over-det-gamla-rekordet","status":"publish","type":"post","link":"https:\/\/www.greenpeace.org\/sweden\/artiklar\/klimat\/varmerekord-i-paris-hela-tva-grader-over-det-gamla-rekordet\/","title":{"rendered":"V\u00e4rmerekord i Paris \u2013 hela tv\u00e5 grader \u00f6ver det gamla rekordet"},"content":{"rendered":"<p><strong>Ytterligare ett \u00e5r ser vi hur v\u00e4rmerekord sl\u00e5s i Arktis och hur v\u00e4rmeb\u00f6ljor sk\u00f6ljer \u00f6ver Europa. 42,6 grader \u00e4r den h\u00f6gsta Paris-notering som gjorts sedan m\u00e4tningarna inleddes 1873. Det f\u00f6rra rekordet passerades allts\u00e5 med mer \u00e4n tv\u00e5 hela grader. I Storbritannien noterades samtidigt den varmaste julidagen genom tiderna, med 38,1 grader i Cambridge. \u00c4ven i Tyskland, Nederl\u00e4nderna och Belgien gjordes historiska rekordnoteringar p\u00e5 omkring 40 grader.&nbsp;<\/strong><\/p>\n<h2 id=\"1\"><b>\u00d6kar extremv\u00e4der med klimatf\u00f6r\u00e4ndringarna<\/b><b>?<\/b><\/h2>\n<p><span style=\"font-weight: 400;\">Ett tydligt Europa-exempel \u00e4r mer l\u00e5ngvariga v\u00e4rmeb\u00f6ljor. P\u00e5 70- och 80-talet intr\u00e4ffade en v\u00e4rmeb\u00f6lja var 15:e \u00e5r. Nu \u00e4r det var femte eller tionde \u00e5r. Med v\u00e4rmeb\u00f6ljor kommer ofta skogsbr\u00e4nder. Med skogsbr\u00e4nder kommer fler till skada b\u00e5de direkt och indirekt. Skogsbr\u00e4nder inneb\u00e4r \u00f6kade v\u00e4xthusgaser vilket driver p\u00e5 klimatkrisen. Enligt Copernicus\u2019 European Forest Fire Information System (EFFIS) har EU redan drabbats av 1 381 vildbr\u00e4nder under 2019, det \u00e4r <\/span><span style=\"font-weight: 400;\">fem g\u00e5nger fler br\u00e4nder \u00e4n genomsnittet de senaste 10 \u00e5ren.<\/span><\/p>\n<p><span style=\"font-weight: 400;\">\u00c4ven v\u00e5ra hav blir varmare, inte bara vid ytan utan djupare \u00e4n tidigare och vetenskapen har redan kunnat visa att orkanerna blivit starkare p\u00e5 grund av klimatf\u00f6r\u00e4ndringarna. \u00c4ven det som kallas f\u00f6r <\/span><i><span style=\"font-weight: 400;\">\u2018den sekund\u00e4ra effekten<\/span><\/i><span style=\"font-weight: 400;\">\u2019 av orkaner har blivit st\u00f6rre p\u00e5 grund av klimatf\u00f6r\u00e4ndringarna. Det som \u00e4r farligast med dagens orkaner \u00e4r flodv\u00e5gen som bildas n\u00e4r havet pressas undan av vinden och som sedan reser sig n\u00e4r den n\u00e5r land. Det beror p\u00e5 att klimatf\u00f6r\u00e4ndringarna redan har orsakat en havsniv\u00e5h\u00f6jning med flera centimetern. Den h\u00f6jningen l\u00e4ggs sedan till den yth\u00f6jningen som blir av stormen. D\u00e4rf\u00f6r blir det st\u00f6rre skadeverkningar &#8211; \u00e4ven av de orkaner som inte \u00e4r av kraftigare slag.<\/span><\/p>\n<div id=\"attachment_3471\" style=\"width: 1034px\" class=\"wp-caption alignnone\"><img loading=\"lazy\" decoding=\"async\" aria-describedby=\"caption-attachment-3471\" class=\"wp-image-3471 size-large\" src=\"https:\/\/www.greenpeace.org\/static\/planet4-sweden-stateless\/2019\/07\/4f37425d-meanwhileineurope2-1024x1024.png\" alt=\"\" width=\"1024\" height=\"1024\" srcset=\"https:\/\/www.greenpeace.org\/static\/planet4-sweden-stateless\/2019\/07\/4f37425d-meanwhileineurope2-1024x1024.png 1024w, https:\/\/www.greenpeace.org\/static\/planet4-sweden-stateless\/2019\/07\/4f37425d-meanwhileineurope2-150x150.png 150w, https:\/\/www.greenpeace.org\/static\/planet4-sweden-stateless\/2019\/07\/4f37425d-meanwhileineurope2-300x300.png 300w, https:\/\/www.greenpeace.org\/static\/planet4-sweden-stateless\/2019\/07\/4f37425d-meanwhileineurope2-768x768.png 768w, https:\/\/www.greenpeace.org\/static\/planet4-sweden-stateless\/2019\/07\/4f37425d-meanwhileineurope2-340x340.png 340w, https:\/\/www.greenpeace.org\/static\/planet4-sweden-stateless\/2019\/07\/4f37425d-meanwhileineurope2.png 1080w\" sizes=\"auto, (max-width: 1024px) 100vw, 1024px\" \/><p id=\"caption-attachment-3471\" class=\"wp-caption-text\">42,6 grader \u00e4r den h\u00f6gsta Paris-notering som gjorts sedan m\u00e4tningarna inleddes 1873. Det f\u00f6rra rekordet passerades med tv\u00e5 hela grader.<\/p><\/div>\n<h2><b>Beror just denna v\u00e4rmeb\u00f6lja p\u00e5 klimatf\u00f6r\u00e4ndringarna?&nbsp;<\/b><\/h2>\n<p><span style=\"font-weight: 400;\">Med alla respekt, fr\u00e5gan belyser okunskapen. I tider av kriser \u00e4r brist p\u00e5 information ett stort problem. \u00c4r det ditt fel? Nej. Media och andra viktiga akt\u00f6rer har nu bakl\u00e4xa. Vi kommer aldrig f\u00e5 till n\u00f6dv\u00e4ndig handling och inte heller det agerande som kr\u00e4vs f\u00f6r r\u00e5dande kris om inte fler m\u00e4nniskor f\u00f6rst\u00e5r att det \u00e4r kris.<\/span><span style=\"font-weight: 400;\"><br \/>\n<\/span><span style=\"font-weight: 400;\"><br \/>\n<\/span><span style=\"font-weight: 400;\">Forskarna, vilka vi baserar allt v\u00e5rt jobb p\u00e5, har varit glasklara fr\u00e5n b\u00f6rjan. Man kan inte svara p\u00e5 om en specifik v\u00e4der-<\/span><i><span style=\"font-weight: 400;\">h\u00e4ndelse<\/span><\/i><span style=\"font-weight: 400;\"> \u00e4r symtomen p\u00e5 \u2018klimatf\u00f6r\u00e4ndringarna\u2019, det vill s\u00e4ga\u2018ett f\u00f6r\u00e4ndrat klimat\u2019. Det forskarna dock upprepar \u00e4r att dessa typer av v\u00e4der-<\/span><i><span style=\"font-weight: 400;\">h\u00e4ndelser <\/span><\/i><span style=\"font-weight: 400;\">ing\u00e5r i ett f\u00f6r\u00e4ndrat v\u00e4der-<\/span><i><span style=\"font-weight: 400;\">m\u00f6nster. <\/span><\/i><span style=\"font-weight: 400;\">Nyckelordet \u00e4r allts\u00e5 m\u00f6nster. <\/span><span style=\"font-weight: 400;\"><br \/>\n<\/span><span style=\"font-weight: 400;\"><br \/>\n<\/span><b>Samt att en f\u00f6rst\u00e5r skillnaden mellan <\/b><b><i>v\u00e4der<\/i><\/b><b> och <\/b><b><i>klimat<\/i><\/b><b>: i ett f\u00f6r\u00e4ndrat klimat, f\u00e5r vi nya v\u00e4der-<\/b><b><i>m\u00f6nster. <\/i><\/b><b>Det inneb\u00e4r, torrare klimat i de delar av v\u00e4rlden som redan \u00e4r varma, kraftigare nederb\u00f6rd, starkare orkaner, varmare hav, h\u00f6gre havsniv\u00e5er, l\u00e4gre grundvattenniv\u00e5er och s\u00e5 vidare. Den globala uppv\u00e4rmningen handlar allts\u00e5 inte enbart om n\u00e5gra extra dagar med v\u00e4ldigt varmt v\u00e4der.&nbsp;<\/b><\/p>\n<p><span style=\"font-weight: 400;\">Gl\u00f6m dock inte att just s\u00e5h\u00e4r varmt v\u00e4der \u00e4r farligt f\u00f6r flera grupper i samh\u00e4llet, speciellt om vi inte har infrastruktur redo att hantera dessa v\u00e4rmeb\u00f6ljor.&nbsp;<\/span><\/p>\n<h2><b>Varf\u00f6r \u00e4r detta en kris?&nbsp;<\/b><\/h2>\n<p><span style=\"font-weight: 400;\">Det \u00e4r inte s\u00e5 h\u00e4r det kommer bli, nu ser vi <\/span><span style=\"font-weight: 400;\">v\u00e4rmeb\u00f6ljor p\u00e5 <\/span><span style=\"font-weight: 400;\">\u00f6ver 40 grader<\/span><span style=\"font-weight: 400;\">,<\/span> <span style=\"font-weight: 400;\">starkare orkaner, h\u00f6jda havsvattenniv\u00e5er, sm\u00e4ltande isar, torrare \u00e5krar och \u00f6kad <\/span><span style=\"font-weight: 400;\">s\u00e5 kallad livsmedelsotrygghet och allt fler m\u00e4nniksor p\u00e5 flykt. Men \u00e4n s\u00e5 l\u00e4nge har vi inte n\u00e5tt v\u00e5r s\u00e5 kallade \u201ctipping-point\u201d. <\/span><span style=\"font-weight: 400;\">N\u00e5r vi den \u00e4r det vi upplever nu med st\u00f6rsta sannolikhet bara \u00e4r ett smakprov p\u00e5 vad ytterligare upphettning av v\u00e5r planet faktiskt inneb\u00e4r.&nbsp;<\/span><\/p>\n<p><span style=\"font-weight: 400;\">Vill <\/span><a href=\"https:\/\/www.ipcc.ch\/sr15\/\"><span style=\"font-weight: 400;\">h\u00e4nvisa till samma IPCC-kalkyl<\/span><\/a><span style=\"font-weight: 400;\"> som <\/span><a href=\"https:\/\/www.youtube.com\/watch?v=J1yimNdqhqE&amp;feature=youtu.be\"><span style=\"font-weight: 400;\">Greta Thunberg gjorde i Frankrike&nbsp; h\u00e4romdagen<\/span><\/a><span style=\"font-weight: 400;\">: V\u00e4rlden har cirka 8,5 \u00e5r kvar av<\/span><a href=\"https:\/\/www.ipcc.ch\/sr15\/\"><span style=\"font-weight: 400;\"> koldioxidbudgeten (Kap 2, s.108)<\/span><\/a><span style=\"font-weight: 400;\"> innan vi n\u00e5r \u201ctipping-point\u201d. <\/span><span style=\"font-weight: 400;\"><br \/>\n<\/span><\/p>\n<h2><b>Varf\u00f6r talar ni st\u00e4ndigt om klimatr\u00e4ttvisa?<\/b><\/h2>\n<p><span style=\"font-weight: 400;\">Ett ytterligare exempel: I september 2010 larmade FN om att torka drivit mellan 2\u20133 miljoner syrier in i extrem fattigdom.<\/span> <span style=\"font-weight: 400;\">M\u00e4nniskor flydde d\u00e5 de upplevde s\u00e5 kallad livsmedelsotrygghet, ett begrepp som sammanfattar den sv\u00e5ra situation m\u00e4nniskor befinner sig i d\u00e5 de upplever att de inte har mat f\u00f6r dagen och att deras trygghet \u00e4r hotad.<\/span><\/p>\n<p><span style=\"font-weight: 400;\">Klimatkollapsen \u00e4r ett av de v\u00e4rsta brotten mot m\u00e4nskligheten. <\/span><span style=\"font-weight: 400;\">Om m\u00e4nniskor inte f\u00e5r hj\u00e4lp med att anpassa sig till p\u00e5g\u00e5ende klimatf\u00f6r\u00e4ndringar v\u00e4ntar obehagliga f\u00f6ljder. <\/span><span style=\"font-weight: 400;\">Enligt FNs flyktingorgan UNHCR och V\u00e4rldsbanken \u00e4r antalet klimatflyktingar i dag cirka 22,5 miljoner. Enligt UNHCR &#8211; baserat p\u00e5 att allt forts\u00e4tter som nu &#8211;&nbsp; \u00e4r antal klimatmigranter uppskattat att bli mellan140\u2013200 miljoner de kommande 20 \u00e5ren. Vissa studier (Hsing &amp; Sobel 2016) tyder p\u00e5 betydligt h\u00f6gre antal vid n\u00e4sta sekelskifte. \u00c4ven om uppskattningarna \u00e4r os\u00e4kra st\u00e5r det utan tvivel att antalet klimatmigranter kommer bli betydligt st\u00f6rre \u00e4n i dag.<\/span><\/p>\n<p><span style=\"font-weight: 400;\">Vi lever i en v\u00e4rld d\u00e4r en tredjedel av jordbruksmarken anv\u00e4nds f\u00f6r att odla gr\u00f6dor som sen tar en omv\u00e4g via djur. K\u00f6tt som produceras f\u00f6r att en liten del av m\u00e4nskligheten ska kunna \u00e4ta det. <\/span><a href=\"http:\/\/www.fao.org\/3\/a-a0701e.pdf\"><span style=\"font-weight: 400;\">Denna process har f\u00f6r\u00f6dande konsekvenser f\u00f6r milj\u00f6n, klimatet och andras liv. <\/span><\/a><span style=\"font-weight: 400;\">Samtidigt g\u00e5r jordbrukaren som odlade k\u00f6ttproduktions-gr\u00f6dorna ofta och l\u00e4gger sig, och sin barn, hungriga.&nbsp;<\/span><\/p>\n<p><span style=\"font-weight: 400;\">I samma v\u00e4rld vet vi: solen s\u00e4nder oss tillr\u00e4ckligt mycket energi under 40 minuters tid f\u00f6r att kunna uppr\u00e4tth\u00e5lla ett \u2018business as usual scenario\u2019 &#8211; globalt &#8211; i ett <\/span><i><span style=\"font-weight: 400;\">helt<\/span><\/i><span style=\"font-weight: 400;\"> \u00e5r. Om vi skulle s\u00e4tta solceller p\u00e5 <\/span><a href=\"http:\/\/fukushimatokyoquake.com\/\"><span style=\"font-weight: 400;\">0,3% av Sahara\u00f6knens yta skulle detta uppfylla hela Europas energibehov. <\/span><\/a><span style=\"font-weight: 400;\">&nbsp;<\/span><\/p>\n<p><span style=\"font-weight: 400;\">N\u00e5gra l\u00f6sningar finns redan tillg\u00e4ngliga, det \u00e4r bara n\u00e5gra f\u00e5 akt\u00f6rer som st\u00e5r i v\u00e4gen. Flyttar vi p\u00e5 dem kan f\u00e5 vi en v\u00e4rld d\u00e4r v\u00e5ra barn m\u00e5r bra och har tilltro till sin framtid. Inte den verklighet vi lever i idag, d\u00e4r barn \u00e4r s\u00e5 r\u00e4dda f\u00f6r v\u00e5r gemensamma framtid att fler och fler barn bara v\u00e5gar tillgodose sig 80 procent av sin utbildning och strejkar f\u00f6r sin \u00f6verlevnad en dag i veckan.&nbsp;<\/span><\/p>\n<h2><b>Vad kr\u00e4ver Greenpeace?<\/b><\/h2>\n<p><span style=\"font-weight: 400;\">Vi tillh\u00f6r den regionen i v\u00e4rlden som m\u00e5ste g\u00f6ra mest i klimatomst\u00e4llningen f\u00f6r en h\u00e5llbar och r\u00e4ttvis v\u00e4rld. <\/span><span style=\"font-weight: 400;\">Klimatkrisen och ecosystem-s\u00f6nderfallet drabbar oproportionerligt de som har bidragit minst &#8211; och \u00e4r mest s\u00e5rbara, \u00e4ven andra helt oskyldiga arter vars \u00f6verlevnad vi m\u00e5ste s\u00e4kra f\u00f6r v\u00e5ran egen.<\/span><\/p>\n<p><b>Forskningen s\u00e4ger: <\/b>vi beh\u00f6ver en politik som ser kopplingen mellan j\u00e4mlikhet och h\u00e5llbarhet.<\/p>\n<p><b>Forskningen s\u00e4ger: <\/b>vi beh\u00f6ver en politik som ser kopplingen mellan skydd av biologisk m\u00e5ngfald och minskade klimatf\u00f6r\u00e4ndringar.<\/p>\n<p><b>Forskningen s\u00e4ger:<\/b> sluta l\u00e4gga pengar p\u00e5 olja, kol och gas, b\u00f6rja l\u00e4gga pengar p\u00e5 sol och vind.<\/p>\n<h3><b><br \/>\n<\/b><b>Utlys klimatn\u00f6dl\u00e4ge och fyll det med inneh\u00e5ll:<\/b><\/h3>\n<ul>\n<li style=\"font-weight: 400;\"><span style=\"font-weight: 400;\">Milj\u00f6balken och alla andra relevanta lagar m\u00e5ste revideras och uppdateras s\u00e5 att Sveriges klimatlag implementeras och att inga nya klimatskadliga investeringar l\u00e4ngre blir m\u00f6jliga.<\/span><span style=\"font-weight: 400;\"> Exempelvis expansionen av Arlanda och byggandet av terminalen f\u00f6r flytande fossilgas i G\u00f6teborg. Miljardinvesteringar som kommer leda till enorma v\u00e4xthusgasutsl\u00e4pp.<\/span><\/li>\n<li style=\"font-weight: 400;\"><span style=\"font-weight: 400;\">Om\u00f6jligg\u00f6r ingrepp i befintliga kolf\u00f6rr\u00e5d: naturskog, havsbottnar och oljefyndigheter: Sveriges regering m\u00e5ste ta en aktiv roll i att skydda minst 30% av v\u00e5ra v\u00e4rldshav och 20% av den produktiva skogsmarken.<\/span><\/li>\n<li style=\"font-weight: 400;\"><span style=\"font-weight: 400;\">S\u00e4tt nya klimatm\u00e5l: Sveriges konsumtionsbaserade utsl\u00e4pp m\u00e5ste inkluderas i de befintliga klimatm\u00e5len. Idag genereras knappt 40% av utsl\u00e4ppen fr\u00e5n svensk konsumtion inom sveriges gr\u00e4nser, vilket inneb\u00e4r att vi g\u00e5r fria fr\u00e5n 60% av v\u00e5rt ansvar.<\/span><\/li>\n<\/ul>\n<p><b>Vi beh\u00f6ver inte fler rapporter eller fler samtal om kol, vi beh\u00f6ver politik som g\u00f6r att kol stannar i marken. <\/b><span style=\"font-weight: 400;\">S\u00e5 sluta nu st\u00f6dja verksamheter som borrar efter olja, flytta statens investeringar i fossilabr\u00e4nslen, skydda alla intakta kol-lager och b\u00f6rja restaurera f\u00f6rlorade kol-s\u00e4nkor.<\/span><\/p>\n","protected":false},"excerpt":{"rendered":"<p>Ytterligare ett \u00e5r ser vi hur v\u00e4rmerekord sl\u00e5s i Arktis och hur v\u00e4rmeb\u00f6ljor sk\u00f6ljer \u00f6ver Europa. 42,6 grader \u00e4r den h\u00f6gsta Paris-notering som gjorts sedan m\u00e4tningarna inleddes 1873. Det f\u00f6rra&hellip;<\/p>\n","protected":false},"author":34,"featured_media":3466,"comment_status":"open","ping_status":"open","sticky":false,"template":"","format":"standard","meta":{"ep_exclude_from_search":false,"p4_og_title":"","p4_og_description":"","p4_og_image":"","p4_og_image_id":"","p4_seo_canonical_url":"","p4_campaign_name":"","p4_local_project":"","p4_basket_name":"","p4_department":"","footnotes":""},"categories":[2],"tags":[23,24],"p4-page-type":[16],"class_list":["post-3465","post","type-post","status-publish","format-standard","has-post-thumbnail","hentry","category-klimat","tag-globaluppvarmning","tag-fossilenergi","p4-page-type-artiklar"],"_links":{"self":[{"href":"https:\/\/www.greenpeace.org\/sweden\/wp-json\/wp\/v2\/posts\/3465","targetHints":{"allow":["GET"]}}],"collection":[{"href":"https:\/\/www.greenpeace.org\/sweden\/wp-json\/wp\/v2\/posts"}],"about":[{"href":"https:\/\/www.greenpeace.org\/sweden\/wp-json\/wp\/v2\/types\/post"}],"author":[{"embeddable":true,"href":"https:\/\/www.greenpeace.org\/sweden\/wp-json\/wp\/v2\/users\/34"}],"replies":[{"embeddable":true,"href":"https:\/\/www.greenpeace.org\/sweden\/wp-json\/wp\/v2\/comments?post=3465"}],"version-history":[{"count":11,"href":"https:\/\/www.greenpeace.org\/sweden\/wp-json\/wp\/v2\/posts\/3465\/revisions"}],"predecessor-version":[{"id":55004,"href":"https:\/\/www.greenpeace.org\/sweden\/wp-json\/wp\/v2\/posts\/3465\/revisions\/55004"}],"wp:featuredmedia":[{"embeddable":true,"href":"https:\/\/www.greenpeace.org\/sweden\/wp-json\/wp\/v2\/media\/3466"}],"wp:attachment":[{"href":"https:\/\/www.greenpeace.org\/sweden\/wp-json\/wp\/v2\/media?parent=3465"}],"wp:term":[{"taxonomy":"category","embeddable":true,"href":"https:\/\/www.greenpeace.org\/sweden\/wp-json\/wp\/v2\/categories?post=3465"},{"taxonomy":"post_tag","embeddable":true,"href":"https:\/\/www.greenpeace.org\/sweden\/wp-json\/wp\/v2\/tags?post=3465"},{"taxonomy":"p4-page-type","embeddable":true,"href":"https:\/\/www.greenpeace.org\/sweden\/wp-json\/wp\/v2\/p4-page-type?post=3465"}],"curies":[{"name":"wp","href":"https:\/\/api.w.org\/{rel}","templated":true}]}}