{"id":3487,"date":"2023-03-26T15:30:00","date_gmt":"2023-03-26T14:30:00","guid":{"rendered":"https:\/\/www.greenpeace.org\/sweden\/?p=3487"},"modified":"2023-10-24T14:34:57","modified_gmt":"2023-10-24T13:34:57","slug":"sju-anledningar-till-varfor-djuphavsborrning-ar-en-dalig-ide","status":"publish","type":"post","link":"https:\/\/www.greenpeace.org\/sweden\/artiklar\/hav\/sju-anledningar-till-varfor-djuphavsborrning-ar-en-dalig-ide\/","title":{"rendered":"Sju anledningar till varf\u00f6r djuphavsborrning \u00e4r en d\u00e5lig id\u00e9"},"content":{"rendered":"\n<p>Det kan ju tyckas att ordet borrning och hav inte borde vara en naturlig match. Det \u00e4r f\u00f6r att det <em>inte<\/em> \u00e4r det. Det \u00e4r en fruktansv\u00e4rd kombo. Men, f\u00f6r er som inte k\u00e4nner er helt \u00f6vertygande \u00e4n, s\u00e5 kommer h\u00e4r sju anledningar som kanske kan \u00f6vertala dig. Enjoy!<\/p>\n\n<p><strong>1. Vi vet mindre om havet \u00e4n vad vi g\u00f6r om m\u00e5nen.<\/strong> S\u00e5 ifall industrin skulle f\u00e5 f\u00f6r sig att borra l\u00e4ngst ner p\u00e5 havets botten, i ett ok\u00e4nt ekosystem, s\u00e5 kommer vi aldrig f\u00e5 veta hur det ekosystemet s\u00e5g ut f\u00f6re m\u00e4nsklig p\u00e5verkan.<\/p>\n\n<figure class=\"wp-block-image aligncenter\"><img decoding=\"async\" src=\"https:\/\/giphygifs.s3.amazonaws.com\/media\/9ohlKnRDAmotG\/giphy.gif\" alt=\"\"\/><\/figure>\n\n<p><strong>2.<\/strong> <strong>N\u00e4r en s\u00e5dan livsmilj\u00f6 \u00e4r helt outforskad s\u00e5 vet vi inte heller<\/strong> vilken betydelse det ekosystemet har f\u00f6r varken m\u00e4nskligheten eller resten av livet p\u00e5&nbsp; jorden &#8211; d\u00e5 forskningen p\u00e5 s\u00e5dana djup varit begr\u00e4nsad.<\/p>\n\n<figure class=\"wp-block-image aligncenter\"><img decoding=\"async\" src=\"https:\/\/media.giphy.com\/media\/IwmztXQO7BUzu\/giphy.gif\" alt=\"\"\/><\/figure>\n\n<p><strong>3.<\/strong> <strong>De forskare som v\u00e4l kunnat studera en<\/strong> liten, liten, liten del av dessa ekosystem har sagt att det kan vara som s\u00e5 att havsdjupen inneh\u00e5ller svaret p\u00e5 livets g\u00e5ta: N\u00e4mligen om b\u00f6rjan till allt livet p\u00e5 jorden startade h\u00e4r.<\/p>\n\n<figure class=\"wp-block-image aligncenter\"><img decoding=\"async\" src=\"https:\/\/media.giphy.com\/media\/rXyyYvcgRTbbi\/giphy.gif\" alt=\"\"\/><\/figure>\n\n<p><b>4. Borrning i havsbottnen skulle f\u00f6rv\u00e4rra den globala upphettningen.<\/b> Havet lagrar stora m\u00e4ngder koldioxid i havsbottnen (fr\u00e5n djur som d\u00f6tt och sjunkit ner d\u00e4r och d\u00e4refter blivit en del av sedimentet.). Utan den biologiska m\u00e5ngfalden i haven s\u00e5 hade vi haft 50 % mer koldioxid i atmosf\u00e4ren idag. Borrar vi i bottnen s\u00e5 kommer vi frig\u00f6ra delar av den koldioxiden &#8211; i en redan alldeles f\u00f6r koldioxidt\u00e4t atmosf\u00e4r.&nbsp;Bra val, industrin, mitt i en klimatkris.<\/p>\n\n<figure class=\"wp-block-image aligncenter\"><img decoding=\"async\" src=\"https:\/\/media.giphy.com\/media\/10r5FjbPV6lhAI\/giphy.gif\" alt=\"\"\/><\/figure>\n\n<p><strong>5<\/strong>. <strong>Industrin bakom djuphavsborrning f\u00f6rs\u00f6ker intala allm\u00e4nheten (och lobba politiker!)<\/strong> att de metaller de borrar efter \u00e4r n\u00f6dv\u00e4ndiga f\u00f6r att vi ska kunna utveckla tekniken inom gr\u00f6n energi. Detta \u00e4r felaktigt d\u00e5 det redan, i existerande elektronik, finns tillr\u00e4ckligt med metaller och mineraler att uppfylla just de mineralbehov teknikf\u00f6retagen efterfr\u00e5gar. See ya later, liers.<\/p>\n\n<figure class=\"wp-block-image aligncenter\"><img decoding=\"async\" src=\"https:\/\/media.giphy.com\/media\/Oy2zKS5DgEKxG\/giphy.gif\" alt=\"\"\/><\/figure>\n\n<p><strong>6.<\/strong> <strong>Forskningen har tydligt visat att reservat,<\/strong> d\u00e4r djurlivet kan undg\u00e5 destruktiv m\u00e4nsklig aktivitet, \u00e4r n\u00f6dv\u00e4ndiga f\u00f6r att det redan h\u00e5rt pressade djurlivet ska kunna \u00e5terh\u00e4mta sig. 90 % av fiskbest\u00e5nden \u00e4r idag under h\u00e5rd press. Att till\u00e5ta djuphavsborrning i v\u00e5ra hav skulle urvattna (hehe, yes, it was a pun) de krav som forskningen st\u00e4ller f\u00f6r skydd av djurlivet.<\/p>\n\n<figure class=\"wp-block-image aligncenter\"><img decoding=\"async\" src=\"https:\/\/media.giphy.com\/media\/xT77XWum9yH7zNkFW0\/giphy.gif\" alt=\"\"\/><\/figure>\n\n<p><b>7. Gruvdrift och dess maskiner kommer oundvikligen skada havsbotten l\u00e5ngsiktigt.<\/b> Flera ekosystem i havet \u00e4r idag under hot, inte bara de p\u00e5 djupt vatten. Djuphavsborrning p\u00e5verkar alla delar av havet, och med de giftiga metallerna maskinerna sl\u00e4pper ut kan det orsaka utsl\u00e4pp som sprider sig tusentals kilometer fr\u00e5n sj\u00e4lva gruvdriften. Mysigare har man ju haft det, s\u00e5 att s\u00e4ga.<\/p>\n\n<figure class=\"wp-block-image aligncenter\"><img decoding=\"async\" src=\"https:\/\/media.giphy.com\/media\/42EzXOEWrjINvC0zo3\/giphy.gif\" alt=\"\"\/><\/figure>\n\n<p><br>Slutsats: Riskerna med djuphavsborrning \u00e4r f\u00f6r m\u00e5nga och stora helt enkelt. V\u00e4rlden st\u00e5r redan inf\u00f6r en rad utmaningar och v\u00e5ra hav \u00e4r under en s\u00e5dan press att \u00e4nnu en destruktiv m\u00e4nsklig aktivitet kan s\u00e4tta hela ekosystem ur balans. D\u00f6r havet s\u00e5 d\u00f6r vi, och det hade ju varit surt. S\u00e5 l\u00e5t oss inte leka med d\u00f6den och ist\u00e4llet se till att den riskfyllda, milj\u00f6vidriga verksamheten hamnar d\u00e4r den h\u00f6r hemma: I graven. \ud83d\ude42<\/p>\n\n<figure class=\"wp-block-image aligncenter\"><img decoding=\"async\" src=\"https:\/\/media.giphy.com\/media\/lD76yTC5zxZPG\/giphy.gif\" alt=\"\"\/><\/figure>\n\t\t\t<section\n\t\t\tclass=\"boxout post-55938 \"\n\t\t\t\n\t\t>\n\t\t\t<a\n\t\t\t\tdata-ga-category=\"Take Action Boxout\"\n\t\t\t\tdata-ga-action=\"Image\"\n\t\t\t\tdata-ga-label=\"n\/a\"\n\t\t\t\tclass=\"cover-card-overlay\"\n\t\t\t\thref=\"https:\/\/www.greenpeace.org\/sweden\/agera\/stoppa-djuphavsgruvdrift\/\" \n\t\t\t><\/a>\n\t\t\t\t\t\t\t<img\n\t\t\t\t\t\tsrc=\"https:\/\/www.greenpeace.org\/static\/planet4-sweden-stateless\/2025\/11\/9ca24388-gp0stvonr_dsm.jpg\"\n\t\t\t\t\t\tsrcset=\"https:\/\/www.greenpeace.org\/static\/planet4-sweden-stateless\/2025\/11\/9ca24388-gp0stvonr_dsm-300x200.jpg 300w, https:\/\/www.greenpeace.org\/static\/planet4-sweden-stateless\/2025\/11\/9ca24388-gp0stvonr_dsm-768x512.jpg 768w, https:\/\/www.greenpeace.org\/static\/planet4-sweden-stateless\/2025\/11\/9ca24388-gp0stvonr_dsm-510x340.jpg 510w, https:\/\/www.greenpeace.org\/static\/planet4-sweden-stateless\/2025\/11\/9ca24388-gp0stvonr_dsm.jpg 800w\"\n\t\t\t\t\t\tsizes=\"(min-width: 1000px) 358px, (min-width: 780px) 313px, 88px\"\n\t\t\t\t\t\talt=\"\" title=\"\"\n\t\t\t\t\/>\n            \t\t\t<div class=\"boxout-content\">\n\t\t\t\t\t\t\t\t\t<a\n\t\t\t\t\t\tclass=\"boxout-heading medium\"\n\t\t\t\t\t\tdata-ga-category=\"Take Action Boxout\"\n\t\t\t\t\t\tdata-ga-action=\"Title\"\n\t\t\t\t\t\tdata-ga-label=\"n\/a\"\n\t\t\t\t\t\thref=\"https:\/\/www.greenpeace.org\/sweden\/agera\/stoppa-djuphavsgruvdrift\/\"\n\t\t\t\t\t\t\n\t\t\t\t\t>\n\t\t\t\t\t\tSkydda livet i djuphavet!\n\t\t\t\t\t<\/a>\n\t\t\t\t\t\t\t\t\t\t\t\t\t<p class=\"boxout-excerpt\">Nytt hot mot haven: gruvdrift p\u00e5 havsbotten, som kan \u00f6del\u00e4gga s\u00e5rbara ekosystem &#8211; men vi har m\u00f6jlighet att stoppa industrin innan den b\u00f6rjar. Skriv under f\u00f6r att skydda livet i havet!<\/p>\n\t\t\t\t                                    <a\n                        class=\"btn btn-primary\"\n                        data-ga-category=\"Take Action Boxout\"\n                        data-ga-action=\"Call to Action\"\n                        data-ga-label=\"n\/a\"\n                        href=\"https:\/\/www.greenpeace.org\/sweden\/agera\/stoppa-djuphavsgruvdrift\/\"\n                        \n                    >\n                        Engagera dig\n                    <\/a>\n                \t\t\t<\/div>\n\t\t\t\t\t<\/section>\n\t","protected":false},"excerpt":{"rendered":"<p>Det kan ju tyckas att ordet borrning och hav inte borde vara en naturlig match. Det \u00e4r f\u00f6r att det inte \u00e4r det. Det \u00e4r en fruktansv\u00e4rd kombo. Men, f\u00f6r&hellip;<\/p>\n","protected":false},"author":39,"featured_media":3496,"comment_status":"open","ping_status":"open","sticky":false,"template":"","format":"standard","meta":{"ep_exclude_from_search":false,"p4_og_title":"","p4_og_description":"","p4_og_image":"","p4_og_image_id":"","p4_seo_canonical_url":"","p4_campaign_name":"","p4_local_project":"","p4_basket_name":"","p4_department":"","footnotes":""},"categories":[3],"tags":[23,30,40,63],"p4-page-type":[16],"class_list":["post-3487","post","type-post","status-publish","format-standard","has-post-thumbnail","hentry","category-hav","tag-globaluppvarmning","tag-marinaskyddadeomraden","tag-biodiversitet","tag-gruvdriftpahavsbotten","p4-page-type-artiklar"],"_links":{"self":[{"href":"https:\/\/www.greenpeace.org\/sweden\/wp-json\/wp\/v2\/posts\/3487","targetHints":{"allow":["GET"]}}],"collection":[{"href":"https:\/\/www.greenpeace.org\/sweden\/wp-json\/wp\/v2\/posts"}],"about":[{"href":"https:\/\/www.greenpeace.org\/sweden\/wp-json\/wp\/v2\/types\/post"}],"author":[{"embeddable":true,"href":"https:\/\/www.greenpeace.org\/sweden\/wp-json\/wp\/v2\/users\/39"}],"replies":[{"embeddable":true,"href":"https:\/\/www.greenpeace.org\/sweden\/wp-json\/wp\/v2\/comments?post=3487"}],"version-history":[{"count":9,"href":"https:\/\/www.greenpeace.org\/sweden\/wp-json\/wp\/v2\/posts\/3487\/revisions"}],"predecessor-version":[{"id":58112,"href":"https:\/\/www.greenpeace.org\/sweden\/wp-json\/wp\/v2\/posts\/3487\/revisions\/58112"}],"wp:featuredmedia":[{"embeddable":true,"href":"https:\/\/www.greenpeace.org\/sweden\/wp-json\/wp\/v2\/media\/3496"}],"wp:attachment":[{"href":"https:\/\/www.greenpeace.org\/sweden\/wp-json\/wp\/v2\/media?parent=3487"}],"wp:term":[{"taxonomy":"category","embeddable":true,"href":"https:\/\/www.greenpeace.org\/sweden\/wp-json\/wp\/v2\/categories?post=3487"},{"taxonomy":"post_tag","embeddable":true,"href":"https:\/\/www.greenpeace.org\/sweden\/wp-json\/wp\/v2\/tags?post=3487"},{"taxonomy":"p4-page-type","embeddable":true,"href":"https:\/\/www.greenpeace.org\/sweden\/wp-json\/wp\/v2\/p4-page-type?post=3487"}],"curies":[{"name":"wp","href":"https:\/\/api.w.org\/{rel}","templated":true}]}}