{"id":3555,"date":"2019-08-15T11:11:05","date_gmt":"2019-08-15T10:11:05","guid":{"rendered":"https:\/\/www.greenpeace.org\/sweden\/?p=3555"},"modified":"2024-08-22T13:06:49","modified_gmt":"2024-08-22T12:06:49","slug":"javier-bardem-hojer-rosten-for-varldshaven","status":"publish","type":"post","link":"https:\/\/www.greenpeace.org\/sweden\/pressmeddelanden\/hav\/javier-bardem-hojer-rosten-for-varldshaven\/","title":{"rendered":"Javier Bardem h\u00f6jer r\u00f6sten f\u00f6r v\u00e4rldshaven"},"content":{"rendered":"<div id=\"attachment_3557\" style=\"width: 810px\" class=\"wp-caption alignnone\"><img loading=\"lazy\" decoding=\"async\" aria-describedby=\"caption-attachment-3557\" class=\"size-full wp-image-3557\" src=\"https:\/\/www.greenpeace.org\/static\/planet4-sweden-stateless\/2019\/08\/10ddaa8a-gp0strhzi_web_size_with_credit_line.jpg\" alt=\"\" width=\"800\" height=\"533\" srcset=\"https:\/\/www.greenpeace.org\/static\/planet4-sweden-stateless\/2019\/08\/10ddaa8a-gp0strhzi_web_size_with_credit_line.jpg 800w, https:\/\/www.greenpeace.org\/static\/planet4-sweden-stateless\/2019\/08\/10ddaa8a-gp0strhzi_web_size_with_credit_line-300x200.jpg 300w, https:\/\/www.greenpeace.org\/static\/planet4-sweden-stateless\/2019\/08\/10ddaa8a-gp0strhzi_web_size_with_credit_line-768x512.jpg 768w, https:\/\/www.greenpeace.org\/static\/planet4-sweden-stateless\/2019\/08\/10ddaa8a-gp0strhzi_web_size_with_credit_line-510x340.jpg 510w\" sizes=\"auto, (max-width: 800px) 100vw, 800px\" \/><p id=\"caption-attachment-3557\" class=\"wp-caption-text\">Actor Javier Bardem looking at chinstrap penguins after arriving at King George Island in the Antarctic to join Greenpeace ship the Arctic Sunrise in an expedition in support of the largest protected area on Earth, an Antarctic Ocean Sanctuary.<\/p><\/div>\n<p id=\"m_-3166911160547876326docs-internal-guid-7d70e245-7fff-c018-b271-1317a88a94c7\" dir=\"ltr\"><strong><em>New York, USA, 15\/8 2019.<\/em><br \/>\n<\/strong><\/p>\n<p dir=\"ltr\"><strong>M\u00e5ndag den 19 augusti samlas v\u00e4rldens regeringar i FN:s h\u00f6gkvarter i New York f\u00f6r att diskutera v\u00e5r bl\u00e5 planets framtid. F\u00f6rhandlingarna i sig \u00e4r historiska, d\u00e5 det handlar om att etablera ett helt nytt s\u00e4tt att f\u00f6rvalta v\u00e5ra v\u00e4rldshav vilket ska g\u00f6ra det m\u00f6jligt att skapa ett v\u00e4rldsomsp\u00e4nnande n\u00e4tverk av havsreservat. N\u00e5got som forskningen s\u00e4ger \u00e4r avg\u00f6rande f\u00f6r att r\u00e4dda livet i haven.<br \/>\n<\/strong><\/p>\n<p dir=\"ltr\">Det har tagit mer \u00e4n ett decennium f\u00f6r beslutsfattare att komma fram till dessa f\u00f6rhandlingar och m\u00e5ndag inneb\u00e4r den tredje av fyra f\u00f6rhandlingsrundor som kommer s\u00e4tta ramen f\u00f6r avtalet.\u00a0Den spanska sk\u00e5despelaren och Oscarvinnaren <strong>Javier Bardem<\/strong> kommer att vara p\u00e5 plats i New York f\u00f6r att p\u00e5minna delegaterna om havens akuta tillst\u00e5nd och behov av reservat:<\/p>\n<p dir=\"ltr\"><em>\u201cDet som h\u00e4nder i v\u00e5ra internationella hav, stannar inte d\u00e4r. Valar, sk\u00f6ldpaddor och fiskar k\u00e4nner inte till m\u00e4nskliga gr\u00e4nser. De \u00e4r alla sammankopplade med hela havet, precis som vi \u00e4r med dem. V\u00e5ra hav h\u00e5ller p\u00e5 att kollapsa och vi har en stor roll att spela i att f\u00f6rhindra detta. Nu m\u00e5ste v\u00e4rldens l\u00e4nder ta sitt ansvar och st\u00e5 upp f\u00f6r ett starkt, globalt havsavtal.\u201d<\/em><\/p>\n<p>&nbsp;<\/p>\n<p><img loading=\"lazy\" decoding=\"async\" class=\" wp-image-3559\" src=\"https:\/\/www.greenpeace.org\/static\/planet4-sweden-stateless\/2019\/08\/c19f635a-gp02k8w_high_res_fad-1024x701.jpg\" alt=\"\" width=\"789\" height=\"540\" srcset=\"https:\/\/www.greenpeace.org\/static\/planet4-sweden-stateless\/2019\/08\/c19f635a-gp02k8w_high_res_fad-1024x701.jpg 1024w, https:\/\/www.greenpeace.org\/static\/planet4-sweden-stateless\/2019\/08\/c19f635a-gp02k8w_high_res_fad-300x205.jpg 300w, https:\/\/www.greenpeace.org\/static\/planet4-sweden-stateless\/2019\/08\/c19f635a-gp02k8w_high_res_fad-768x526.jpg 768w, https:\/\/www.greenpeace.org\/static\/planet4-sweden-stateless\/2019\/08\/c19f635a-gp02k8w_high_res_fad-1996x1366.jpg 1996w, https:\/\/www.greenpeace.org\/static\/planet4-sweden-stateless\/2019\/08\/c19f635a-gp02k8w_high_res_fad-497x340.jpg 497w\" sizes=\"auto, (max-width: 789px) 100vw, 789px\" \/><\/p>\n<p>Greenpeace globala talesperson f\u00f6r havsfr\u00e5gor,<strong> Dr Sandra Schoettner<\/strong>, s\u00e4ger:<\/p>\n<p dir=\"ltr\"><em>\u201cJust nu har regeringar v\u00e4rlden \u00f6ver en unik chans att tillsammans adressera en av v\u00e5r tids st\u00f6rsta fr\u00e5gor: Den kontinuerliga plundringen och f\u00f6rst\u00f6relsen av v\u00e5ra hav. Vi har ingen tid att f\u00f6rlora. Vad som \u00e4n h\u00e4nder p\u00e5 det h\u00e4r m\u00f6tet, s\u00e5 vet vi att det kommer att avg\u00f6ra havens \u00f6de. V\u00e5ra hav m\u00f6ter idag fler hot \u00e4n n\u00e5gonsin, alltifr\u00e5n \u00f6verfiske till oljeborrning, gruvdrift och plastf\u00f6roreningar. Vi beh\u00f6ver ett starkt havsavtal f\u00f6r att f\u00e5 till skapandet av ett n\u00e4tverk av havsreservat v\u00e4rlden \u00f6ver, s\u00e5 att livet i havet kan f\u00e5 en chans att finna skydd.\u201d<\/em><\/p>\n<p dir=\"ltr\"><strong>Dima Litvinov,<\/strong> talespersoner f\u00f6r havsfr\u00e5gor p\u00e5 Greenpeace Sverige s\u00e4ger:<\/p>\n<p dir=\"ltr\"><em>\u201cLyckas vi s\u00e4kerst\u00e4lla ett starkt havsavtal s\u00e5 ser vi till att haven forts\u00e4tter vara en stark allierad i v\u00e5r kamp mot den globala upphettningen. Haven ger idag miljontals m\u00e4nniskor mat och ger oss vartannat andetag vi andas. Sverige, och Margot Wallstr\u00f6m som \u00e4r ansvarig f\u00f6r delegationen, m\u00e5ste se till klimatet och milj\u00f6ns b\u00e4sta och skydda det som skyddar oss. Sverige kan inte godk\u00e4nna ett tandl\u00f6st avtal, utan vi beh\u00f6ver ett starkt havsskydd d\u00e4r vi kan se till att reglerna efterf\u00f6ljs, s\u00e5 att livet i haven f\u00e5r en r\u00e4ttvis chans att \u00e5terh\u00e4mta sig.\u201d<\/em><\/p>\n<p dir=\"ltr\"><strong><br \/>\nFoto och video<\/strong><\/p>\n<p dir=\"ltr\">Fri tillg\u00e5ng till foto-och videomaterialet relaterat till havsfr\u00e5gor g\u00e5r att finna h\u00e4r:<\/p>\n<p dir=\"ltr\"><a href=\"http:\/\/icm-tracking.meltwater.com\/link.php?DynEngagement=true&amp;H=I%2BqMhXDuIS2RujNbavWSOKShOr7Ezi73JeGvxlkJ09Qb0kDpZZQFeGR4%2FvTL7YNQQunBkB1COhsRSYdOK5YUjA6JiH6i9dESWfD7Aa%2Fm28YmVimz6bg6XY2Vqxo%2B1aHa&amp;G=0&amp;R=https%3A%2F%2Fmedia.greenpeace.org%2Fcollection%2F27MZIFJ8WWPPX&amp;I=20190815100158.0000038e032b%40mail6-46-ussnn1&amp;X=MHwxMDQ2NzU4OjVkNTUyZDk0ODE2NmRhY2YxZmU5YWEyOTs%3D&amp;S=d0DEhtN1pioBz58OkGtuisLtI_nMEO2VClRrOHsSDbI\" target=\"_blank\" rel=\"noopener noreferrer\" data-saferedirecturl=\"https:\/\/www.google.com\/url?q=http:\/\/icm-tracking.meltwater.com\/link.php?DynEngagement%3Dtrue%26H%3DI%252BqMhXDuIS2RujNbavWSOKShOr7Ezi73JeGvxlkJ09Qb0kDpZZQFeGR4%252FvTL7YNQQunBkB1COhsRSYdOK5YUjA6JiH6i9dESWfD7Aa%252Fm28YmVimz6bg6XY2Vqxo%252B1aHa%26G%3D0%26R%3Dhttps%253A%252F%252Fmedia.greenpeace.org%252Fcollection%252F27MZIFJ8WWPPX%26I%3D20190815100158.0000038e032b%2540mail6-46-ussnn1%26X%3DMHwxMDQ2NzU4OjVkNTUyZDk0ODE2NmRhY2YxZmU5YWEyOTs%253D%26S%3Dd0DEhtN1pioBz58OkGtuisLtI_nMEO2VClRrOHsSDbI&amp;source=gmail&amp;ust=1565949825374000&amp;usg=AFQjCNH9QYM1CNrDwWNKj32dr25Ck9xE5Q\">https:\/\/media.greenpeace.org\/<wbr \/>collection\/27MZIFJ8WWPPX<br \/>\n<\/a><\/p>\n<p dir=\"ltr\"><strong>Tidigare briefings om havsavtalet g\u00e5r att finna h\u00e4r:<\/strong><\/p>\n<p dir=\"ltr\"><a href=\"http:\/\/icm-tracking.meltwater.com\/link.php?DynEngagement=true&amp;H=I%2BqMhXDuIS2RujNbavWSOKShOr7Ezi73JeGvxlkJ09Qb0kDpZZQFeGR4%2FvTL7YNQQunBkB1COhsRSYdOK5YUjA6JiH6i9dESWfD7Aa%2Fm28YmVimz6bg6XY2Vqxo%2B1aHa&amp;G=0&amp;R=https%3A%2F%2Fgreenpeace.org.uk%2Fwp-content%2Fuploads%2F2019%2F03%2FWhy-we-need-a-Global-Ocean-Treaty.pdf&amp;I=20190815100158.0000038e032b%40mail6-46-ussnn1&amp;X=MHwxMDQ2NzU4OjVkNTUyZDk0ODE2NmRhY2YxZmU5YWEyOTs%3D&amp;S=Xwxy1b8KSYeYfstHKRl0q55JWAGvV7yImHqOglfgUVY\" target=\"_blank\" rel=\"noopener noreferrer\" data-saferedirecturl=\"https:\/\/www.google.com\/url?q=http:\/\/icm-tracking.meltwater.com\/link.php?DynEngagement%3Dtrue%26H%3DI%252BqMhXDuIS2RujNbavWSOKShOr7Ezi73JeGvxlkJ09Qb0kDpZZQFeGR4%252FvTL7YNQQunBkB1COhsRSYdOK5YUjA6JiH6i9dESWfD7Aa%252Fm28YmVimz6bg6XY2Vqxo%252B1aHa%26G%3D0%26R%3Dhttps%253A%252F%252Fgreenpeace.org.uk%252Fwp-content%252Fuploads%252F2019%252F03%252FWhy-we-need-a-Global-Ocean-Treaty.pdf%26I%3D20190815100158.0000038e032b%2540mail6-46-ussnn1%26X%3DMHwxMDQ2NzU4OjVkNTUyZDk0ODE2NmRhY2YxZmU5YWEyOTs%253D%26S%3DXwxy1b8KSYeYfstHKRl0q55JWAGvV7yImHqOglfgUVY&amp;source=gmail&amp;ust=1565949825374000&amp;usg=AFQjCNF1LGoFqwNeN4FFsn6YvvIYolAZlg\">Protect the Global Oceans: Why We Need a Global Ocean Treaty<\/a> F\u00f6r en mer detaljerade policy-briefing g\u00e5r det att finna <a href=\"http:\/\/icm-tracking.meltwater.com\/link.php?DynEngagement=true&amp;H=I%2BqMhXDuIS2RujNbavWSOKShOr7Ezi73JeGvxlkJ09Qb0kDpZZQFeGR4%2FvTL7YNQQunBkB1COhsRSYdOK5YUjA6JiH6i9dESWfD7Aa%2Fm28YmVimz6bg6XY2Vqxo%2B1aHa&amp;G=0&amp;R=https%3A%2F%2Fstorage.googleapis.com%2Fplanet4-international-stateless%2F2019%2F07%2F1e31c268-gp-briefing-igc3_-final.pdf&amp;I=20190815100158.0000038e032b%40mail6-46-ussnn1&amp;X=MHwxMDQ2NzU4OjVkNTUyZDk0ODE2NmRhY2YxZmU5YWEyOTs%3D&amp;S=48mLObWT7VRE23-Ss6KUCP-6fbxnWAK-htqRDknsMx4\" target=\"_blank\" rel=\"noopener noreferrer\" data-saferedirecturl=\"https:\/\/www.google.com\/url?q=http:\/\/icm-tracking.meltwater.com\/link.php?DynEngagement%3Dtrue%26H%3DI%252BqMhXDuIS2RujNbavWSOKShOr7Ezi73JeGvxlkJ09Qb0kDpZZQFeGR4%252FvTL7YNQQunBkB1COhsRSYdOK5YUjA6JiH6i9dESWfD7Aa%252Fm28YmVimz6bg6XY2Vqxo%252B1aHa%26G%3D0%26R%3Dhttps%253A%252F%252Fstorage.googleapis.com%252Fplanet4-international-stateless%252F2019%252F07%252F1e31c268-gp-briefing-igc3_-final.pdf%26I%3D20190815100158.0000038e032b%2540mail6-46-ussnn1%26X%3DMHwxMDQ2NzU4OjVkNTUyZDk0ODE2NmRhY2YxZmU5YWEyOTs%253D%26S%3D48mLObWT7VRE23-Ss6KUCP-6fbxnWAK-htqRDknsMx4&amp;source=gmail&amp;ust=1565949825374000&amp;usg=AFQjCNHOsaENjmVAtymwBfxIdm6Lg06K0A\">h\u00e4r<\/a>.<\/p>\n<p><strong>Kontakt<\/strong><\/p>\n<p dir=\"ltr\"><strong>Kommunikationsansvarig Greenpeace Norden<\/strong><\/p>\n<p dir=\"ltr\">Fanny J\u00f6nsson<\/p>\n<p dir=\"ltr\"><a href=\"mailto:fanny.jonsson@greenpeace.org\" target=\"_blank\" rel=\"noopener noreferrer\">fanny.jonsson@greenpeace.org<\/a><\/p>\n<p dir=\"ltr\">+46 70 283 30 36<\/p>\n\t\t\t<section\n\t\t\tclass=\"boxout post-645 \"\n\t\t\t\n\t\t>\n\t\t\t<a\n\t\t\t\tdata-ga-category=\"Take Action Boxout\"\n\t\t\t\tdata-ga-action=\"Image\"\n\t\t\t\tdata-ga-label=\"n\/a\"\n\t\t\t\tclass=\"cover-card-overlay\"\n\t\t\t\thref=\"https:\/\/www.greenpeace.org\/sweden\/agera\/skyddahaven\/\" \n\t\t\t><\/a>\n\t\t\t\t\t\t\t<img\n\t\t\t\t\t\tsrc=\"https:\/\/www.greenpeace.org\/static\/planet4-sweden-stateless\/2025\/02\/38acdb55-900x300_split-ud-trawling.jpg\"\n\t\t\t\t\t\tsrcset=\"https:\/\/www.greenpeace.org\/static\/planet4-sweden-stateless\/2025\/02\/38acdb55-900x300_split-ud-trawling-300x100.jpg 300w, https:\/\/www.greenpeace.org\/static\/planet4-sweden-stateless\/2025\/02\/38acdb55-900x300_split-ud-trawling-768x256.jpg 768w, https:\/\/www.greenpeace.org\/static\/planet4-sweden-stateless\/2025\/02\/38acdb55-900x300_split-ud-trawling-510x170.jpg 510w, https:\/\/www.greenpeace.org\/static\/planet4-sweden-stateless\/2025\/02\/38acdb55-900x300_split-ud-trawling.jpg 900w\"\n\t\t\t\t\t\tsizes=\"(min-width: 1000px) 358px, (min-width: 780px) 313px, 88px\"\n\t\t\t\t\t\talt=\"\" title=\"\"\n\t\t\t\t\/>\n            \t\t\t<div class=\"boxout-content\">\n\t\t\t\t\t\t\t\t\t<a\n\t\t\t\t\t\tclass=\"boxout-heading medium\"\n\t\t\t\t\t\tdata-ga-category=\"Take Action Boxout\"\n\t\t\t\t\t\tdata-ga-action=\"Title\"\n\t\t\t\t\t\tdata-ga-label=\"n\/a\"\n\t\t\t\t\t\thref=\"https:\/\/www.greenpeace.org\/sweden\/agera\/skyddahaven\/\"\n\t\t\t\t\t\t\n\t\t\t\t\t>\n\t\t\t\t\t\tSkydda haven &#8211; ratificera avtalet, Maria!\n\t\t\t\t\t<\/a>\n\t\t\t\t\t\t\t\t\t\t\t\t\t<p class=\"boxout-excerpt\">Skriv under och kr\u00e4v med oss att v\u00e5r utrikesminister Maria Malmer Stenergard ser till att Sverige fullf\u00f6ljer sitt l\u00f6fte och godk\u00e4nner avtalet. Skydda haven, Maria! <\/p>\n\t\t\t\t                                    <a\n                        class=\"btn btn-primary\"\n                        data-ga-category=\"Take Action Boxout\"\n                        data-ga-action=\"Call to Action\"\n                        data-ga-label=\"n\/a\"\n                        href=\"https:\/\/www.greenpeace.org\/sweden\/agera\/skyddahaven\/\"\n                        \n                    >\n                        Engagera dig\n                    <\/a>\n                \t\t\t<\/div>\n\t\t\t\t\t<\/section>\n\t","protected":false},"excerpt":{"rendered":"<p>New York, USA, 15\/8 2019. M\u00e5ndag den 19 augusti samlas v\u00e4rldens regeringar i FN:s h\u00f6gkvarter i New York f\u00f6r att diskutera v\u00e5r bl\u00e5 planets framtid. F\u00f6rhandlingarna i sig \u00e4r historiska,&hellip;<\/p>\n","protected":false},"author":39,"featured_media":3557,"comment_status":"open","ping_status":"open","sticky":false,"template":"","format":"standard","meta":{"ep_exclude_from_search":false,"p4_og_title":"","p4_og_description":"","p4_og_image":"","p4_og_image_id":"","p4_seo_canonical_url":"","p4_campaign_name":"","p4_local_project":"","p4_basket_name":"","p4_department":"","footnotes":""},"categories":[3],"tags":[30,40],"p4-page-type":[14],"class_list":["post-3555","post","type-post","status-publish","format-standard","has-post-thumbnail","hentry","category-hav","tag-marinaskyddadeomraden","tag-biodiversitet","p4-page-type-pressmeddelanden"],"_links":{"self":[{"href":"https:\/\/www.greenpeace.org\/sweden\/wp-json\/wp\/v2\/posts\/3555","targetHints":{"allow":["GET"]}}],"collection":[{"href":"https:\/\/www.greenpeace.org\/sweden\/wp-json\/wp\/v2\/posts"}],"about":[{"href":"https:\/\/www.greenpeace.org\/sweden\/wp-json\/wp\/v2\/types\/post"}],"author":[{"embeddable":true,"href":"https:\/\/www.greenpeace.org\/sweden\/wp-json\/wp\/v2\/users\/39"}],"replies":[{"embeddable":true,"href":"https:\/\/www.greenpeace.org\/sweden\/wp-json\/wp\/v2\/comments?post=3555"}],"version-history":[{"count":4,"href":"https:\/\/www.greenpeace.org\/sweden\/wp-json\/wp\/v2\/posts\/3555\/revisions"}],"predecessor-version":[{"id":49840,"href":"https:\/\/www.greenpeace.org\/sweden\/wp-json\/wp\/v2\/posts\/3555\/revisions\/49840"}],"wp:featuredmedia":[{"embeddable":true,"href":"https:\/\/www.greenpeace.org\/sweden\/wp-json\/wp\/v2\/media\/3557"}],"wp:attachment":[{"href":"https:\/\/www.greenpeace.org\/sweden\/wp-json\/wp\/v2\/media?parent=3555"}],"wp:term":[{"taxonomy":"category","embeddable":true,"href":"https:\/\/www.greenpeace.org\/sweden\/wp-json\/wp\/v2\/categories?post=3555"},{"taxonomy":"post_tag","embeddable":true,"href":"https:\/\/www.greenpeace.org\/sweden\/wp-json\/wp\/v2\/tags?post=3555"},{"taxonomy":"p4-page-type","embeddable":true,"href":"https:\/\/www.greenpeace.org\/sweden\/wp-json\/wp\/v2\/p4-page-type?post=3555"}],"curies":[{"name":"wp","href":"https:\/\/api.w.org\/{rel}","templated":true}]}}