{"id":3646,"date":"2019-08-23T13:33:51","date_gmt":"2019-08-23T12:33:51","guid":{"rendered":"https:\/\/www.greenpeace.org\/sweden\/?p=3646"},"modified":"2024-08-22T13:07:51","modified_gmt":"2024-08-22T12:07:51","slug":"regeringen-provar-preemraffs-expansionsplaner-ur-klimathanseende","status":"publish","type":"post","link":"https:\/\/www.greenpeace.org\/sweden\/pressmeddelanden\/klimat\/regeringen-provar-preemraffs-expansionsplaner-ur-klimathanseende\/","title":{"rendered":"Regeringen pr\u00f6var Preemraffs expansionsplaner ur klimath\u00e4nseende"},"content":{"rendered":"<p><span style=\"font-weight: 400;\">Regeringen har beslutat att <\/span><a href=\"https:\/\/www.regeringen.se\/pressmeddelanden\/2019\/08\/presstraff-med-anledning-av-preems-planerade-verksamhet-i-lysekil\/\"><span style=\"font-weight: 400;\">pr\u00f6va \u00e4rendet om Preems planer<\/span><\/a><span style=\"font-weight: 400;\"> p\u00e5 att bygga ut sitt <\/span><a href=\"https:\/\/www.svt.se\/nyheter\/inrikes\/detta-har-hant-preems-planerade-utbyggnad-i-lysekil\"><span style=\"font-weight: 400;\">raffinaderi i Lysekil<\/span><\/a><b>. <\/b><span style=\"font-weight: 400;\">Anl\u00e4ggningen i Lysekil st\u00e5r idag f\u00f6r tre procent av Sveriges samlade utsl\u00e4pp och expansionen skulle om den till\u00e5ts f\u00f6rdubbla utsl\u00e4ppen. Det \u00e4r <\/span><a href=\"https:\/\/www.dn.se\/ekonomi\/regeringen-tar-over-arendet-om-preems-utbyggnad\/?fbclid=IwAR1nhqdYJ_sE7QGRaOtysL1E8bNWvZ1gfiflwm5hFYJ7cGHVY3mppnGgv7E\"><span style=\"font-weight: 400;\">f\u00f6rsta g\u00e5ngen som ett \u00e4rende pr\u00f6vas ur klimath\u00e4nseend<\/span><\/a><span style=\"font-weight: 400;\">e.<\/span><\/p>\n<p><span style=\"font-weight: 400;\"><b>\u2013 <\/b>Det \u00e4r mer \u00e4n rimligt att regeringen nu pr\u00f6var Preems expansionsplaner. Statsminister Stefan L\u00f6fven har sj\u00e4lv sagt att v\u00e4rldens l\u00e4nder m\u00e5ste sluta investera i det som f\u00f6rst\u00f6r v\u00e5r planet, och vice statsminister Isabella L\u00f6vin har vid flertalet g\u00e5nger uttryckt att det nu ska bli olagligt att prioritera bort klimatet. Nu f\u00e5r vi f\u00f6r f\u00f6rsta g\u00e5ngen se hur det klimatpolitiska ramverket pr\u00f6vas i praktiken. Regeringen \u00e4r ytterst ansvarig f\u00f6r att vi lever upp till v\u00e5ra klimatm\u00e5l och en utbyggnad av Preemraff skulle avsev\u00e4rt minska v\u00e5ra chanser att n\u00e5 m\u00e5len, s\u00e4ger <\/span><b>Parul Sharma, chef f\u00f6r Greenpeace i Sverige<\/b><\/p>\n<p><span style=\"font-weight: 400;\">I det klimatpolitiska ramverket finns klimatlagen fr\u00e5n 2017, en lag som enligt regeringen inneb\u00e4r att \u201c<\/span><a href=\"https:\/\/www.regeringen.se\/artiklar\/2017\/06\/det-klimatpolitiska-ramverket\/\"><span style=\"font-weight: 400;\">varje regering har en skyldighet att f\u00f6ra en klimatpolitik som utg\u00e5r fr\u00e5n de klimatm\u00e5l som riksdagen antagit<\/span><\/a><span style=\"font-weight: 400;\">\u201d. Bland dessa m\u00e5l finns det om att Sverige 2045 inte ska ha n\u00e5gra nettoutsl\u00e4pp av v\u00e4xthusgaser till atmosf\u00e4ren.<\/span><\/p>\n<p><span style=\"font-weight: 400;\"><b>\u2013 <\/b>Jag hoppas att klimatlagen visar sig b\u00e4rkraftig nog i detta \u00e4rende, och jag r\u00e4knar med att vi kommer se flera liknande fall. Preem i Lysekil \u00e4r en av de v\u00e4rsta anl\u00e4ggningarna vi har i Sverige men den \u00e4r l\u00e5ngt ifr\u00e5n den enda verksamheten som hotar v\u00e5rt klimat. Swedegas terminal i G\u00f6teborg och planerna p\u00e5 att bygga ut Arlanda \u00e4r andra saker som ocks\u00e5 borde pr\u00f6vas eller ompr\u00f6vas mot bakgrund av den klimatkris vi lever i, s\u00e4ger <\/span><b>Parul Sharma<\/b><\/p>\n<p><span style=\"font-weight: 400;\">I och med att v\u00e4rldens regeringar, bland dessa Sveriges, skrev under Parisavtalet 2015 har vi f\u00f6rbundit oss att arbeta f\u00f6r att <\/span><a href=\"https:\/\/www.regeringen.se\/regeringens-politik\/parisavtalet\/\"><span style=\"font-weight: 400;\">h\u00e5lla den globala upphettningen under 1,5 grader<\/span><\/a><span style=\"font-weight: 400;\">.<\/span><\/p>\n<p><span style=\"font-weight: 400;\"><b>\u2013 <\/b>Det m\u00e5ste vara olagligt att etablera och expandera verksamheter som g\u00e5r stick i st\u00e4v med Riksdagens milj\u00f6- och klimatm\u00e5l och de internationella f\u00f6rpliktelser vi har, inte minst Parisavtalet. Nu r\u00e4knar vi med att all relevant lagstiftning, inte minst milj\u00f6balken, skyndsamt kommer ikapp riksdagens klimatambitioner, s\u00e4ger <\/span><b>Parul Sharma<\/b><\/p>\n<p><span style=\"font-weight: 400;\">Flera milj\u00f6organisationer och boende i Lysekil har engagerat sig f\u00f6r att s\u00e4tta stopp f\u00f6r Preemraffs expansionsplaner.<\/span><\/p>\n<p><b><span style=\"font-weight: 400;\">\u2013 Att regeringen nu tar \u00f6ver pr\u00f6vningen av Preemraffs expansion \u00e4r ett v\u00e4lkommet erk\u00e4nnande till alla de organisationer och individer som under l\u00e5ng tid och med r\u00e4tta har protesterat p\u00e5 olika s\u00e4tt f\u00f6r klimatet och mot utbyggnaden, s\u00e4ger <\/span>Parul Sharma<\/b><\/p>\n<p>&nbsp;<\/p>\n<p><b>F\u00f6r mer information och kontakt:<\/b><\/p>\n<p><span style=\"font-weight: 400;\">Markus Mattisson, <\/span><\/p>\n<p><span style=\"font-weight: 400;\">kommunikationsansvarig, Greenpeace<\/span><\/p>\n<p><span style=\"font-weight: 400;\">0703976672<\/span><\/p>\n","protected":false},"excerpt":{"rendered":"<p>Regeringen har beslutat att pr\u00f6va \u00e4rendet om Preems planer p\u00e5 att bygga ut sitt raffinaderi i Lysekil. Anl\u00e4ggningen i Lysekil st\u00e5r idag f\u00f6r tre procent av Sveriges samlade utsl\u00e4pp och&hellip;<\/p>\n","protected":false},"author":38,"featured_media":2987,"comment_status":"open","ping_status":"open","sticky":false,"template":"","format":"standard","meta":{"ep_exclude_from_search":false,"p4_og_title":"","p4_og_description":"","p4_og_image":"","p4_og_image_id":"","p4_seo_canonical_url":"","p4_campaign_name":"","p4_local_project":"","p4_basket_name":"","p4_department":"","footnotes":""},"categories":[45,2],"tags":[23,53,24],"p4-page-type":[14],"class_list":["post-3646","post","type-post","status-publish","format-standard","has-post-thumbnail","hentry","category-energi","category-klimat","tag-globaluppvarmning","tag-svenskpolitik","tag-fossilenergi","p4-page-type-pressmeddelanden"],"_links":{"self":[{"href":"https:\/\/www.greenpeace.org\/sweden\/wp-json\/wp\/v2\/posts\/3646","targetHints":{"allow":["GET"]}}],"collection":[{"href":"https:\/\/www.greenpeace.org\/sweden\/wp-json\/wp\/v2\/posts"}],"about":[{"href":"https:\/\/www.greenpeace.org\/sweden\/wp-json\/wp\/v2\/types\/post"}],"author":[{"embeddable":true,"href":"https:\/\/www.greenpeace.org\/sweden\/wp-json\/wp\/v2\/users\/38"}],"replies":[{"embeddable":true,"href":"https:\/\/www.greenpeace.org\/sweden\/wp-json\/wp\/v2\/comments?post=3646"}],"version-history":[{"count":4,"href":"https:\/\/www.greenpeace.org\/sweden\/wp-json\/wp\/v2\/posts\/3646\/revisions"}],"predecessor-version":[{"id":3652,"href":"https:\/\/www.greenpeace.org\/sweden\/wp-json\/wp\/v2\/posts\/3646\/revisions\/3652"}],"wp:featuredmedia":[{"embeddable":true,"href":"https:\/\/www.greenpeace.org\/sweden\/wp-json\/wp\/v2\/media\/2987"}],"wp:attachment":[{"href":"https:\/\/www.greenpeace.org\/sweden\/wp-json\/wp\/v2\/media?parent=3646"}],"wp:term":[{"taxonomy":"category","embeddable":true,"href":"https:\/\/www.greenpeace.org\/sweden\/wp-json\/wp\/v2\/categories?post=3646"},{"taxonomy":"post_tag","embeddable":true,"href":"https:\/\/www.greenpeace.org\/sweden\/wp-json\/wp\/v2\/tags?post=3646"},{"taxonomy":"p4-page-type","embeddable":true,"href":"https:\/\/www.greenpeace.org\/sweden\/wp-json\/wp\/v2\/p4-page-type?post=3646"}],"curies":[{"name":"wp","href":"https:\/\/api.w.org\/{rel}","templated":true}]}}