{"id":3660,"date":"2019-08-26T12:54:06","date_gmt":"2019-08-26T11:54:06","guid":{"rendered":"https:\/\/www.greenpeace.org\/sweden\/?p=3660"},"modified":"2023-02-17T10:46:08","modified_gmt":"2023-02-17T09:46:08","slug":"darfor-brinner-amazonas","status":"publish","type":"post","link":"https:\/\/www.greenpeace.org\/sweden\/artiklar\/skog\/darfor-brinner-amazonas\/","title":{"rendered":"D\u00e4rf\u00f6r brinner Amazonas regnskog"},"content":{"rendered":"<h2><strong>Br\u00e4nderna i Amazonas \u00e4r en akut kris och en enorm tragedi f\u00f6r hela planeten. Vi tror inte att n\u00e5gon som n\u00e5s av bilderna l\u00e4mnas ober\u00f6rd. Alla vill g\u00f6ra n\u00e5got och vi f\u00e5r m\u00e5nga fr\u00e5gor om br\u00e4nderna g\u00e5r att sl\u00e4cka. Sl\u00e4ckningsarbetet p\u00e5g\u00e5r och i natt och under dagen fl\u00f6g brandflyg som sl\u00e4ppte vatten \u00f6ver omr\u00e5det.<\/strong><\/h2>\n<div id=\"attachment_3664\" style=\"width: 1034px\" class=\"wp-caption alignnone\"><img loading=\"lazy\" decoding=\"async\" aria-describedby=\"caption-attachment-3664\" class=\"size-large wp-image-3664\" src=\"https:\/\/www.greenpeace.org\/static\/planet4-sweden-stateless\/2019\/08\/b89145a1-amazonas-1024x683.jpg\" alt=\"\" width=\"1024\" height=\"683\" srcset=\"https:\/\/www.greenpeace.org\/static\/planet4-sweden-stateless\/2019\/08\/b89145a1-amazonas-1024x683.jpg 1024w, https:\/\/www.greenpeace.org\/static\/planet4-sweden-stateless\/2019\/08\/b89145a1-amazonas-300x200.jpg 300w, https:\/\/www.greenpeace.org\/static\/planet4-sweden-stateless\/2019\/08\/b89145a1-amazonas-768x512.jpg 768w, https:\/\/www.greenpeace.org\/static\/planet4-sweden-stateless\/2019\/08\/b89145a1-amazonas-510x340.jpg 510w, https:\/\/www.greenpeace.org\/static\/planet4-sweden-stateless\/2019\/08\/b89145a1-amazonas.jpg 1200w\" sizes=\"auto, (max-width: 1024px) 100vw, 1024px\" \/><p id=\"caption-attachment-3664\" class=\"wp-caption-text\">PORTO VELHO, RONDONIA, BRASILIEN: Flygfoto av Amazonas i l\u00e5gor (c) Victor Moriyama<\/p><\/div>\n<p>Vi finns p\u00e5 plats, b\u00e5de p\u00e5 marken och i luften f\u00f6r att dokumentera br\u00e4nderna, analysera situationen och samla bevis s\u00e5 att vi kan st\u00e4lla de ansvariga till svars!<\/p>\n<p>Vi arbetar med allierade och urfolkssamh\u00e4llen som p\u00e5verkats av br\u00e4nderna och vi mobiliserar b\u00e5de nationellt och internationellt st\u00f6d f\u00f6r b\u00e4ttre naturskydd f\u00f6r Amazonas. Vi h\u00e4r i Norden st\u00f6ttar v\u00e5ra kollegor p\u00e5 plats med allt som de med deras expertis om vad som b\u00f6r g\u00f6ras omg\u00e5ende, i n\u00e4rtid och l\u00e5ngsiktigt. Vi kommer outtr\u00f6ttligt forts\u00e4tta k\u00e4mpa b\u00e5de f\u00f6r att mildra katastrofen men g\u00f6r ocks\u00e5 allt vi kan f\u00f6r att hindra att detta forts\u00e4tter ske, b\u00e5de i Amazonas skogar och p\u00e5 andra platser.<\/p>\n<p><strong>Vi m\u00e5ste dock n\u00e4mna det obekv\u00e4ma &#8211; att sl\u00e4cka br\u00e4nderna \u00e4r inte nog f\u00f6r att r\u00e4dda Amazonas.<\/strong><\/p>\n<p>V\u00e4rmeb\u00f6ljor i S\u00f6dra Europa och Indien, storskaliga br\u00e4nder i Brasilien, Ryssland och Indonesien, men listan \u00e4r ju egentligen mycket l\u00e4ngre. V\u00e5r oh\u00e5llbara relation till v\u00e5ra marker och jordens tydliga replik till oss m\u00e4rks av \u00f6verallt.<\/p>\n<p>Det vi ser nu \u00e4r ett exempel: br\u00e4nderna som drabbar Amazonas har tydliga kopplingar till en milj\u00f6politik som inte g\u00f6r tillr\u00e4ckligt f\u00f6r att skydda unika skogar och ekosystem. Det \u00e4r en problematik som inte enbart avhj\u00e4lps genom att sl\u00e4cka br\u00e4nderna. Vi beh\u00f6ver en politik och en livsmedelsindustri som g\u00f6r att det brinner mindre.<\/p>\n<p>Br\u00e4nderna i Amazonas \u00e4r resultatet av en livsmedelsindustri som inneb\u00e4r skogsf\u00f6rluster till f\u00f6rm\u00e5n f\u00f6r jordbruksmark. Konsumtionen av k\u00f6tt, palmolja och soja har skjutit i h\u00f6jden de senaste \u00e5ren och mer och mer land tas i anspr\u00e5k f\u00f6r att m\u00e4tta den efterfr\u00e5gan.<\/p>\n<p>F\u00f6r n\u00e5gra veckor sedan varnade FN f\u00f6r konsekvenserna som riskerar f\u00f6lja om vi inte f\u00f6r\u00e4ndrar v\u00e5r markanv\u00e4ndning och s\u00e4ttet vi producerar livsmedel, drivmedel och produkter fr\u00e5n tr\u00e4r\u00e5vara p\u00e5. Vi ser n\u00e5gra av de konsekvenserna i Amazonas just nu. Vi ser den dagligen h\u00e4r hemma i Sverige och n\u00e5s ofta av hj\u00e4rtsk\u00e4rande bilder fr\u00e5n Indonesien. Denna typ av markanv\u00e4ndning medf\u00f6r ekologiskt s\u00f6nderfall och klimatkris.<\/p>\n<div id=\"attachment_3665\" style=\"width: 760px\" class=\"wp-caption alignnone\"><img loading=\"lazy\" decoding=\"async\" aria-describedby=\"caption-attachment-3665\" class=\"size-full wp-image-3665\" src=\"https:\/\/www.greenpeace.org\/static\/planet4-sweden-stateless\/2019\/08\/41cd0900-tre-br\u00e4nder.jpg\" alt=\"\" width=\"750\" height=\"759\" srcset=\"https:\/\/www.greenpeace.org\/static\/planet4-sweden-stateless\/2019\/08\/41cd0900-tre-br\u00e4nder.jpg 750w, https:\/\/www.greenpeace.org\/static\/planet4-sweden-stateless\/2019\/08\/41cd0900-tre-br\u00e4nder-296x300.jpg 296w, https:\/\/www.greenpeace.org\/static\/planet4-sweden-stateless\/2019\/08\/41cd0900-tre-br\u00e4nder-336x340.jpg 336w\" sizes=\"auto, (max-width: 750px) 100vw, 750px\" \/><p id=\"caption-attachment-3665\" class=\"wp-caption-text\">&#8221;Vi har gett planeten feber &#8211; storskaliga brandkatastrofer \u00e4r ett symptom&#8221;<\/p><\/div>\n<p>Vi m\u00e5ste bromsa denna destruktiva utveckling och skydda v\u00e4rldens naturskogar och dess ekosystem. Urfolk runt om i v\u00e4rlden tr\u00e4ngs undan fr\u00e5n land d\u00e4r de levt och verkat i hundratals \u00e5r och g\u00f6r motst\u00e5nd, ibland med sina liv som insats, f\u00f6r r\u00e4tten till sin mark och sina liv.<\/p>\n<p><strong>Vi har smittat v\u00e5rt hem och givit planeten feber &#8211; storskaliga katasfrofbr\u00e4nder \u00e4r ett symtom av en global, oh\u00e5llbar relation till land.<\/strong><\/p>\n<p>Nu forts\u00e4tter ett gediget arbete f\u00f6r att st\u00e4lla ansvariga till svars, samtidigt s\u00e5 ska vi st\u00e4lla om, tillsammans.<\/p>\n<p><strong>L\u00e4s mer nedan om hur vi arbetar med att skydda regnskogen:<\/strong><\/p>\n<p><a href=\"https:\/\/www.greenpeace.org\/international\/publication\/18455\/the-final-countdown-forests-indonesia-palm-oil\/\">Vi s\u00e4tter ljuset p\u00e5 de bolag som f\u00f6rst\u00f6r regnskogen<\/a> och <a href=\"https:\/\/www.greenpeace.org\/international\/publication\/22247\/countdown-extinction-report-deforestation-commodities-soya-palm-oil\/\">inte h\u00e5ller vad de lovar<\/a><\/p>\n<p>Vi tar st\u00e4llning <a href=\"https:\/\/www.greenpeace.org\/international\/story\/21866\/the-world-is-watching-and-supporting-indigenous-peoples-in-brazil\/\">i solidaritet med de m\u00e4nniskor som vakar \u00f6ver skogarna<\/a><\/p>\n<p>Vi arbetar med att <a href=\"https:\/\/www.greenpeace.org\/international\/tag\/food\/\">f\u00f6r\u00e4ndra livsmedelsindustrin<\/a><\/p>\n","protected":false},"excerpt":{"rendered":"<p>Br\u00e4nderna i Amazonas \u00e4r en akut kris och en enorm tragedi f\u00f6r hela planeten. <\/p>\n","protected":false},"author":34,"featured_media":3664,"comment_status":"open","ping_status":"open","sticky":false,"template":"","format":"standard","meta":{"ep_exclude_from_search":false,"p4_og_title":"","p4_og_description":"","p4_og_image":"","p4_og_image_id":"","p4_seo_canonical_url":"","p4_campaign_name":"not set","p4_local_project":"not set","p4_basket_name":"not set","p4_department":"","footnotes":""},"categories":[22],"tags":[47],"p4-page-type":[16],"class_list":["post-3660","post","type-post","status-publish","format-standard","has-post-thumbnail","hentry","category-skog","tag-regnskog","p4-page-type-artiklar"],"_links":{"self":[{"href":"https:\/\/www.greenpeace.org\/sweden\/wp-json\/wp\/v2\/posts\/3660","targetHints":{"allow":["GET"]}}],"collection":[{"href":"https:\/\/www.greenpeace.org\/sweden\/wp-json\/wp\/v2\/posts"}],"about":[{"href":"https:\/\/www.greenpeace.org\/sweden\/wp-json\/wp\/v2\/types\/post"}],"author":[{"embeddable":true,"href":"https:\/\/www.greenpeace.org\/sweden\/wp-json\/wp\/v2\/users\/34"}],"replies":[{"embeddable":true,"href":"https:\/\/www.greenpeace.org\/sweden\/wp-json\/wp\/v2\/comments?post=3660"}],"version-history":[{"count":14,"href":"https:\/\/www.greenpeace.org\/sweden\/wp-json\/wp\/v2\/posts\/3660\/revisions"}],"predecessor-version":[{"id":54462,"href":"https:\/\/www.greenpeace.org\/sweden\/wp-json\/wp\/v2\/posts\/3660\/revisions\/54462"}],"wp:featuredmedia":[{"embeddable":true,"href":"https:\/\/www.greenpeace.org\/sweden\/wp-json\/wp\/v2\/media\/3664"}],"wp:attachment":[{"href":"https:\/\/www.greenpeace.org\/sweden\/wp-json\/wp\/v2\/media?parent=3660"}],"wp:term":[{"taxonomy":"category","embeddable":true,"href":"https:\/\/www.greenpeace.org\/sweden\/wp-json\/wp\/v2\/categories?post=3660"},{"taxonomy":"post_tag","embeddable":true,"href":"https:\/\/www.greenpeace.org\/sweden\/wp-json\/wp\/v2\/tags?post=3660"},{"taxonomy":"p4-page-type","embeddable":true,"href":"https:\/\/www.greenpeace.org\/sweden\/wp-json\/wp\/v2\/p4-page-type?post=3660"}],"curies":[{"name":"wp","href":"https:\/\/api.w.org\/{rel}","templated":true}]}}