{"id":4012,"date":"2019-10-22T13:16:55","date_gmt":"2019-10-22T12:16:55","guid":{"rendered":"https:\/\/www.greenpeace.org\/sweden\/?p=4012"},"modified":"2023-02-17T14:06:53","modified_gmt":"2023-02-17T13:06:53","slug":"det-har-har-greenpeace-gjort-for-amazonas","status":"publish","type":"post","link":"https:\/\/www.greenpeace.org\/sweden\/artiklar\/skog\/det-har-har-greenpeace-gjort-for-amazonas\/","title":{"rendered":"Det h\u00e4r har Greenpeace gjort f\u00f6r Amazonas"},"content":{"rendered":"<div id=\"attachment_4014\" style=\"width: 1034px\" class=\"wp-caption alignnone\"><img loading=\"lazy\" decoding=\"async\" aria-describedby=\"caption-attachment-4014\" class=\"wp-image-4014 size-large\" src=\"https:\/\/www.greenpeace.org\/static\/planet4-sweden-stateless\/2019\/10\/3ad79bbd-gp0sttsck_high_res-1024x683.jpg\" alt=\"\" width=\"1024\" height=\"683\" srcset=\"https:\/\/www.greenpeace.org\/static\/planet4-sweden-stateless\/2019\/10\/3ad79bbd-gp0sttsck_high_res-1024x683.jpg 1024w, https:\/\/www.greenpeace.org\/static\/planet4-sweden-stateless\/2019\/10\/3ad79bbd-gp0sttsck_high_res-300x200.jpg 300w, https:\/\/www.greenpeace.org\/static\/planet4-sweden-stateless\/2019\/10\/3ad79bbd-gp0sttsck_high_res-768x512.jpg 768w, https:\/\/www.greenpeace.org\/static\/planet4-sweden-stateless\/2019\/10\/3ad79bbd-gp0sttsck_high_res-2048x1366.jpg 2048w, https:\/\/www.greenpeace.org\/static\/planet4-sweden-stateless\/2019\/10\/3ad79bbd-gp0sttsck_high_res-510x340.jpg 510w\" sizes=\"auto, (max-width: 1024px) 100vw, 1024px\" \/><p id=\"caption-attachment-4014\" class=\"wp-caption-text\">Flygfoto \u00f6ver skogsbr\u00e4nderna i Amazonas, augusti 2019. (Foto: Victor Moriyama \/ Greenpeace)<\/p><\/div>\n<p><span style=\"font-weight: 400;\">Sedan skogsbr\u00e4nderna br\u00f6t ut i Amazonas i augusti har v\u00e5ra team b\u00e5de i Brasilien och andra delar av v\u00e4rlden arbetat h\u00e5rt f\u00f6r att beskyddandet av skogen och urfolkens r\u00e4ttigheter d\u00e4r. <\/span><span style=\"font-weight: 400;\">Fram tills 6 oktober registrerades 98 901 br\u00e4nder i de nio staterna d\u00e4r den brasilianska delen av Amazonas ligger. Detta \u00e4r en \u00f6kning med 46% j\u00e4mf\u00f6rt med 2018.<\/span><\/p>\n<p><span style=\"font-weight: 400;\">\u00c5rets br\u00e4nder har f\u00e5tt stor internationell uppm\u00e4rksamhet och det \u00e4r viktigt att v\u00e4rlden f\u00e5r se hur Amazonas blir behandlat.<\/span><\/p>\n<p><span style=\"font-weight: 400;\">H\u00e4r \u00e4r n\u00e5got av det vi gjort sen br\u00e4nderna br\u00f6t ut, tack vare st\u00f6det fr\u00e5n tusentals givare:<\/span><\/p>\n<ul>\n<li style=\"font-weight: 400;\"><span style=\"font-weight: 400;\">Vi har organiserat tv\u00e5 resor till Amazonas, d\u00e4r vi tog med oss journalister p\u00e5 den ena resan, f\u00f6r att dokumentera br\u00e4nderna och sprida bilder och dokumentation av br\u00e4nderna till nyhetsbyr\u00e5er \u00f6ver hela v\u00e4rlden. Tack vare den h\u00e4r dokumentationen har vi lyckats uppr\u00e4tth\u00e5lla medias intresse och kunnat garantera att rapporterna om br\u00e4ndernas utveckling faktiskt st\u00e4mmer.<\/span><\/li>\n<li style=\"font-weight: 400;\"><span style=\"font-weight: 400;\">Organiserat protestaktioner vid brasilianska konsulat och ambassader i 17 l\u00e4nder f\u00f6r att kr\u00e4va akut agerande av brasilianska myndigheter.<\/span><\/li>\n<li style=\"font-weight: 400;\"><span style=\"font-weight: 400;\">Lanserat en global kampanj f\u00f6r att pressa snabbmatskedjorna McDonalds, Burger king och KFC att ta st\u00e4llning och sluta anv\u00e4nda produkter som bidrar till skogssk\u00f6vlingen i Brasilien.&nbsp;<\/span><\/li>\n<li style=\"font-weight: 400;\"><span style=\"font-weight: 400;\">Avsl\u00f6jat Brasiliens president Jair Bolsonaros milj\u00f6fientliga agenda under hans tal i FNs generalf\u00f6rsamling i New York.<\/span><\/li>\n<li style=\"font-weight: 400;\"><span style=\"font-weight: 400;\">Protesterat mot Brasiliens milj\u00f6ministers bes\u00f6k i USA, Storbritannien, Frankrike och Tyskland d\u00e4r vi avsl\u00f6jade l\u00f6gnerna som hans regering spridit.<\/span><\/li>\n<\/ul>\n<p><span style=\"font-weight: 400;\">N\u00e4r stora milj\u00f6katastrofer sker, ser vi ofta att m\u00e5nga delar sina \u201ctankar och b\u00f6ner\u201d. Men s\u00e4llan omvandlas det engagemanget i faktisk, konkret handling. Den h\u00e4r g\u00e5ngen \u00e4r ett undantag.<\/span><\/p>\n<p><span style=\"font-weight: 400;\">Vi har tillsammans hj\u00e4lpt till att ut\u00f6va p\u00e5tryckningar p\u00e5 Jair Bolsonaro och Brasiliens regering, klargjort att de inte kommer undan med sitt agerande, och att det kommer inneb\u00e4ra konsekvenser f\u00f6r Brasiliens destruktiva milj\u00f6politik. Medan Bolsonaro har f\u00f6rs\u00f6kt rentv\u00e5 sin image utomlands genom reklamkampanjer som kostat miljontals dollar, har vi ocks\u00e5 varit d\u00e4r och avsl\u00f6jat hans verkliga intentioner n\u00e4r det g\u00e4ller ut\u00f6kad boskapsdrift och gruvdrift i Amazonas. V\u00e5rt arbete \u00e4r l\u00e5ngtifr\u00e5n \u00f6ver men Brasiliens myndigheter \u00e4r nu p\u00e5 defensiven och kommer nog t\u00e4nka sig f\u00f6r b\u00e5de en och tv\u00e5 g\u00e5nger innan de g\u00e5r vidare med \u00f6del\u00e4ggelsen av Amazonas.<\/span><\/p>\n<div id=\"attachment_4013\" style=\"width: 1034px\" class=\"wp-caption alignnone\"><img loading=\"lazy\" decoding=\"async\" aria-describedby=\"caption-attachment-4013\" class=\"wp-image-4013 size-large\" src=\"https:\/\/www.greenpeace.org\/static\/planet4-sweden-stateless\/2019\/10\/63891f41-gp0stt8zh_high_res-1024x683.jpg\" alt=\"\" width=\"1024\" height=\"683\" srcset=\"https:\/\/www.greenpeace.org\/static\/planet4-sweden-stateless\/2019\/10\/63891f41-gp0stt8zh_high_res-1024x683.jpg 1024w, https:\/\/www.greenpeace.org\/static\/planet4-sweden-stateless\/2019\/10\/63891f41-gp0stt8zh_high_res-300x200.jpg 300w, https:\/\/www.greenpeace.org\/static\/planet4-sweden-stateless\/2019\/10\/63891f41-gp0stt8zh_high_res-768x512.jpg 768w, https:\/\/www.greenpeace.org\/static\/planet4-sweden-stateless\/2019\/10\/63891f41-gp0stt8zh_high_res-2048x1366.jpg 2048w, https:\/\/www.greenpeace.org\/static\/planet4-sweden-stateless\/2019\/10\/63891f41-gp0stt8zh_high_res-510x340.jpg 510w\" sizes=\"auto, (max-width: 1024px) 100vw, 1024px\" \/><p id=\"caption-attachment-4013\" class=\"wp-caption-text\">Greenpeace-aktivister demonstrerar utanf\u00f6r Brasiliens ambassad i Berlin 2019.<\/p><\/div>\n<p><b>Och nu d\u00e5?<\/b><\/p>\n<p><span style=\"font-weight: 400;\">St\u00f6det vi har f\u00e5tt fr\u00e5n v\u00e5ra supporters hj\u00e4lper oss att forts\u00e4tta arbetet f\u00f6r Amazonas, ocks\u00e5 efter att medieintresset har avtagit. Den h\u00e4r m\u00e5naden kommer en grupp av urfolk fr\u00e5n Brasilien resa genom tolv europeiska l\u00e4nder f\u00f6r att f\u00e5 internationellt st\u00f6d f\u00f6r att bek\u00e4mpa angreppen fr\u00e5n Bolsanros regering och f\u00f6r att skydda skogen och dess samh\u00e4llen.<\/span><\/p>\n<p><span style=\"font-weight: 400;\">De kommande m\u00e5naderna kommer vi ocks\u00e5 g\u00e5 ut med mer statistik f\u00f6r skogssk\u00f6vlingen i Brasilien. Vi forts\u00e4tter att s\u00e4tta press mot multinationella f\u00f6retag s\u00e5 att de rensar upp i n\u00e4ringskedjan och b\u00f6rjar arbeta f\u00f6r noll avskogning. Vi bevakar och f\u00f6rd\u00f6mer \u00e4ven varje f\u00f6rs\u00f6k av Brasiliens regering att exploatera och \u00f6del\u00e4gga Amazonas och milj\u00f6n.<\/span><\/p>\n<p><span style=\"font-weight: 400;\">Det \u00e4r mycket arbete som \u00e5terst\u00e5r, och inget av detta \u00e4r m\u00f6jligt utan det ekonomiska st\u00f6det fr\u00e5n engagerade privatpersoner eftersom vi inte tar emot pengar fr\u00e5n stater eller f\u00f6retag. V\u00e4rlden har vaknat till den p\u00e5g\u00e5ende klimatkrisen och nu m\u00e5ste vi kanalisera engagemanget mot reell handling f\u00f6r att skydda Amazonas och skogar \u00f6ver hela v\u00e4rlden. Utan skogarna har vi ingen chans att r\u00e4dda planetens framtid.<\/span><\/p>\n<p><span style=\"font-weight: 400;\">Var med och st\u00f6d v\u00e5rt arbete f\u00f6r v\u00e4rldens skogar och f\u00f6r de m\u00e4nniskor och djur som lever d\u00e4r. Bli m\u00e5nadsgivare <a href=\"https:\/\/act.gp\/31GOC01\">https:\/\/act.gp\/31GOC01<\/a> eller Swisha ett bidrag till 901 24 02.<\/span><\/p>\n<p>&nbsp;<\/p>\n\t\t\t<section\n\t\t\tclass=\"boxout post-30 \"\n\t\t\t\n\t\t>\n\t\t\t<a\n\t\t\t\tdata-ga-category=\"Take Action Boxout\"\n\t\t\t\tdata-ga-action=\"Image\"\n\t\t\t\tdata-ga-label=\"n\/a\"\n\t\t\t\tclass=\"cover-card-overlay\"\n\t\t\t\thref=\"https:\/\/www.greenpeace.org\/sweden\/agera\/stod-oss\/\" \n\t\t\t><\/a>\n\t\t\t\t\t\t\t<img\n\t\t\t\t\t\tsrc=\"https:\/\/www.greenpeace.org\/static\/planet4-sweden-stateless\/2025\/05\/87a738a4-gp034ks_medium-res-1200px-1024x685.jpg\"\n\t\t\t\t\t\tsrcset=\"https:\/\/www.greenpeace.org\/static\/planet4-sweden-stateless\/2025\/05\/87a738a4-gp034ks_medium-res-1200px-300x201.jpg 300w, https:\/\/www.greenpeace.org\/static\/planet4-sweden-stateless\/2025\/05\/87a738a4-gp034ks_medium-res-1200px-1024x685.jpg 1024w, https:\/\/www.greenpeace.org\/static\/planet4-sweden-stateless\/2025\/05\/87a738a4-gp034ks_medium-res-1200px-768x514.jpg 768w, https:\/\/www.greenpeace.org\/static\/planet4-sweden-stateless\/2025\/05\/87a738a4-gp034ks_medium-res-1200px-508x340.jpg 508w, https:\/\/www.greenpeace.org\/static\/planet4-sweden-stateless\/2025\/05\/87a738a4-gp034ks_medium-res-1200px.jpg 1200w\"\n\t\t\t\t\t\tsizes=\"(min-width: 1000px) 358px, (min-width: 780px) 313px, 88px\"\n\t\t\t\t\t\talt=\"\" title=\"\"\n\t\t\t\t\/>\n            \t\t\t<div class=\"boxout-content\">\n\t\t\t\t\t\t\t\t\t<a\n\t\t\t\t\t\tclass=\"boxout-heading medium\"\n\t\t\t\t\t\tdata-ga-category=\"Take Action Boxout\"\n\t\t\t\t\t\tdata-ga-action=\"Title\"\n\t\t\t\t\t\tdata-ga-label=\"n\/a\"\n\t\t\t\t\t\thref=\"https:\/\/www.greenpeace.org\/sweden\/agera\/stod-oss\/\"\n\t\t\t\t\t\t\n\t\t\t\t\t>\n\t\t\t\t\t\tSt\u00f6d Greenpeace arbete\n\t\t\t\t\t<\/a>\n\t\t\t\t\t\t\t\t\t\t\t\t\t<p class=\"boxout-excerpt\">Vill du vara med och skapa en b\u00e4ttre v\u00e4rld f\u00f6r nuvarande och kommande generationer? Bli m\u00e5nadsgivare idag.<\/p>\n\t\t\t\t                                    <a\n                        class=\"btn btn-primary\"\n                        data-ga-category=\"Take Action Boxout\"\n                        data-ga-action=\"Call to Action\"\n                        data-ga-label=\"n\/a\"\n                        href=\"https:\/\/www.greenpeace.org\/sweden\/agera\/stod-oss\/\"\n                        \n                    >\n                        Engagera dig\n                    <\/a>\n                \t\t\t<\/div>\n\t\t\t\t\t<\/section>\n\t","protected":false},"excerpt":{"rendered":"<p>Sedan skogsbr\u00e4nderna br\u00f6t ut i Amazonas i augusti har v\u00e5ra team b\u00e5de i Brasilien och andra delar av v\u00e4rlden arbetat h\u00e5rt f\u00f6r att beskyddandet av skogen och urfolkens r\u00e4ttigheter d\u00e4r.&hellip;<\/p>\n","protected":false},"author":36,"featured_media":4014,"comment_status":"closed","ping_status":"open","sticky":false,"template":"","format":"standard","meta":{"ep_exclude_from_search":false,"p4_og_title":"","p4_og_description":"","p4_og_image":"","p4_og_image_id":"","p4_seo_canonical_url":"","p4_campaign_name":"not set","p4_local_project":"not set","p4_basket_name":"not set","p4_department":"","footnotes":""},"categories":[22],"tags":[47],"p4-page-type":[16],"class_list":["post-4012","post","type-post","status-publish","format-standard","has-post-thumbnail","hentry","category-skog","tag-regnskog","p4-page-type-artiklar"],"_links":{"self":[{"href":"https:\/\/www.greenpeace.org\/sweden\/wp-json\/wp\/v2\/posts\/4012","targetHints":{"allow":["GET"]}}],"collection":[{"href":"https:\/\/www.greenpeace.org\/sweden\/wp-json\/wp\/v2\/posts"}],"about":[{"href":"https:\/\/www.greenpeace.org\/sweden\/wp-json\/wp\/v2\/types\/post"}],"author":[{"embeddable":true,"href":"https:\/\/www.greenpeace.org\/sweden\/wp-json\/wp\/v2\/users\/36"}],"replies":[{"embeddable":true,"href":"https:\/\/www.greenpeace.org\/sweden\/wp-json\/wp\/v2\/comments?post=4012"}],"version-history":[{"count":18,"href":"https:\/\/www.greenpeace.org\/sweden\/wp-json\/wp\/v2\/posts\/4012\/revisions"}],"predecessor-version":[{"id":54588,"href":"https:\/\/www.greenpeace.org\/sweden\/wp-json\/wp\/v2\/posts\/4012\/revisions\/54588"}],"wp:featuredmedia":[{"embeddable":true,"href":"https:\/\/www.greenpeace.org\/sweden\/wp-json\/wp\/v2\/media\/4014"}],"wp:attachment":[{"href":"https:\/\/www.greenpeace.org\/sweden\/wp-json\/wp\/v2\/media?parent=4012"}],"wp:term":[{"taxonomy":"category","embeddable":true,"href":"https:\/\/www.greenpeace.org\/sweden\/wp-json\/wp\/v2\/categories?post=4012"},{"taxonomy":"post_tag","embeddable":true,"href":"https:\/\/www.greenpeace.org\/sweden\/wp-json\/wp\/v2\/tags?post=4012"},{"taxonomy":"p4-page-type","embeddable":true,"href":"https:\/\/www.greenpeace.org\/sweden\/wp-json\/wp\/v2\/p4-page-type?post=4012"}],"curies":[{"name":"wp","href":"https:\/\/api.w.org\/{rel}","templated":true}]}}