{"id":4065,"date":"2019-10-30T08:15:14","date_gmt":"2019-10-30T07:15:14","guid":{"rendered":"https:\/\/www.greenpeace.org\/sweden\/?p=4065"},"modified":"2019-11-06T10:08:58","modified_gmt":"2019-11-06T09:08:58","slug":"trick-or-treaty-ann-linde","status":"publish","type":"post","link":"https:\/\/www.greenpeace.org\/sweden\/artiklar\/hav\/trick-or-treaty-ann-linde\/","title":{"rendered":"Trick or Treaty, Ann Linde?"},"content":{"rendered":"<p><img loading=\"lazy\" decoding=\"async\" class=\"alignnone size-large wp-image-4066\" src=\"https:\/\/www.greenpeace.org\/static\/planet4-sweden-stateless\/2019\/10\/27ddbd99-img_3687-1024x768.jpg\" alt=\"\" width=\"1024\" height=\"768\" srcset=\"https:\/\/www.greenpeace.org\/static\/planet4-sweden-stateless\/2019\/10\/27ddbd99-img_3687-1024x768.jpg 1024w, https:\/\/www.greenpeace.org\/static\/planet4-sweden-stateless\/2019\/10\/27ddbd99-img_3687-300x225.jpg 300w, https:\/\/www.greenpeace.org\/static\/planet4-sweden-stateless\/2019\/10\/27ddbd99-img_3687-768x576.jpg 768w, https:\/\/www.greenpeace.org\/static\/planet4-sweden-stateless\/2019\/10\/27ddbd99-img_3687-1821x1366.jpg 1821w, https:\/\/www.greenpeace.org\/static\/planet4-sweden-stateless\/2019\/10\/27ddbd99-img_3687-453x340.jpg 453w\" sizes=\"auto, (max-width: 1024px) 100vw, 1024px\" \/><\/p>\n<p>I en debattartikel i Omv\u00e4rlden i mitten av september, uttryckte Greenpeace hopp om att den nya utrikesministern Ann Linde skulle visa en ambition f\u00f6r att f\u00e5 till ett starkt globalt havsavtal och ett storskaligt skydd av havsmilj\u00f6n. Det globala havsavtalet kallas ibland f\u00f6r ett Parisavtal f\u00f6r haven. Inte minst hoppades vi p\u00e5 att se ett publikt st\u00e4llningstagande p\u00e5 den internationella arenan f\u00f6r att s\u00e4tta tryck p\u00e5 de l\u00e4nder som motarbetar ett starkt havsavtal, f\u00f6rst och fr\u00e4mst v\u00e5ra nordiska grannar Island och Norge.<\/p>\n<p>F\u00f6rhandlingarna handlar om ett nytt till\u00e4ggsavtal till havsr\u00e4ttskonventionen med syfte att skapa ett nytt system f\u00f6r att skydda biologiskt m\u00e5ngfald p\u00e5 internationellt vatten. Internationellt vatten eller hav utanf\u00f6r nationell jurisdiktion t\u00e4cker \u00f6ver 40% av v\u00e5r planet och regleras genom en fragmenterade regelverk, oftast baserade p\u00e5 den industriella sektorn, exempelvis fiske, rederi-\u00a0 och transportindustrin. Detta resulterar i en snabbt ned\u00e5tg\u00e5ende spiral av f\u00f6rst\u00f6relse av livet i haven. Om f\u00f6rhandlingarna lyckas, skulle denna f\u00f6r\u00f6dande spiral v\u00e4nda, bland annat genom att skapa f\u00f6ruts\u00e4ttningar f\u00f6r att etablera ett n\u00e4tverk av marina reservat som t\u00e4cker en betydande del av haven. Enligt forskare m\u00e5ste minst 30% av havsytan avs\u00e4ttas i reservat f\u00f6r att m\u00f6jligg\u00f6ra att livet i haven \u00f6verlever.<\/p>\n<p>Tyv\u00e4rr ser vi inget bevis p\u00e5 att den svenska regeringen agerat. Ist\u00e4llet har flera m\u00f6jligheter missats s\u00e5som:<\/p>\n<ul>\n<li>Klimattoppm\u00f6tet i FN i september. Storbritanniens premi\u00e4rminister annonserar\u00a0 ett nytt initiativ kallat <em>the<\/em> <em>Global Ocean Alliance<\/em>, och bjuder v\u00e4rldens regeringar att st\u00f6dja\u00a0 en etablering av ett n\u00e4tverk av reservat p\u00e5 30% av haven till 2030, och ett starkt havsavtal. Finland, Belgien, Portugal och flertal andra skriver p\u00e5 initiativet. Men Sverige avst\u00e5r.<\/li>\n<li>EU:s\u00a0 Arktiska Forum 3-4 oktober i Ume\u00e5. Ann Linde agerar v\u00e4rd till alla nordiska utrikesministrar (f\u00f6rutom Danmark) samt EU Kommissionen. Internationella \u00e5tg\u00e4rder f\u00f6r att stoppa f\u00f6rst\u00f6relsen av livet i arktiska hav diskuteras. EU:s och Finland:s representanter n\u00e4mner behovet av ett starkt globalt havsavtal, och \u00e5beropar behov av etablering av ett n\u00e4tverk av havsreservat. Ann Linde avst\u00e5r fr\u00e5n att tydligg\u00f6ra den svenska positionen i detta.<\/li>\n<li><em>Our Oceans Conference <\/em>\u00a023-25 oktober i Oslo. Norges utrikesminister bjuder v\u00e4rldsledare till diskussion f\u00f6r att \u201cidentifiera l\u00f6sningar f\u00f6r ett friskt hav\u201d. Ann Linde avst\u00e5r fr\u00e5n att delta. Ist\u00e4llet skickas milj\u00f6minister Isabella L\u00f6vin som fokuserar p\u00e5 frivilliga \u00e5tg\u00e4rder och finansiellt st\u00f6d till fattiga l\u00e4nder.\u00a0 En tydlig missad m\u00f6jlighet att sl\u00e5 ett slag f\u00f6r ett grundlig uppstramning av regler f\u00f6r skydd av milj\u00f6n, som forskark\u00e5ren pekar p\u00e5 som viktigt f\u00f6r att stoppa f\u00f6rst\u00f6relsen av havsmilj\u00f6n.<\/li>\n<\/ul>\n<p>Det \u00e4r alldeles f\u00f6r m\u00e5nga missade m\u00f6jligheter! V\u00e5rt hopp om att Ann Linde ska g\u00e5 i fr\u00e4mst ledet f\u00f6r ett mer proaktivt och positivt st\u00f6d f\u00f6r parisavtalet f\u00f6r havet b\u00f6rjar slockna. Men hoppet d\u00f6r sist. Denna vecka kommer en ny m\u00f6jlighet: Nordiska r\u00e5dets ministerm\u00f6te h\u00e5lls i Stockholm 29-31 oktober. Milj\u00f6n och klimatet \u00e4r p\u00e5 agendan. Nu m\u00e5ste Ann Linde ta tillf\u00e4llet i akt och tydligt uttrycka att Sverige vill ha levande hav och att hon st\u00f6djer etableringen av ett storskaligt n\u00e4tverk av marina reservat, \u00e4ven p\u00e5 internationellt vatten. Sverige beh\u00f6ver ocks\u00e5 uppmana andra nordiska regeringar att g\u00f6ra samma sak!<\/p>\n<p>Den svenska passiviteten i denna fr\u00e5ga m\u00e5ste brytas. Sverige m\u00e5ste agera nu, annars blir vi\u00a0medskyldiga till havsd\u00f6den. F\u00f6r att citera Martin Luther King: \u201cDet kommer en tid n\u00e4r tystnad blir till svek.\u201d\u00a0 Sk\u00e4rpning nu Ann Linde!<\/p>\n<p>Parul Sharma<\/p>\n<p>Sverigechef p\u00e5 Greenpeace<\/p>\n<p>&nbsp;<\/p>\n<p>Dima Litvinov<\/p>\n<p>Senior Campaigner Oceans<\/p>\n<p>Greenpeace Sverige<\/p>\n","protected":false},"excerpt":{"rendered":"<p>I en debattartikel i Omv\u00e4rlden i mitten av september, uttryckte Greenpeace hopp om att den nya utrikesministern Ann Linde skulle visa en ambition f\u00f6r att f\u00e5 till ett starkt globalt&hellip;<\/p>\n","protected":false},"author":38,"featured_media":4066,"comment_status":"open","ping_status":"open","sticky":false,"template":"","format":"standard","meta":{"ep_exclude_from_search":false,"p4_og_title":"","p4_og_description":"","p4_og_image":"","p4_og_image_id":"","p4_seo_canonical_url":"","p4_campaign_name":"not set","p4_local_project":"","p4_basket_name":"not set","p4_department":"","footnotes":""},"categories":[3],"tags":[30],"p4-page-type":[],"class_list":["post-4065","post","type-post","status-publish","format-standard","has-post-thumbnail","hentry","category-hav","tag-marinaskyddadeomraden"],"_links":{"self":[{"href":"https:\/\/www.greenpeace.org\/sweden\/wp-json\/wp\/v2\/posts\/4065","targetHints":{"allow":["GET"]}}],"collection":[{"href":"https:\/\/www.greenpeace.org\/sweden\/wp-json\/wp\/v2\/posts"}],"about":[{"href":"https:\/\/www.greenpeace.org\/sweden\/wp-json\/wp\/v2\/types\/post"}],"author":[{"embeddable":true,"href":"https:\/\/www.greenpeace.org\/sweden\/wp-json\/wp\/v2\/users\/38"}],"replies":[{"embeddable":true,"href":"https:\/\/www.greenpeace.org\/sweden\/wp-json\/wp\/v2\/comments?post=4065"}],"version-history":[{"count":2,"href":"https:\/\/www.greenpeace.org\/sweden\/wp-json\/wp\/v2\/posts\/4065\/revisions"}],"predecessor-version":[{"id":4068,"href":"https:\/\/www.greenpeace.org\/sweden\/wp-json\/wp\/v2\/posts\/4065\/revisions\/4068"}],"wp:featuredmedia":[{"embeddable":true,"href":"https:\/\/www.greenpeace.org\/sweden\/wp-json\/wp\/v2\/media\/4066"}],"wp:attachment":[{"href":"https:\/\/www.greenpeace.org\/sweden\/wp-json\/wp\/v2\/media?parent=4065"}],"wp:term":[{"taxonomy":"category","embeddable":true,"href":"https:\/\/www.greenpeace.org\/sweden\/wp-json\/wp\/v2\/categories?post=4065"},{"taxonomy":"post_tag","embeddable":true,"href":"https:\/\/www.greenpeace.org\/sweden\/wp-json\/wp\/v2\/tags?post=4065"},{"taxonomy":"p4-page-type","embeddable":true,"href":"https:\/\/www.greenpeace.org\/sweden\/wp-json\/wp\/v2\/p4-page-type?post=4065"}],"curies":[{"name":"wp","href":"https:\/\/api.w.org\/{rel}","templated":true}]}}