{"id":4083,"date":"2019-11-05T06:39:25","date_gmt":"2019-11-05T05:39:25","guid":{"rendered":"https:\/\/www.greenpeace.org\/sweden\/?p=4083"},"modified":"2023-02-23T09:23:56","modified_gmt":"2023-02-23T08:23:56","slug":"norska-regeringen-tillbaka-i-ratten-for-oljeborrning-i-arktis","status":"publish","type":"post","link":"https:\/\/www.greenpeace.org\/sweden\/pressmeddelanden\/klimat\/norska-regeringen-tillbaka-i-ratten-for-oljeborrning-i-arktis\/","title":{"rendered":"Norska regeringen tillbaka i r\u00e4tten f\u00f6r oljeborrning i Arktis"},"content":{"rendered":"<p>Oslo <i>&#8211;<\/i> <b>Idag m\u00f6ter norska regeringen ungdomsorganisationen Natur och Ungdom och Greenpeace Norden i norska hovr\u00e4tten &#8211; Borgartinget &#8211; d\u00e4r norska staten st\u00e5r anklagade f\u00f6r att bryta mot den norska grundlagens milj\u00f6klausul, n\u00e4r de \u00f6ppnar upp f\u00f6r ny oljeborrning i Arktis.<\/b><\/p>\n<div id=\"attachment_4084\" style=\"width: 810px\" class=\"wp-caption alignnone\"><img loading=\"lazy\" decoding=\"async\" aria-describedby=\"caption-attachment-4084\" class=\"wp-image-4084 size-full\" src=\"https:\/\/www.greenpeace.org\/static\/planet4-sweden-stateless\/2019\/11\/05b3a4d1-gp0stq8f8_web_size.jpg\" alt=\"\" width=\"800\" height=\"534\" srcset=\"https:\/\/www.greenpeace.org\/static\/planet4-sweden-stateless\/2019\/11\/05b3a4d1-gp0stq8f8_web_size.jpg 800w, https:\/\/www.greenpeace.org\/static\/planet4-sweden-stateless\/2019\/11\/05b3a4d1-gp0stq8f8_web_size-300x200.jpg 300w, https:\/\/www.greenpeace.org\/static\/planet4-sweden-stateless\/2019\/11\/05b3a4d1-gp0stq8f8_web_size-768x513.jpg 768w, https:\/\/www.greenpeace.org\/static\/planet4-sweden-stateless\/2019\/11\/05b3a4d1-gp0stq8f8_web_size-510x340.jpg 510w\" sizes=\"auto, (max-width: 800px) 100vw, 800px\" \/><p id=\"caption-attachment-4084\" class=\"wp-caption-text\">Fr\u00e5n n\u00e4r st\u00e4mningsans\u00f6kan mot norska staten l\u00e4mnades in 2016<\/p><\/div>\n<p>\u2013 Just nu bidrar klimatkrisen till intensiva skogsbr\u00e4nder, torka, orkaner och v\u00e4rmeb\u00f6ljor och orsakar lidande och d\u00f6dsfall v\u00e4rlden \u00f6ver. Den norska regeringen kan inte l\u00e4ngre ignorera de klimateffekter som utsl\u00e4ppen fr\u00e5n all olja de exporterar orsakar v\u00e4rlden \u00f6ver. Klimatf\u00f6r\u00e4ndringar k\u00e4nner inga nationsgr\u00e4nser. Olja \u00e4r olja oavsett var den f\u00f6rbr\u00e4nns, och norska regeringen m\u00e5ste stoppa sitt s\u00f6kande efter ny olja i Arktis. Ny oljeborrning i Arktis g\u00e5r inte bara emot Parisavtalet, det bryter ocks\u00e5 mot den norska grundlagen, s\u00e4ger <b>Frode Pleym<\/b>, chef f\u00f6r Greenpeace i Norge.<\/p>\n<p>Norge \u00e4r v\u00e4rldens 7:e st\u00f6rsta export\u00f6r av klimatskadliga utsl\u00e4pp och landet borrar efter mer olja \u00e4n n\u00e5gonsin. [1] [2] J\u00e4mf\u00f6rt med 2018 f\u00f6rutsp\u00e5r Norge en \u00f6kning med 16% genom borrning av 130 brunnar 2019. <b>Bland dem som borrar efter ny olja i Arktis finns svenska Lundin Petroleum. <\/b>Norges totala exporterade v\u00e4xthusgasutsl\u00e4pp \u00e4r tio g\u00e5nger st\u00f6rre \u00e4n inhemska utsl\u00e4pp fr\u00e5n landets produktion.<\/p>\n<p>\u2013 Det \u00e4r djupt beklagligt att se den norska regeringen stoppa huvudet i sanden medan de misslyckas med sina klimat\u00e5taganden och forts\u00e4tter borra efter mer av samma olja som orsakar klimatkrisen. Det \u00e4r regeringens skyldighet att v\u00e4rna en s\u00e4ker och h\u00e4lsosam milj\u00f6. Ungdomar i Norge, och hela v\u00e4rlden, oroas \u00f6ver sin framtid, n\u00e4r regeringar kommer undan med att skada klimatet och m\u00e4nniskors liv. D\u00e4rf\u00f6r protesterar vi p\u00e5 gatorna och i r\u00e4ttssalar runt om i v\u00e4rlden. Och vi \u00e4r optimistiska om att uppn\u00e5 klimatr\u00e4ttvisa, s\u00e4ger <b>Gaute Eiterjord<\/b>, talesperson f\u00f6r Natur och Ungdom i Norge.<\/p>\n<p>Medklagandena st\u00f6ds \u00e4ven i r\u00e4tten av Morf\u00f6r\u00e4ldrarnas Klimatkampanj och Jordens v\u00e4nner n\u00e4r deras \u00f6verklagande av den historiska klimatprocessen \u00f6ppnar under tisdagen. Koalitionen anklagar regeringen f\u00f6r att bevilja oljelicenser som kr\u00e4nker Parisavtalet och medborgarnas grundl\u00e4ggande r\u00e4tt till en s\u00e4ker och h\u00e4lsosam milj\u00f6 enligt den norska grundlagen.<\/p>\n<p>FN:s s\u00e4rskilda rapport\u00f6r f\u00f6r m\u00e4nskliga r\u00e4ttigheter och milj\u00f6, <b>David Boyd<\/b>, kritiserade nyligen den norska regeringens utvidgning av oljeborrning och uppmanade till ett avslut p\u00e5 Norges s\u00f6kande efter ny olja i en ny rapport om Norges energipolitik:<\/p>\n<p>\u201d<i>Norge borde sluta s\u00f6ka efter ytterligare olje- och gasreserver, sluta utvidga infrastruktur f\u00f6r fossilt br\u00e4nsle och utnyttja norsk rikedom och uppfinningsrikedom f\u00f6r att planera en r\u00e4ttvis \u00f6verg\u00e5ng till en fossilfri ekonomi. Norge, som en av v\u00e4rldens rikaste l\u00e4nder och en av v\u00e4rldens ledande producenter av olja och gas, m\u00e5ste ta stort ansvar f\u00f6r att leda anstr\u00e4ngningar f\u00f6r att mildra, anpassa och hantera f\u00f6rluster och skador.<\/i> &#8221;<\/p>\n<p><strong>David Boyd<\/strong>\u2019s uttalande <a href=\"https:\/\/www.ohchr.org\/EN\/NewsEvents\/Pages\/DisplayNews.aspx?NewsID=25032&amp;LangID=E\">h\u00e4r<\/a>.<\/p>\n<p><strong>Mediabriefing<\/strong>: <a href=\"https:\/\/storage.googleapis.com\/planet4-norway-stateless\/2019\/10\/87b8f002-media-briefing_-the-peoples-appeal-vs-norway%E2%80%99s-arctic-oil.pdf\">h\u00e4r<\/a><\/p>\n<p><strong>Legala dokument<\/strong>: <a href=\"http:\/\/www.xn--klimasksml-95a8t.no\/en\/2019\/10\/31\/legal-documents-in-english\/\">h\u00e4r<\/a><\/p>\n<p><b>Foto f\u00f6r media finns<\/b> <a href=\"https:\/\/media.greenpeace.org\/collection\/27MZIFJ8RJ7YI\">h\u00e4r<\/a><\/p>\n<p>&nbsp;<\/p>\n<p><b>Noteringar:<\/b><\/p>\n<p>Detta \u00e4r det f\u00f6rsta r\u00e4ttsfallet som utmanar borrningen efter olja och gas baserat p\u00e5 Parisavtalet, och det \u00e4r f\u00f6rsta g\u00e5ngen r\u00e4ttigheterna i den norska grundlagens milj\u00f6klausul \u00a7112 \u00e5beropas i domstol.<\/p>\n<p>K\u00e4randena har st\u00e4mt den norska regeringen f\u00f6r att bevilja oljelicenser till 13 f\u00f6retag i den 23:e licensrundan i Barentshavet.<\/p>\n<p>Oljebolagen \u00e4r: Equinor (tidigare Statoil, Norge), Capricorn, Tullow and Centrica (UK), Chevron och ConocoPhillips (USA), DEA (Tyskland), Aker BP (Norge), Idemitsu (Japan), Lukoil (Ryssland), <strong>Lundin Petroleum (Sverige),<\/strong> OMV (\u00d6sterike), PGNiG (Norge\/Polen).<\/p>\n<p>Sedan st\u00e4mningsans\u00f6kan l\u00e4mnats in har Chevron och Tullow Oil Norge s\u00e5lt sin andel i licenserna. Centrica Resources och Bayerngaz Norge har g\u00e5tt samman till Spirit Energy.<\/p>\n<p>[1]<a href=\"https:\/\/storage.googleapis.com\/planet4-norway-stateless\/2019\/04\/85e38148-85e38148-oci-the-skys-limit-norway-report-norwegian-03.pdf\">https:\/\/storage.googleapis.com\/planet4-norway-stateless\/2019\/04\/85e38148-85e38148-oci-the-skys-limit-norway-report-norwegian-03.pdf<\/a><\/p>\n<p>[2] <a href=\"https:\/\/fortune.com\/2019\/10\/18\/norway-drilling-climate-oil-and-gas\/\">https:\/\/fortune.com\/2019\/10\/18\/norway-drilling-climate-oil-and-gas\/<\/a><\/p>\n<p>&nbsp;<\/p>\n<p><b>Kontakter<\/b><\/p>\n<p><strong>Frode Pleym<\/strong>, Norgechef Greenpeace:<strong> +47 97307378<\/strong><\/p>\n<p><strong>Gaute Eiterjord<\/strong>, talesperson Natur och Ungdom: <strong>+47 46892288<\/strong><\/p>\n<p><strong>Daniel Bengtsson, <\/strong>kommunikationschef<br \/>\ndaniel.bengtsson@greenpeace.org <strong>070 300 95 10<\/strong><\/p>\n<p>&nbsp;<\/p>\n","protected":false},"excerpt":{"rendered":"<p>Oslo &#8211; Idag m\u00f6ter norska regeringen ungdomsorganisationen Natur och Ungdom och Greenpeace Norden i norska hovr\u00e4tten &#8211; Borgartinget &#8211; d\u00e4r norska staten st\u00e5r anklagade f\u00f6r att bryta mot den norska&hellip;<\/p>\n","protected":false},"author":41,"featured_media":4084,"comment_status":"open","ping_status":"open","sticky":false,"template":"","format":"standard","meta":{"ep_exclude_from_search":false,"p4_og_title":"","p4_og_description":"","p4_og_image":"","p4_og_image_id":"","p4_seo_canonical_url":"","p4_campaign_name":"not set","p4_local_project":"not set","p4_basket_name":"not set","p4_department":"","footnotes":""},"categories":[2],"tags":[46,24,49],"p4-page-type":[14],"class_list":["post-4083","post","type-post","status-publish","format-standard","has-post-thumbnail","hentry","category-klimat","tag-skyddaarktis","tag-fossilenergi","tag-olja","p4-page-type-pressmeddelanden"],"_links":{"self":[{"href":"https:\/\/www.greenpeace.org\/sweden\/wp-json\/wp\/v2\/posts\/4083","targetHints":{"allow":["GET"]}}],"collection":[{"href":"https:\/\/www.greenpeace.org\/sweden\/wp-json\/wp\/v2\/posts"}],"about":[{"href":"https:\/\/www.greenpeace.org\/sweden\/wp-json\/wp\/v2\/types\/post"}],"author":[{"embeddable":true,"href":"https:\/\/www.greenpeace.org\/sweden\/wp-json\/wp\/v2\/users\/41"}],"replies":[{"embeddable":true,"href":"https:\/\/www.greenpeace.org\/sweden\/wp-json\/wp\/v2\/comments?post=4083"}],"version-history":[{"count":7,"href":"https:\/\/www.greenpeace.org\/sweden\/wp-json\/wp\/v2\/posts\/4083\/revisions"}],"predecessor-version":[{"id":50190,"href":"https:\/\/www.greenpeace.org\/sweden\/wp-json\/wp\/v2\/posts\/4083\/revisions\/50190"}],"wp:featuredmedia":[{"embeddable":true,"href":"https:\/\/www.greenpeace.org\/sweden\/wp-json\/wp\/v2\/media\/4084"}],"wp:attachment":[{"href":"https:\/\/www.greenpeace.org\/sweden\/wp-json\/wp\/v2\/media?parent=4083"}],"wp:term":[{"taxonomy":"category","embeddable":true,"href":"https:\/\/www.greenpeace.org\/sweden\/wp-json\/wp\/v2\/categories?post=4083"},{"taxonomy":"post_tag","embeddable":true,"href":"https:\/\/www.greenpeace.org\/sweden\/wp-json\/wp\/v2\/tags?post=4083"},{"taxonomy":"p4-page-type","embeddable":true,"href":"https:\/\/www.greenpeace.org\/sweden\/wp-json\/wp\/v2\/p4-page-type?post=4083"}],"curies":[{"name":"wp","href":"https:\/\/api.w.org\/{rel}","templated":true}]}}