{"id":4267,"date":"2019-11-14T16:39:35","date_gmt":"2019-11-14T15:39:35","guid":{"rendered":"https:\/\/www.greenpeace.org\/sweden\/?p=4267"},"modified":"2024-08-22T13:15:11","modified_gmt":"2024-08-22T12:15:11","slug":"argumenten-mot-norska-regeringens-jakt-pa-olja-har-starkts-avsevart","status":"publish","type":"post","link":"https:\/\/www.greenpeace.org\/sweden\/pressmeddelanden\/klimat\/argumenten-mot-norska-regeringens-jakt-pa-olja-har-starkts-avsevart\/","title":{"rendered":"Argumenten mot norska regeringens jakt p\u00e5 olja har st\u00e4rkts avsev\u00e4rt"},"content":{"rendered":"\n<p> <em>Oslo 14 november 2019 &#8211; <\/em>Efter n\u00e4stan tv\u00e5 veckor av f\u00f6rhandlingar i Lagmansr\u00e4tten, motsvarande svenska hovr\u00e4tten avlsutas idag rond tv\u00e5 av klimatr\u00e4tteg\u00e5ngen mot den norska regeringen. <\/p>\n\n<figure class=\"wp-block-image size-large  caption-style-blue-overlay caption-alignment-center\"><img loading=\"lazy\" decoding=\"async\" width=\"1024\" height=\"683\" src=\"https:\/\/www.greenpeace.org\/static\/planet4-sweden-stateless\/2019\/08\/d5009990-lawless-1024x683.jpg\" alt=\"\" class=\"wp-image-3502\" srcset=\"https:\/\/www.greenpeace.org\/static\/planet4-sweden-stateless\/2019\/08\/d5009990-lawless.jpg 1024w, https:\/\/www.greenpeace.org\/static\/planet4-sweden-stateless\/2019\/08\/d5009990-lawless-300x200.jpg 300w, https:\/\/www.greenpeace.org\/static\/planet4-sweden-stateless\/2019\/08\/d5009990-lawless-768x512.jpg 768w, https:\/\/www.greenpeace.org\/static\/planet4-sweden-stateless\/2019\/08\/d5009990-lawless-510x340.jpg 510w\" sizes=\"auto, (max-width: 1024px) 100vw, 1024px\" \/><figcaption>Barents Sea, Norway 21 July, 2017 &#8211;  Climate activists Lucy Lawless and Joanna Sustento protest the Norwegian government for opening up for new oil drilling in the Arctic.\n<\/figcaption><\/figure>\n\n<p><\/p>\n\n<p>K\u00e4randen i \u00e4rendet \u00e4r Greenpeace Norden och den norska ungdomsorganisationen Natur och Ungdom, som i sina slutpl\u00e4deringar tryckte p\u00e5 hur de anser att den norska regeringens beslut att till\u00e5ta f\u00f6retag att borra efter ny olja i Arktis bryter mot artikel 112 i den norska grundlagen s\u00e5v\u00e4l som Parisavtalet. Greenpeace och Natur och ungdom backas \u00e4ven av organisationerna Mor- och farf\u00f6r\u00e4ldrarnas klimatupprop och Jordens V\u00e4nner Norge.<\/p>\n\n<p>Den norska regeringen, \u00e5 sin sida, forts\u00e4tter att h\u00e4vda att Norge inte har n\u00e5got ansvar att sluta leta efter- och exportera olja, eftersom den st\u00f6rsta delen f\u00f6rbr\u00e4nns utanf\u00f6r Norges gr\u00e4nser.<\/p>\n\n<p>Domarna f\u00f6rv\u00e4ntas \u00f6verl\u00e4gga i fyra veckor innan de kommer med sitt utslag.<\/p>\n\n<p>\u2013&nbsp;V\u00e5ra argument mot Norska regeringens jakt p\u00e5 ny olja har st\u00e4rkts avsev\u00e4rt sedan vi inledde processen f\u00f6r tre \u00e5r sedan. De vetenskapliga bevis som lagts fram klarg\u00f6r att Norges oljeexpansion kommer att bidra till att koldioxidbudgeten med r\u00e5ge \u00f6verskrids och det kommer att f\u00f6ra oss allt n\u00e4rmare bristningspunkten f\u00f6r milj\u00f6n- och klimatet. Det \u00e4r en besvikelse att h\u00f6ra att den norska regeringens argumentation \u00e4r helt vetenskapsfr\u00e5nv\u00e4nd i deras argument f\u00f6r en ut\u00f6kad oljeutvinning. Det \u00e4r i konflikt med Parisavtalet s\u00e5v\u00e4l som norges grundlag. Vi ser fram emot utfallet och hoppas p\u00e5 att r\u00e4tten ocks\u00e5 ser att detta inte kan vara till\u00e5tet, s\u00e4ger <strong>Frode Pleym, chef f\u00f6r Greenpeace i Norge<\/strong><\/p>\n\n<p>P\u00e5 tisdagen uttryckte David Boyd, FN:s rapport\u00f6r f\u00f6r m\u00e4nskliga r\u00e4ttigheter och milj\u00f6, sitt st\u00f6d f\u00f6r k\u00e4randens linje<a href=\"https:\/\/www.theguardian.com\/commentisfree\/2019\/nov\/12\/norway-flaunts-green-credentials-drilling-more-oils-wells?CMP=share_btn_tw\"> i en debattartikel<\/a>. Boyd kritiserade ocks\u00e5 den norska regeringens avf\u00e4rdande av sina klimat\u00e5taganden.<\/p>\n\n<p><a href=\"http:\/\/priceofoil.org\/2017\/08\/09\/the-skys-limit-norway-why-norway-should-lead-the-way-in-a-managed-decline-of-oil-and-gas-extraction\/\">Norge \u00e4r v\u00e4rldens sjunde st\u00f6rsta export\u00f6r av koldioxidutsl\u00e4pp.<\/a> De exporterade utsl\u00e4ppen \u00e4r tio g\u00e5nger h\u00f6gre Norges inhemska utsl\u00e4pp.<\/p>\n\n<p>\u2013&nbsp;De senaste tv\u00e5 \u00e5ren har vi sett allt fler extremv\u00e4der. Ungdomar kr\u00e4ver nu klimatr\u00e4ttvisa b\u00e5de p\u00e5 gatorna och i domstolarna, b\u00e5de i Norge och i resten av v\u00e4rlden. Vetenskapen \u00e4r tydlig med att vi redan hittat mer olja \u00e4n vi har r\u00e5d att f\u00f6rbr\u00e4nna, men den norska regeringen tycks leva i ett parallellt universum d\u00e4r de kan v\u00e4nda sitt ansvar f\u00f6r de utsl\u00e4pp norsk olja orsakar ryggen. Som ett av v\u00e4rldens rikaste l\u00e4nder borde Norge se till kommande generationer och ge v\u00e4rlden ren f\u00f6rnybar energi, s\u00e4ger <strong>Gaute Eiterjord, talesperson f\u00f6r Natur och Ungdom i Norge.<\/strong><\/p>\n\n<p>Under f\u00f6rhandlingarna visade ocks\u00e5 <a href=\"http:\/\/www.xn--klimasksml-95a8t.no\/wp-content\/uploads\/2019\/11\/Presentasjon-Lagmannsretten-Greaker-og-Rosendahl-November-20191.pdf\">sakkunniga inom socioekonomi p\u00e5 kritiska felber\u00e4kningar<\/a> i den norska regeringens argumentation att expansion av oljeutvinningen skulle vara l\u00f6nsamt.<\/p>\n\n<p>Svenska staten investerar, genom de allm\u00e4nna pensionsfonderna, AP-fonderna miljarder i de bolag som f\u00e5tt nya oljelicenser av den norska regeringen.<\/p>\n\n<p>\u2013\u00a0Det \u00e4r djupt olyckligt att stater har denna typ av allianser d\u00e4r svenska pensionssparare tvingas bidra till Norges export av klimatf\u00f6rst\u00f6relse, mitt i r\u00e5dande klimatkris, s\u00e4ger <strong>Parul Sharma, chef f\u00f6r Greenpeace i Sverige<\/strong><\/p>\n\n<p><a href=\"https:\/\/storage.googleapis.com\/planet4-norway-stateless\/2019\/10\/87b8f002-media-briefing_-the-peoples-appeal-vs-norway%E2%80%99s-arctic-oil.pdf\"><strong>Mediabriefing hittar du h\u00e4r<\/strong><\/a><br><a href=\"https:\/\/media.greenpeace.org\/collection\/27MZIFJ8RJ7YI?_ga=2.77692820.16717958.1573461945-87228078.1566809986\"><strong>Bilder f\u00f6r media<\/strong><\/a><br><\/p>\n\n<p><strong>Kontakpersoner<\/strong><\/p>\n\n<p>Poul Bonke Justeseen, Kommunikationsansvarig, Greenpeace Norden. Mobil: +45 2629 4938 \/ poul.bonke.justesen@greenpeace.org<\/p>\n","protected":false},"excerpt":{"rendered":"<p>Barents Sea, Norway 21 July, 2017 &#8211; Climate activists Lucy Lawless and Joanna Sustento protest the Norwegian government for opening up for new oil drilling in the Arctic. Oslo 14&hellip;<\/p>\n","protected":false},"author":38,"featured_media":3502,"comment_status":"open","ping_status":"open","sticky":false,"template":"","format":"standard","meta":{"ep_exclude_from_search":false,"p4_og_title":"","p4_og_description":"","p4_og_image":"","p4_og_image_id":"","p4_seo_canonical_url":"","p4_campaign_name":"not set","p4_local_project":"","p4_basket_name":"not set","p4_department":"","footnotes":""},"categories":[45,2],"tags":[23,31,24,49],"p4-page-type":[14],"class_list":["post-4267","post","type-post","status-publish","format-standard","has-post-thumbnail","hentry","category-energi","category-klimat","tag-globaluppvarmning","tag-aktivism","tag-fossilenergi","tag-olja","p4-page-type-pressmeddelanden"],"_links":{"self":[{"href":"https:\/\/www.greenpeace.org\/sweden\/wp-json\/wp\/v2\/posts\/4267","targetHints":{"allow":["GET"]}}],"collection":[{"href":"https:\/\/www.greenpeace.org\/sweden\/wp-json\/wp\/v2\/posts"}],"about":[{"href":"https:\/\/www.greenpeace.org\/sweden\/wp-json\/wp\/v2\/types\/post"}],"author":[{"embeddable":true,"href":"https:\/\/www.greenpeace.org\/sweden\/wp-json\/wp\/v2\/users\/38"}],"replies":[{"embeddable":true,"href":"https:\/\/www.greenpeace.org\/sweden\/wp-json\/wp\/v2\/comments?post=4267"}],"version-history":[{"count":2,"href":"https:\/\/www.greenpeace.org\/sweden\/wp-json\/wp\/v2\/posts\/4267\/revisions"}],"predecessor-version":[{"id":4269,"href":"https:\/\/www.greenpeace.org\/sweden\/wp-json\/wp\/v2\/posts\/4267\/revisions\/4269"}],"wp:featuredmedia":[{"embeddable":true,"href":"https:\/\/www.greenpeace.org\/sweden\/wp-json\/wp\/v2\/media\/3502"}],"wp:attachment":[{"href":"https:\/\/www.greenpeace.org\/sweden\/wp-json\/wp\/v2\/media?parent=4267"}],"wp:term":[{"taxonomy":"category","embeddable":true,"href":"https:\/\/www.greenpeace.org\/sweden\/wp-json\/wp\/v2\/categories?post=4267"},{"taxonomy":"post_tag","embeddable":true,"href":"https:\/\/www.greenpeace.org\/sweden\/wp-json\/wp\/v2\/tags?post=4267"},{"taxonomy":"p4-page-type","embeddable":true,"href":"https:\/\/www.greenpeace.org\/sweden\/wp-json\/wp\/v2\/p4-page-type?post=4267"}],"curies":[{"name":"wp","href":"https:\/\/api.w.org\/{rel}","templated":true}]}}