{"id":44980,"date":"2020-09-24T08:56:10","date_gmt":"2020-09-24T07:56:10","guid":{"rendered":"https:\/\/www.greenpeace.org\/sweden\/?p=44980"},"modified":"2024-08-26T15:05:01","modified_gmt":"2024-08-26T14:05:01","slug":"regeringens-budget-valkomna-satsningar-men-helhetsgreppet-saknas","status":"publish","type":"post","link":"https:\/\/www.greenpeace.org\/sweden\/pressmeddelanden\/klimat\/regeringens-budget-valkomna-satsningar-men-helhetsgreppet-saknas\/","title":{"rendered":"Regeringens budget &#8211; v\u00e4lkomna satsningar, men helhetsgreppet saknas"},"content":{"rendered":"\n<figure class=\"wp-block-image size-large  caption-style-blue-overlay caption-alignment-center\"><img loading=\"lazy\" decoding=\"async\" width=\"1024\" height=\"683\" src=\"https:\/\/www.greenpeace.org\/static\/planet4-sweden-stateless\/2019\/05\/0bacb5e5-gp_jana_eriksson_riksdagen-panic-1024x683.png\" title=\"Aktivister g\u00f6r en \u2018Banksy\u2019 p\u00e5 riksdagen - kr\u00e4ver klimatn\u00f6dl\u00e4ge\" alt=\"Aktivister g\u00f6r en \u2018Banksy\u2019 p\u00e5 riksdagen - kr\u00e4ver klimatn\u00f6dl\u00e4ge\" class=\"wp-image-2982\" srcset=\"https:\/\/www.greenpeace.org\/static\/planet4-sweden-stateless\/2019\/05\/0bacb5e5-gp_jana_eriksson_riksdagen-panic-1024x683.png 1024w, https:\/\/www.greenpeace.org\/static\/planet4-sweden-stateless\/2019\/05\/0bacb5e5-gp_jana_eriksson_riksdagen-panic-300x200.png 300w, https:\/\/www.greenpeace.org\/static\/planet4-sweden-stateless\/2019\/05\/0bacb5e5-gp_jana_eriksson_riksdagen-panic-768x512.png 768w, https:\/\/www.greenpeace.org\/static\/planet4-sweden-stateless\/2019\/05\/0bacb5e5-gp_jana_eriksson_riksdagen-panic-510x340.png 510w, https:\/\/www.greenpeace.org\/static\/planet4-sweden-stateless\/2019\/05\/0bacb5e5-gp_jana_eriksson_riksdagen-panic.png 1200w\" sizes=\"auto, (max-width: 1024px) 100vw, 1024px\" \/><figcaption>Inspirerade av ett klassiskt Banksy-verk m\u00e5lade aktivister fr\u00e5n Greenpeace texten \u201cNO NEED TO PANIC\u201d halvv\u00e4gs under vattenlinjen p\u00e5 riksdagshuset. Aktionen genomf\u00f6rdes inf\u00f6r en extrainsatt riksdagsdebatt med anledning av rapporten fr\u00e5n Klimatpolitiska r\u00e5det som visar att Sverige inte n\u00e5r klimatm\u00e5len och att utsl\u00e4ppsminskningarna har avstannat. Greenpeace uppmanar Sveriges politiker att lyssna till kravet som st\u00e4lls fr\u00e5n allt fler organisationer om att utlysa klimatn\u00f6dl\u00e4ge.\n<\/figcaption><figcaption><div class=\"credit icon-left\"> \u00a9 Jana Eriksson \/ Greenpeace<\/div><\/figcaption><\/figure>\n\n<p>Det finns flera v\u00e4lkomna satsningar i budgeten; p\u00e5 v\u00e5tmarker naturv\u00e5rd, underh\u00e5ll av naturv\u00e4rden, satsningar p\u00e5 sp\u00e5rbunden trafik, energieffektivisering i nuvarande bostadsbest\u00e5nd och de gr\u00f6na kreditgarantierna. Det \u00e4r \u00e5tg\u00e4rder som bidrar till omst\u00e4llningen. Denna budget tar n\u00e5gra kliv inom ramen f\u00f6r nuvarande system i riktning mot omst\u00e4llning, men dess goda effekter riskerar att \u00e4tas upp av den \u00f6kade konsumtion som blir effekten av stimulering av b\u00e5de medborgarnas och f\u00f6retagens konsumtion. Vissa av satsningarna i budgeten kan ge konstgjord andning, men budgeten tar inte ett helhetsgrepp f\u00f6r att s\u00e4kra v\u00e5r l\u00e5ngsiktiga v\u00e4lf\u00e4rd. Regeringen saknar den krisinsikt och systemansats som kr\u00e4vs om vi ska kunna hantera de m\u00e5nga utmaningar v\u00e5rt samh\u00e4lle st\u00e5r inf\u00f6r.\u00a0<\/p>\n\n<p>Greenpeace saknar den verkliga integreringen av fr\u00e5gorna som kr\u00e4vs f\u00f6r att klimatpolitiken ska genomsyra samtliga politikomr\u00e5den. \u00c4ven n\u00e4rings- och arbetsmarknadspolitiken beh\u00f6ver tydligare styra mot en l\u00e5ngsiktigt h\u00e5llbar utveckling av den svenska industrin. Det \u00e4r endast s\u00e5 vi kan s\u00e4kra en positiv utveckling som st\u00e5r stadigt i framtiden. Sverige ekonomiska politik beh\u00f6ver beakta de fysiska premisserna som all samh\u00e4llsverksamhet vilar p\u00e5 &#8211; levande ekosystem och ett klimat i balans. Det finns ett win win scenario som gynnar b\u00e5de m\u00e4nniskor, milj\u00f6 och klimat.&nbsp;<\/p>\n\n<p>Satsningen p\u00e5 biobr\u00e4nslen riskerar att underminera de goda \u00e5tg\u00e4rder som g\u00f6rs f\u00f6r natur- och milj\u00f6v\u00e5rd.&nbsp;<\/p>\n\n<p>N\u00e4r biobr\u00e4nslen eldas upp behandlas utsl\u00e4ppen fr\u00e5n avgasr\u00f6ret till noll. Men precis som Naturv\u00e5rdsverket skriver p\u00e5 sin webb: Det \u00e4r ingen skillnad p\u00e5 en koldioxidmolekyl som kommer fr\u00e5n f\u00f6rbr\u00e4nning av biobr\u00e4nsle och en som kommer fr\u00e5n f\u00f6rbr\u00e4nning av fossila br\u00e4nslen. Koldioxiden som fl\u00f6dar ut i atmosf\u00e4ren v\u00e4rmer upp planeten exakt lika mycket som fossil koldioxid. Dessutom tar det v\u00e4ldigt l\u00e5ng tid f\u00f6r ett kalhygge att \u00e5terbetala den koldioxidskuld som kalavverkning inneb\u00e4r och ett kalhygge kan aldrig \u00e5terbetala sin biologiska m\u00e5ngfaldsskuld. De tr\u00e4dplantage som s\u00e4tts efter kalavverkningar \u00e4r biologiska \u00f6knar i j\u00e4mf\u00f6relse med ett kontinuitetsskogsbruk.<\/p>\n\n<p>Det \u00e4r ocks\u00e5 olyckligt att satsningar p\u00e5 s\u00e5 kallade negativa utsl\u00e4pp, CCS, forts\u00e4tter. Det b\u00e4sta s\u00e4ttet att f\u00e5 ner utsl\u00e4ppen \u00e4r att sl\u00e4ppa ut mindre och s\u00e4kra intakta ekosystem som p\u00e5 ett bepr\u00f6vat och naturligt s\u00e4tt suger upp koldioxid och binder den i marken. CCS \u00e4r en opr\u00f6vad och dyr teknik f\u00f6r att ers\u00e4tta n\u00e5got som v\u00e5ra ekosystem g\u00f6r gratis, om de v\u00e5rdas. Vi hade hellre sett ytterligare satsningar p\u00e5 skydd av ekosystem och sk\u00e4liga ers\u00e4ttningar till mark\u00e4gare f\u00f6r att bruka mark och vatten p\u00e5 ett f\u00f6r ekosystemen gynnsamt s\u00e4tt.&nbsp;<\/p>\n\n<p>Regeringen hade nu m\u00f6jlighet att anv\u00e4nda de stora tillskotten av resurser f\u00f6r att staka ut en ny v\u00e4g f\u00f6r Sverige, en v\u00e4g mot en l\u00e5ngsiktig h\u00e5llbar v\u00e4lf\u00e4rd. Den h\u00e4r budgeten tog n\u00e5gra sm\u00e5 steg i r\u00e4tt riktning men m\u00f6ter inte behoven i v\u00e5ra livsuppr\u00e4tth\u00e5llande milj\u00f6 och klimatsystem som \u00e4r grunden f\u00f6r hela v\u00e5rt samh\u00e4lle.<\/p>\n\n<p>I v\u00e5ras skickade Greenpeace en lista p\u00e5 \u00e5tg\u00e4rder som vi ser som n\u00f6dv\u00e4ndiga f\u00f6r den samh\u00e4llsomst\u00e4llning som v\u00e5ra ekosystem och v\u00e5rt klimat kr\u00e4ver. Omst\u00e4llning mot en l\u00e5ngsiktigt h\u00e5llbar v\u00e4lf\u00e4rd. <a href=\"https:\/\/www.greenpeace.org\/static\/planet4-sweden-stateless\/2020\/04\/e8bbc4c2-kickstarta-samh%C3%A4llsomst%C3%A4llningen-greenpeace.pdf\">H\u00e4r kan du ta del av den.<\/a><\/p>\n\n<p><em>Isadora Wronski, chef f\u00f6r Greenpeace i Sverige<\/em> <\/p>\n<div class=\"EmptyMessage\">Block content is empty. Check the block&#8217;s settings or remove it.<\/div>","protected":false},"excerpt":{"rendered":"<p>Det finns flera v\u00e4lkomna satsningar i budgeten; p\u00e5 v\u00e5tmarker naturv\u00e5rd, underh\u00e5ll av naturv\u00e4rden,satsningar p\u00e5 sp\u00e5rbunden trafik, energieffektivisering i nuvarande bostadsbest\u00e5nd och de gr\u00f6na kreditgarantierna. Det \u00e4r \u00e5tg\u00e4rder som bidrar till&hellip;<\/p>\n","protected":false},"author":38,"featured_media":2982,"comment_status":"closed","ping_status":"open","sticky":false,"template":"","format":"standard","meta":{"ep_exclude_from_search":false,"p4_og_title":"","p4_og_description":"","p4_og_image":"","p4_og_image_id":"","p4_seo_canonical_url":"","p4_campaign_name":"not set","p4_local_project":"not set","p4_basket_name":"not set","p4_department":"","footnotes":""},"categories":[2],"tags":[23,25,40,67,53,55],"p4-page-type":[14],"class_list":["post-44980","post","type-post","status-publish","format-standard","has-post-thumbnail","hentry","category-klimat","tag-globaluppvarmning","tag-hallbarenergi","tag-biodiversitet","tag-bioenergi","tag-svenskpolitik","tag-systemomstallning","p4-page-type-pressmeddelanden"],"_links":{"self":[{"href":"https:\/\/www.greenpeace.org\/sweden\/wp-json\/wp\/v2\/posts\/44980","targetHints":{"allow":["GET"]}}],"collection":[{"href":"https:\/\/www.greenpeace.org\/sweden\/wp-json\/wp\/v2\/posts"}],"about":[{"href":"https:\/\/www.greenpeace.org\/sweden\/wp-json\/wp\/v2\/types\/post"}],"author":[{"embeddable":true,"href":"https:\/\/www.greenpeace.org\/sweden\/wp-json\/wp\/v2\/users\/38"}],"replies":[{"embeddable":true,"href":"https:\/\/www.greenpeace.org\/sweden\/wp-json\/wp\/v2\/comments?post=44980"}],"version-history":[{"count":3,"href":"https:\/\/www.greenpeace.org\/sweden\/wp-json\/wp\/v2\/posts\/44980\/revisions"}],"predecessor-version":[{"id":49775,"href":"https:\/\/www.greenpeace.org\/sweden\/wp-json\/wp\/v2\/posts\/44980\/revisions\/49775"}],"wp:featuredmedia":[{"embeddable":true,"href":"https:\/\/www.greenpeace.org\/sweden\/wp-json\/wp\/v2\/media\/2982"}],"wp:attachment":[{"href":"https:\/\/www.greenpeace.org\/sweden\/wp-json\/wp\/v2\/media?parent=44980"}],"wp:term":[{"taxonomy":"category","embeddable":true,"href":"https:\/\/www.greenpeace.org\/sweden\/wp-json\/wp\/v2\/categories?post=44980"},{"taxonomy":"post_tag","embeddable":true,"href":"https:\/\/www.greenpeace.org\/sweden\/wp-json\/wp\/v2\/tags?post=44980"},{"taxonomy":"p4-page-type","embeddable":true,"href":"https:\/\/www.greenpeace.org\/sweden\/wp-json\/wp\/v2\/p4-page-type?post=44980"}],"curies":[{"name":"wp","href":"https:\/\/api.w.org\/{rel}","templated":true}]}}