{"id":45082,"date":"2020-10-07T10:59:56","date_gmt":"2020-10-07T09:59:56","guid":{"rendered":"https:\/\/www.greenpeace.org\/sweden\/?p=45082"},"modified":"2024-08-26T15:06:14","modified_gmt":"2024-08-26T14:06:14","slug":"eu-parlamentet-tar-ett-steg-framat-pa-klimatomradet-men-misslyckas-med-att-folja-vetenskapen","status":"publish","type":"post","link":"https:\/\/www.greenpeace.org\/sweden\/pressmeddelanden\/klimat\/eu-parlamentet-tar-ett-steg-framat-pa-klimatomradet-men-misslyckas-med-att-folja-vetenskapen\/","title":{"rendered":"EU-parlamentet tar ett steg fram\u00e5t p\u00e5 klimatomr\u00e5det, men misslyckas med att f\u00f6lja vetenskapen"},"content":{"rendered":"\n<p><em>7 oktober 2020, Bryssel<\/em><\/p>\n\n<p><strong>I omr\u00f6stningen om EU-klimatlag under tisdagen s\u00e5 st\u00f6dde Europaparlamentet en \u00f6kning av EU: s klimatm\u00e5l, att minska utsl\u00e4ppen med 60 procent till 2030. \u00c5terst\u00e5ende \u00e4ndringar av klimatlagen kommer att r\u00f6stas under eftermiddagen, med en slutlig omr\u00f6stning under kv\u00e4llen<\/strong><\/p>\n\n<p>Isadora Wronski, Sverigechef p\u00e5 Greenpeace kommenterar dagens omr\u00f6stning:<br><br>\u2013 EU-parlamentet har tagit ett steg fram\u00e5t n\u00e4r det g\u00e4ller EU:s klimatarbete, men har \u00e4nnu inte lyckats f\u00f6lja de vetenskapliga rekommendationerna. En minskning av utsl\u00e4ppen med 60 procent fram till 2030 j\u00e4mf\u00f6rt med 1990:s niv\u00e5er \u00e4r inte linje men vad forskningen s\u00e4ger \u00e4r n\u00f6dv\u00e4ndigt f\u00f6r att undvika de v\u00e4rsta klimatscenarierna. Regeringarna i EU m\u00e5ste nu \u00f6ka ambitionen.<\/p>\n\n<p>\u2013 I dagens kommande omr\u00f6stning hoppas vi att Parlamentet beslutar om att omg\u00e5ende stoppa alla direkta och indirekta fossila subventioner.<\/p>\n\t\t\t<section\n\t\t\tclass=\"boxout post-30 \"\n\t\t\t\n\t\t>\n\t\t\t<a\n\t\t\t\tdata-ga-category=\"Take Action Boxout\"\n\t\t\t\tdata-ga-action=\"Image\"\n\t\t\t\tdata-ga-label=\"n\/a\"\n\t\t\t\tclass=\"cover-card-overlay\"\n\t\t\t\thref=\"https:\/\/www.greenpeace.org\/sweden\/agera\/stod-oss\/\" \n\t\t\t><\/a>\n\t\t\t\t\t\t\t<img\n\t\t\t\t\t\tsrc=\"https:\/\/www.greenpeace.org\/static\/planet4-sweden-stateless\/2025\/05\/87a738a4-gp034ks_medium-res-1200px-1024x685.jpg\"\n\t\t\t\t\t\tsrcset=\"https:\/\/www.greenpeace.org\/static\/planet4-sweden-stateless\/2025\/05\/87a738a4-gp034ks_medium-res-1200px-300x201.jpg 300w, https:\/\/www.greenpeace.org\/static\/planet4-sweden-stateless\/2025\/05\/87a738a4-gp034ks_medium-res-1200px-1024x685.jpg 1024w, https:\/\/www.greenpeace.org\/static\/planet4-sweden-stateless\/2025\/05\/87a738a4-gp034ks_medium-res-1200px-768x514.jpg 768w, https:\/\/www.greenpeace.org\/static\/planet4-sweden-stateless\/2025\/05\/87a738a4-gp034ks_medium-res-1200px-508x340.jpg 508w, https:\/\/www.greenpeace.org\/static\/planet4-sweden-stateless\/2025\/05\/87a738a4-gp034ks_medium-res-1200px.jpg 1200w\"\n\t\t\t\t\t\tsizes=\"(min-width: 1000px) 358px, (min-width: 780px) 313px, 88px\"\n\t\t\t\t\t\talt=\"\" title=\"\"\n\t\t\t\t\/>\n            \t\t\t<div class=\"boxout-content\">\n\t\t\t\t\t\t\t\t\t<a\n\t\t\t\t\t\tclass=\"boxout-heading medium\"\n\t\t\t\t\t\tdata-ga-category=\"Take Action Boxout\"\n\t\t\t\t\t\tdata-ga-action=\"Title\"\n\t\t\t\t\t\tdata-ga-label=\"n\/a\"\n\t\t\t\t\t\thref=\"https:\/\/www.greenpeace.org\/sweden\/agera\/stod-oss\/\"\n\t\t\t\t\t\t\n\t\t\t\t\t>\n\t\t\t\t\t\tSt\u00f6d Greenpeace arbete\n\t\t\t\t\t<\/a>\n\t\t\t\t\t\t\t\t\t\t\t\t\t<p class=\"boxout-excerpt\">Vill du vara med och skapa en b\u00e4ttre v\u00e4rld f\u00f6r nuvarande och kommande generationer? Bli m\u00e5nadsgivare idag.<\/p>\n\t\t\t\t                                    <a\n                        class=\"btn btn-primary\"\n                        data-ga-category=\"Take Action Boxout\"\n                        data-ga-action=\"Call to Action\"\n                        data-ga-label=\"n\/a\"\n                        href=\"https:\/\/www.greenpeace.org\/sweden\/agera\/stod-oss\/\"\n                        \n                    >\n                        Engagera dig\n                    <\/a>\n                \t\t\t<\/div>\n\t\t\t\t\t<\/section>\n\t","protected":false},"excerpt":{"rendered":"<p>\u2013 EU-parlamentet har tagit ett steg fram\u00e5t n\u00e4r det g\u00e4ller EU:s klimatarbete, men har \u00e4nnu inte lyckats f\u00f6lja de vetenskapliga rekommendationerna. <\/p>\n","protected":false},"author":34,"featured_media":11854,"comment_status":"closed","ping_status":"closed","sticky":false,"template":"","format":"standard","meta":{"ep_exclude_from_search":false,"p4_og_title":"","p4_og_description":"","p4_og_image":"","p4_og_image_id":"","p4_seo_canonical_url":"","p4_campaign_name":"not set","p4_local_project":"not set","p4_basket_name":"not set","p4_department":"","footnotes":""},"categories":[2],"tags":[23],"p4-page-type":[14],"class_list":["post-45082","post","type-post","status-publish","format-standard","has-post-thumbnail","hentry","category-klimat","tag-globaluppvarmning","p4-page-type-pressmeddelanden"],"_links":{"self":[{"href":"https:\/\/www.greenpeace.org\/sweden\/wp-json\/wp\/v2\/posts\/45082","targetHints":{"allow":["GET"]}}],"collection":[{"href":"https:\/\/www.greenpeace.org\/sweden\/wp-json\/wp\/v2\/posts"}],"about":[{"href":"https:\/\/www.greenpeace.org\/sweden\/wp-json\/wp\/v2\/types\/post"}],"author":[{"embeddable":true,"href":"https:\/\/www.greenpeace.org\/sweden\/wp-json\/wp\/v2\/users\/34"}],"replies":[{"embeddable":true,"href":"https:\/\/www.greenpeace.org\/sweden\/wp-json\/wp\/v2\/comments?post=45082"}],"version-history":[{"count":2,"href":"https:\/\/www.greenpeace.org\/sweden\/wp-json\/wp\/v2\/posts\/45082\/revisions"}],"predecessor-version":[{"id":49773,"href":"https:\/\/www.greenpeace.org\/sweden\/wp-json\/wp\/v2\/posts\/45082\/revisions\/49773"}],"wp:featuredmedia":[{"embeddable":true,"href":"https:\/\/www.greenpeace.org\/sweden\/wp-json\/wp\/v2\/media\/11854"}],"wp:attachment":[{"href":"https:\/\/www.greenpeace.org\/sweden\/wp-json\/wp\/v2\/media?parent=45082"}],"wp:term":[{"taxonomy":"category","embeddable":true,"href":"https:\/\/www.greenpeace.org\/sweden\/wp-json\/wp\/v2\/categories?post=45082"},{"taxonomy":"post_tag","embeddable":true,"href":"https:\/\/www.greenpeace.org\/sweden\/wp-json\/wp\/v2\/tags?post=45082"},{"taxonomy":"p4-page-type","embeddable":true,"href":"https:\/\/www.greenpeace.org\/sweden\/wp-json\/wp\/v2\/p4-page-type?post=45082"}],"curies":[{"name":"wp","href":"https:\/\/api.w.org\/{rel}","templated":true}]}}