{"id":45175,"date":"2020-10-23T11:42:51","date_gmt":"2020-10-23T10:42:51","guid":{"rendered":"https:\/\/www.greenpeace.org\/sweden\/?p=45175"},"modified":"2024-08-26T15:11:03","modified_gmt":"2024-08-26T14:11:03","slug":"preem-vill-satsa-pa-branslen-fran-tallolja-och-raps-greenpeace-kommentar","status":"publish","type":"post","link":"https:\/\/www.greenpeace.org\/sweden\/pressmeddelanden\/klimat\/preem-vill-satsa-pa-branslen-fran-tallolja-och-raps-greenpeace-kommentar\/","title":{"rendered":"Preem vill satsa p\u00e5 br\u00e4nslen fr\u00e5n tallolja och raps &#8211; Greenpeace kommentar"},"content":{"rendered":"\n<p>Idag kom beskedet fr\u00e5n Preem att de ist\u00e4llet f\u00f6r en storskalig fossilsatning nu t\u00e4nker sig en m\u00e5ngmiljardsatsning p\u00e5 att kunna raffinera bland annat <a href=\"https:\/\/www.dn.se\/ekonomi\/preemraff-i-lysekil-soker-nytt-tillstand\/\" target=\"_blank\" rel=\"noreferrer noopener\">tallolja, frityrolja och rapsolja.<\/a><\/p>\n\n<p>Nedan f\u00f6ljer kommentarer fr\u00e5n <strong>Greenpeace sverigechef Isadora Wronski<\/strong><\/p>\n\n<p>\u2013 Med enkel matematik kan man l\u00e4tt f\u00f6rst\u00e5 att l\u00e5ta oljebolagen ge sig in p\u00e5 v\u00e5ra \u00e5krar och i v\u00e5ra skogar blir totalt oh\u00e5llbart. Om vi bara skulle odla raps f\u00f6r br\u00e4nslen p\u00e5 v\u00e5ra svenska \u00e5krar; ingen potatis, inga gr\u00f6nsaker eller andra gr\u00f6dor, skulle vi \u00e4nd\u00e5 bara f\u00e5 fram h\u00e4lften av det br\u00e4nsle som Sveriges nuvarande v\u00e4gtransporter kr\u00e4ver.<strong> <br><br><\/strong>\u2013<strong> <\/strong>Att f\u00f6rs\u00f6ka stoppa livsmedel i tanken p\u00e5 miljoner bensin- och dieselbilar \u00e4r ett desperat f\u00f6rs\u00f6k fr\u00e5n oljeindustrin att h\u00e5lla liv i f\u00f6rbr\u00e4nningsmotorn. Vi m\u00e5ste blicka fram\u00e5t och satsa p\u00e5 l\u00e5ngsiktigt h\u00e5llbara l\u00f6sningar: effektivisering och elektrifiering. Allt annat f\u00f6rdr\u00f6jer den verkliga omst\u00e4llningen. \u00a0<\/p>\n\n<p>\u2013<strong> <\/strong>En industripolitik fr\u00e5n f\u00f6rra seklet l\u00f6ser inte de akuta kriserna f\u00f6r klimatet och naturen. Vi beh\u00f6ver satsa p\u00e5 verklig omst\u00e4llning som h\u00e5ller l\u00e5ngt bortom de n\u00e4rmaste tio \u00e5ren i linje med Parisavtalet och v\u00e5ra milj\u00f6m\u00e5l.<\/p>\n\n<p>\u2013 Regeringens reduktionsplikt \u00e4r ett st\u00f6d till fossilindustrins \u201cbusiness as usual\u201d och h\u00e5ller flera miljoner bensin- och dieselbilar rullande. F\u00f6rbr\u00e4nningsmotorns tid \u00e4r f\u00f6rbi. Vi ska varken br\u00e4nna skog, djur eller mat i tanken. Vi beh\u00f6ver smarta och l\u00e5ngsiktigt h\u00e5llbara mobilitetsl\u00f6sningar som fungerar l\u00e5ngt bortom regeringens m\u00e5l om en fossiloberoende fordonsflotta till 2030: satsningar p\u00e5 j\u00e4rnv\u00e4g, kollektivtrafik, effektivisering och elektrifiering.<\/p>\n\n<p><strong>\u00d6vrigt<\/strong><\/p>\n\n<p>Pressbild p\u00e5 Isadora Wronski finns <a href=\"https:\/\/www.greenpeace.org\/static\/planet4-sweden-stateless\/2020\/07\/b540f2e2-isadora-wronski-foto-edward-beskow-scaled.jpg\">h\u00e4r<\/a><\/p>\n\n<p><strong>Kontakt<\/strong><\/p>\n\n<p>Isadora Wronski, Sverigechef f\u00f6r Greenpeace, +46 70 301 25 34<br><a href=\"mailto:isadora.wronski@greenpeace.org\">isadora.wronski@greenpeace.org<\/a><\/p>\n\n<p>Markus Mattisson, kommunikationsansvarig Greenpeace +46 70 397 66 72<br><a href=\"mailto:markus.mattisson@greenpeace.org\">markus.mattisson@greenpeace.org<\/a><\/p>\n","protected":false},"excerpt":{"rendered":"<p>Idag kom beskedet fr\u00e5n Preem att de ist\u00e4llet f\u00f6r en storskalig fossilsatning nu t\u00e4nker sig en m\u00e5ngmiljardsatsning p\u00e5 att kunna raffinera bland annat tallolja, frityrolja och rapsolja.<\/p>\n","protected":false},"author":38,"featured_media":11567,"comment_status":"open","ping_status":"open","sticky":false,"template":"","format":"standard","meta":{"ep_exclude_from_search":false,"p4_og_title":"","p4_og_description":"","p4_og_image":"","p4_og_image_id":"","p4_seo_canonical_url":"","p4_campaign_name":"not set","p4_local_project":"not set","p4_basket_name":"not set","p4_department":"","footnotes":""},"categories":[45,2],"tags":[40,67,53,23],"p4-page-type":[14],"class_list":["post-45175","post","type-post","status-publish","format-standard","has-post-thumbnail","hentry","category-energi","category-klimat","tag-biodiversitet","tag-bioenergi","tag-svenskpolitik","tag-globaluppvarmning","p4-page-type-pressmeddelanden"],"_links":{"self":[{"href":"https:\/\/www.greenpeace.org\/sweden\/wp-json\/wp\/v2\/posts\/45175","targetHints":{"allow":["GET"]}}],"collection":[{"href":"https:\/\/www.greenpeace.org\/sweden\/wp-json\/wp\/v2\/posts"}],"about":[{"href":"https:\/\/www.greenpeace.org\/sweden\/wp-json\/wp\/v2\/types\/post"}],"author":[{"embeddable":true,"href":"https:\/\/www.greenpeace.org\/sweden\/wp-json\/wp\/v2\/users\/38"}],"replies":[{"embeddable":true,"href":"https:\/\/www.greenpeace.org\/sweden\/wp-json\/wp\/v2\/comments?post=45175"}],"version-history":[{"count":4,"href":"https:\/\/www.greenpeace.org\/sweden\/wp-json\/wp\/v2\/posts\/45175\/revisions"}],"predecessor-version":[{"id":45179,"href":"https:\/\/www.greenpeace.org\/sweden\/wp-json\/wp\/v2\/posts\/45175\/revisions\/45179"}],"wp:featuredmedia":[{"embeddable":true,"href":"https:\/\/www.greenpeace.org\/sweden\/wp-json\/wp\/v2\/media\/11567"}],"wp:attachment":[{"href":"https:\/\/www.greenpeace.org\/sweden\/wp-json\/wp\/v2\/media?parent=45175"}],"wp:term":[{"taxonomy":"category","embeddable":true,"href":"https:\/\/www.greenpeace.org\/sweden\/wp-json\/wp\/v2\/categories?post=45175"},{"taxonomy":"post_tag","embeddable":true,"href":"https:\/\/www.greenpeace.org\/sweden\/wp-json\/wp\/v2\/tags?post=45175"},{"taxonomy":"p4-page-type","embeddable":true,"href":"https:\/\/www.greenpeace.org\/sweden\/wp-json\/wp\/v2\/p4-page-type?post=45175"}],"curies":[{"name":"wp","href":"https:\/\/api.w.org\/{rel}","templated":true}]}}