{"id":45180,"date":"2020-10-26T14:58:40","date_gmt":"2020-10-26T13:58:40","guid":{"rendered":"https:\/\/www.greenpeace.org\/sweden\/?p=45180"},"modified":"2023-02-23T09:29:07","modified_gmt":"2023-02-23T08:29:07","slug":"historiskt-klimatrattsfall-tas-upp-i-hogsta-domstol-kan-gora-oljeborrning-i-arktis-olagligt","status":"publish","type":"post","link":"https:\/\/www.greenpeace.org\/sweden\/artiklar\/klimat\/historiskt-klimatrattsfall-tas-upp-i-hogsta-domstol-kan-gora-oljeborrning-i-arktis-olagligt\/","title":{"rendered":"Historiskt klimatr\u00e4ttsfall tas upp i h\u00f6gsta domstol \u2013 Kan g\u00f6ra oljeborrning i Arktis olagligt"},"content":{"rendered":"\n<p><strong>Havsisen i Arktis \u00e4r snart borta, och v\u00e5ra polaromr\u00e5den v\u00e4rms snabbare \u00e4n n\u00e5gon annan plats p\u00e5 jorden och sm\u00e4lter bort framf\u00f6r v\u00e5ra \u00f6gon. <\/strong><br><strong>Amazonas regnskog och den ryska taigan brinner. Korallrev och det marina djurlivet d\u00f6r n\u00e4r v\u00e5ra hav blir varmare och mer f\u00f6rsurade. Vetenskapen \u00e4r tydlig. Det \u00e4r p\u00e5 grund av oss m\u00e4nniskor. Och hur vi anv\u00e4nder planetens resurser. Oljan och gasen som vi f\u00f6rbr\u00e4nner driver p\u00e5 klimatkrisen och f\u00f6rlusten av biologisk m\u00e5ngfald.<\/strong><br><strong>S\u00e5 hur kan det vara lagligt att \u00f6ppna upp ny oljeborrning, i Arktis. 2020<\/strong>?<br><strong>Vi och m\u00e5nga med oss \u200b\u200b\u00e4r \u00f6vertygade om att det inte \u00e4r det. Och vi tror att vi kan vinna i H\u00f6gsta domstol.<\/strong><\/p>\n\n<figure class=\"wp-block-image alignleft size-large caption-style-medium caption-alignment-center\"><img loading=\"lazy\" decoding=\"async\" width=\"800\" height=\"571\" src=\"https:\/\/www.greenpeace.org\/static\/planet4-sweden-stateless\/2020\/10\/b63907f5-arktis.jpg\" alt=\"\" class=\"wp-image-45182\" srcset=\"https:\/\/www.greenpeace.org\/static\/planet4-sweden-stateless\/2020\/10\/b63907f5-arktis.jpg 800w, https:\/\/www.greenpeace.org\/static\/planet4-sweden-stateless\/2020\/10\/b63907f5-arktis-300x214.jpg 300w, https:\/\/www.greenpeace.org\/static\/planet4-sweden-stateless\/2020\/10\/b63907f5-arktis-768x548.jpg 768w, https:\/\/www.greenpeace.org\/static\/planet4-sweden-stateless\/2020\/10\/b63907f5-arktis-476x340.jpg 476w\" sizes=\"auto, (max-width: 800px) 100vw, 800px\" \/><figcaption class=\"wp-element-caption\"><br><\/figcaption><\/figure>\n\n<p><\/p>\n\n<p><\/p>\n\n<p><\/p>\n\n<p><\/p>\n\n<p><\/p>\n\n<p><\/p>\n\n<p><\/p>\n\n<p><\/p>\n\n<p><\/p>\n\n<p><\/p>\n\n<p><\/p>\n\n<p><\/p>\n\n<p>V\u00e5ren 2016 skrev Norge p\u00e5 och ratificerade Parisavtalet. Samma \u00e5r \u00f6ppnade de \u00e4ven f\u00f6r f\u00f6rsta g\u00e5ngen p\u00e5 20 \u00e5r upp ett helt nytt omr\u00e5de i arktiska Barents hav f\u00f6r oljeborrning. L\u00e4ngre norrut \u00e4n n\u00e5gonsin tidigare. D\u00e4rf\u00f6r best\u00e4mde sig den norska milj\u00f6ungdomsorganisationen Natur og Ungdom, tillsammans med Greenpeace Norden, f\u00f6r att st\u00e4mma den norska staten.<\/p>\n\n<p>Vi anser att de bryter mot sina l\u00f6ften i Parisavtalet och mot den norska grundlagens milj\u00f6paragraf 112 som s\u00e4ger:<\/p>\n\n<p><strong><em>Varje person har r\u00e4tt till en h\u00e4lsosam milj\u00f6<\/em><br><em>och till en natur d\u00e4r produktivitet och biologisk m\u00e5ngfald bevaras.<\/em><br><em>Naturens resurser ska hanteras p\u00e5 ett l\u00e5ngsiktigt, h\u00e5llbart s\u00e4tt<\/em><br><em>som skyddar denna r\u00e4ttighet \u00e4ven f\u00f6r framtida generationer.<\/em><br><em>(&#8230;)<\/em><br><em>Det \u00e4r statens uppgift att vidta \u00e5tg\u00e4rder f\u00f6r att dessa principer f\u00f6ljs.<\/em><\/strong><\/p>\n\n<p>F\u00f6r oss \u00e4r det tydligt att oljeborrning i Arktis inte \u00e4r f\u00f6renligt med att \u201cvidta \u00e5tg\u00e4rder f\u00f6r att skydda r\u00e4tten till en h\u00e4lsosam milj\u00f6 f\u00f6r framtida generationer\u201d.<\/p>\n\n<p>Sedan dess har vi m\u00f6tt den norska staten i domstol tv\u00e5 g\u00e5nger (Tingsr\u00e4tten 2017 och Hovr\u00e4tten 2019). Och trots att vi inte \u00e4nnu lyckats f\u00e5 dem att dra tillbaka oljelicenserna har vi tagit stora och viktiga legala steg i r\u00e4tt riktning.<\/p>\n\n<p><strong>I Tingsr\u00e4tten bevisade vi att<\/strong> <strong>\u00a7112 \u00e4r en laglig r\u00e4ttighet som kan anv\u00e4ndas i domstol<\/strong> <strong>f\u00f6r att h\u00e5lla staten ansvarig f\u00f6r ingrepp i v\u00e5r milj\u00f6.<\/strong> Den hade dessf\u00f6rinnan aldrig anv\u00e4nts i r\u00e4tten. Men tingsr\u00e4tten d\u00f6mde till statens f\u00f6rdel d\u00e5 de menade att norska staten \u201cinte var ansvarig f\u00f6r utsl\u00e4pp fr\u00e5n norsk olja d\u00e5 dessa utsl\u00e4pp huvudsakligen sker utanf\u00f6r Norges gr\u00e4nser\u201d.<\/p>\n\n<p><strong>I Hovr\u00e4tten bevisade vi dock att de<\/strong> <strong>utsl\u00e4pp fr\u00e5n oljan som den norska staten exporterar visst \u00e4r den norska regeringens ansvar!<\/strong>&nbsp;<\/p>\n\n<p>Dessutom ans\u00e5g hovr\u00e4tten att fallet var s\u00e5 viktigt att milj\u00f6organisationerna inte beh\u00f6vde betala sina r\u00e4ttskostnader. D\u00e4remot d\u00f6mde de \u00e4n en g\u00e5ng till statens f\u00f6rdel d\u00e5 de inte ans\u00e5g att oljelicenserna i Arktis var tillr\u00e4ckligt omfattande f\u00f6r att bryta mot grundlagen.<\/p>\n\n<p><strong>4 november 2020 tas klimatr\u00e4ttsfallet upp i H\u00f6gsta domstol med samtliga 19 domare n\u00e4rvarande. Detta sker extremt s\u00e4llan och visar tydligt vilken vikt domstolen l\u00e4gger vid detta historiska r\u00e4ttsfall.<\/strong><\/p>\n\n<p>Hittills har inga produktiva oljefynd uppt\u00e4ckts i dessa nya oljef\u00e4lt i norr. <strong>Vi kan allts\u00e5 fortfarande hindra dem fr\u00e5n att \u00f6ppna upp f\u00f6r oljeproduktion i Arktis.<\/strong>&nbsp;<\/p>\n\n<p>Sedan tingsr\u00e4tten f\u00e5tt vi f\u00e5tt ett enormt st\u00f6d utifr\u00e5n fr\u00e5n b\u00e5de anslutande milj\u00f6- och m\u00e4nskliga r\u00e4ttighetsorganisationer, klimatforskare,<a href=\"https:\/\/twitter.com\/gretathunberg\/status\/1116724039920365568?lang=en\"> Greta Thunberg<\/a> och FN. En vinst f\u00f6r milj\u00f6organisationerna skulle vara ett massivt slag f\u00f6r oljeindustrin. Det skulle l\u00e4mna miljontals fat olja i marken, och driva p\u00e5 den politiska r\u00f6relse som vill stoppa exploateringen efter mer olja i Norge. Dessutom kan utg\u00e5ngen skapa ett prejudikat f\u00f6r liknande klimatr\u00e4ttsfall runt om i v\u00e4rlden.<\/p>\n\n<p><strong>Detta r\u00e4ttsfall \u00e4r historiskt och kommer f\u00e5 verkliga konsekvenser f\u00f6r v\u00e5rt klimat.<\/strong><\/p>\n\n<p>Milj\u00f6r\u00f6relsen har tillsammans med er tagit en rik oljestat hela v\u00e4gen till h\u00f6gsta domstolen f\u00f6r sin del i klimatkrisen.<br>Och vi tror vi kan vinna. <\/p>\n\n<p>H\u00e5ller du med och har inte skrivit under \u00e4n? G\u00f6r din r\u00f6st h\u00f6rd med oss och tusentals andra f\u00f6r att skydda Arktis \u2013 <a href=\"https:\/\/www.greenpeace.org\/sweden\/agera\/peoplevsoil\/\">skriv under h\u00e4r.<\/a><\/p>\n<div class=\"EmptyMessage\">Block content is empty. Check the block&#8217;s settings or remove it.<\/div>","protected":false},"excerpt":{"rendered":"<p>Hur kan det vara lagligt att \u00f6ppna upp ny oljeborrning, i Arktis. 2020?<br \/>\nVi och m\u00e5nga med oss \u200b\u200b\u00e4r \u00f6vertygade om att det inte \u00e4r det. Och vi tror att vi kan vinna i H\u00f6gsta domstol.<\/p>\n","protected":false},"author":69,"featured_media":45182,"comment_status":"closed","ping_status":"closed","sticky":false,"template":"","format":"standard","meta":{"ep_exclude_from_search":false,"p4_og_title":"","p4_og_description":"","p4_og_image":"","p4_og_image_id":"","p4_seo_canonical_url":"","p4_campaign_name":"People vs. Oil","p4_local_project":"not set","p4_basket_name":"Oil","p4_department":"","footnotes":""},"categories":[2],"tags":[46,49],"p4-page-type":[16],"class_list":["post-45180","post","type-post","status-publish","format-standard","has-post-thumbnail","hentry","category-klimat","tag-skyddaarktis","tag-olja","p4-page-type-artiklar"],"_links":{"self":[{"href":"https:\/\/www.greenpeace.org\/sweden\/wp-json\/wp\/v2\/posts\/45180","targetHints":{"allow":["GET"]}}],"collection":[{"href":"https:\/\/www.greenpeace.org\/sweden\/wp-json\/wp\/v2\/posts"}],"about":[{"href":"https:\/\/www.greenpeace.org\/sweden\/wp-json\/wp\/v2\/types\/post"}],"author":[{"embeddable":true,"href":"https:\/\/www.greenpeace.org\/sweden\/wp-json\/wp\/v2\/users\/69"}],"replies":[{"embeddable":true,"href":"https:\/\/www.greenpeace.org\/sweden\/wp-json\/wp\/v2\/comments?post=45180"}],"version-history":[{"count":10,"href":"https:\/\/www.greenpeace.org\/sweden\/wp-json\/wp\/v2\/posts\/45180\/revisions"}],"predecessor-version":[{"id":55194,"href":"https:\/\/www.greenpeace.org\/sweden\/wp-json\/wp\/v2\/posts\/45180\/revisions\/55194"}],"wp:featuredmedia":[{"embeddable":true,"href":"https:\/\/www.greenpeace.org\/sweden\/wp-json\/wp\/v2\/media\/45182"}],"wp:attachment":[{"href":"https:\/\/www.greenpeace.org\/sweden\/wp-json\/wp\/v2\/media?parent=45180"}],"wp:term":[{"taxonomy":"category","embeddable":true,"href":"https:\/\/www.greenpeace.org\/sweden\/wp-json\/wp\/v2\/categories?post=45180"},{"taxonomy":"post_tag","embeddable":true,"href":"https:\/\/www.greenpeace.org\/sweden\/wp-json\/wp\/v2\/tags?post=45180"},{"taxonomy":"p4-page-type","embeddable":true,"href":"https:\/\/www.greenpeace.org\/sweden\/wp-json\/wp\/v2\/p4-page-type?post=45180"}],"curies":[{"name":"wp","href":"https:\/\/api.w.org\/{rel}","templated":true}]}}