{"id":45213,"date":"2020-11-02T15:49:42","date_gmt":"2020-11-02T14:49:42","guid":{"rendered":"https:\/\/www.greenpeace.org\/sweden\/?p=45213"},"modified":"2024-09-10T10:55:01","modified_gmt":"2024-09-10T09:55:01","slug":"vad-ar-cap-och-varfor-hotar-den-eus-klimatarbete","status":"publish","type":"post","link":"https:\/\/www.greenpeace.org\/sweden\/artiklar\/klimat\/vad-ar-cap-och-varfor-hotar-den-eus-klimatarbete\/","title":{"rendered":"Vad \u00e4r CAP och varf\u00f6r hotar den EU:s klimatarbete?"},"content":{"rendered":"\n<p>EU:s jordbrukspolitik (Common Agriculture Policy, CAP) har en betydande inverkan p\u00e5 det globala milj\u00f6-och klimatarbetet och i fredags r\u00f6stade EU-parlamentet om hur jordbrukspolitiken i EU ska se ut de n\u00e4rmaste sju \u00e5ren. Jordbruket \u00e4r en av de st\u00f6rsta orsakerna till v\u00e5ra milj\u00f6- och klimatproblem och just d\u00e4rf\u00f6r \u00e4r EU:s jordbrukspolitik ett avg\u00f6rande verktyg f\u00f6r att EU ska lyckas leva upp till v\u00e5ra \u00e5taganden under Parisavtalet. Det handlar ocks\u00e5 om stora summor pengar, idag g\u00e5r ungef\u00e4r en tredjedel av EU:s budget till jordbruksfr\u00e5gor..<\/p>\n\n<p>R<strong>esultatet \u00e4r en besvikelse<\/strong><\/p>\n\n<p>Den s\u00e5 kallade \u201cCAP:en\u201d g\u00e5r inte alls i linje med vad forskningen kr\u00e4ver f\u00f6r att jordbruket ska bli h\u00e5llbart. Ist\u00e4llet inneh\u00e5ller den detta:<\/p>\n\n<ul class=\"wp-block-list\">\n<li>En stor del av jordbruket f\u00e5r forts\u00e4tta anv\u00e4nda kemikalier.&nbsp;<\/li>\n\n\n\n<li>Subventionerna till den oh\u00e5llbara industriella animalieindustrin f\u00e5r forts\u00e4tta obegr\u00e4nsat.&nbsp;<\/li>\n\n\n\n<li>Medlemsstaterna f\u00f6rbjuds att sj\u00e4lva introducera striktare milj\u00f6regler&nbsp;<\/li>\n\n\n\n<li>Skyddet av natur urholkas och skyddet av torvmarker, vars bevarande \u00e4r viktiga f\u00f6r att hindra v\u00e4xthusgasutsl\u00e4pp reduceras.<\/li>\n<\/ul>\n\n<p>V\u00e5ra krav var att alla subventioner till det klimat-och milj\u00f6farliga jordbruk skulle f\u00f6rsvinna och att pengarna ist\u00e4llet skulle s\u00e4tta ig\u00e5ng omst\u00e4llningen till framtidens h\u00e5llbara jordbruk. Genom sm\u00e5skaligt, ekologiskt och en \u00f6kad andel v\u00e4xtbaserat jordbruk kan vi skapa mer n\u00e4ringsrik mat, binda kol i jordbruksmarkerna, \u00f6ka den biologiska m\u00e5ngfalden och skapa livskraftiga jordar. Jordbrukspolitiken m\u00e5ste ocks\u00e5 bli ekonomiskt och socialt h\u00e5llbar f\u00f6r de som arbetar i alla delar av jordbruket.<br><br>Tyv\u00e4rr g\u00e5r utvecklingen i EU \u00e5t helt fel h\u00e5ll. Trots ett massivt motst\u00e5nd <a href=\"https:\/\/twitter.com\/search?q=%23VoteThisCAPdown&amp;src=typeahead_click\">fr\u00e5n milj\u00f6r\u00f6relsen<\/a>, s\u00e5 r\u00f6stade EU-parlamentet i fredags igenom ett f\u00f6rslag som i princip binder EU till sin gamla jordbrukspolitik i sju \u00e5r till.&nbsp;<\/p>\n\n<p><br>Mario Contiero, policychef p\u00e5 Greenpeace EU-kontor kommenterade beslutet:&nbsp;<\/p>\n\n<p>\u2013 EU:s plan f\u00f6r jordbruket, som den ser ut nu, representerar endast de st\u00f6rsta industriella producenterna och de rikaste land\u00e4garnas intressen. Vanliga jordbrukare och naturen har hamnat i skymundan. EU:s klimatm\u00e5l \u00e4r nu i fara. Miljarder euro, av skattebetalarnas pengar, kommer driva jordbruket mot en klimatkatastrof om inte EU-kommissionen nu sl\u00e4nger planen i papperskorgen och b\u00f6rjar om.\u201d<\/p>\n\n<p>Greenpeace kr\u00e4ver att EU-kommissionen stoppar f\u00f6rslaget och b\u00f6rjar om processen med&nbsp; att ta fram en ny CAP i linje med m\u00e5len inom EU:s gr\u00f6na giv. Jordbrukspolitiken m\u00e5ste leverera p\u00e5 de klimat- och milj\u00f6m\u00e5l EU f\u00f6rbundit sig till.<br><br>\u00c4ven EU:s jordbrukskommission\u00e4r sa i ett uttalande att f\u00f6rslaget inneh\u00e5ller delar som \u201cinte \u00f6verensst\u00e4mmer med v\u00e5ra ambitioner f\u00f6r en gr\u00f6nare och mer r\u00e4ttvis CAP\u201d. Tv\u00e4rtemot hur det<a href=\"https:\/\/sverigesradio.se\/artikel\/7579370\"> l\u00e4t fr\u00e5n v\u00e5r svenska landsbygdsminister<\/a> n\u00e4r hon kommenterade f\u00f6rhandlingarna.&nbsp;<\/p>\n\n<p>Du kan vara med och kr\u00e4va att EU-kommissionen drar tillbaka det vansinniga f\u00f6rslaget och vara med och ta fram en b\u00e4ttre CAP. Fridays for Future har skapat en onlinefunktion d\u00e4r du med n\u00e5gra enkla knapptryck kan skriva brev direkt till EU. Det g\u00f6r du <a href=\"https:\/\/withdrawthecap.org\/\">h\u00e4r!<br><\/a><\/p>\n<div class=\"EmptyMessage\">Block content is empty. Check the block&#8217;s settings or remove it.<\/div>","protected":false},"excerpt":{"rendered":"<p>EU:s jordbrukspolitik (Common Agriculture Policy, CAP) har en betydande inverkan p\u00e5 det globala milj\u00f6-och klimatarbetet och i fredags r\u00f6stade EU-parlamentet om hur jordbrukspolitiken i EU ska se ut de n\u00e4rmaste&hellip;<\/p>\n","protected":false},"author":34,"featured_media":5423,"comment_status":"open","ping_status":"open","sticky":false,"template":"","format":"standard","meta":{"ep_exclude_from_search":false,"p4_og_title":"","p4_og_description":"","p4_og_image":"","p4_og_image_id":"","p4_seo_canonical_url":"","p4_campaign_name":"not set","p4_local_project":"not set","p4_basket_name":"not set","p4_department":"","footnotes":""},"categories":[2,22],"tags":[27,40,54],"p4-page-type":[16],"class_list":["post-45213","post","type-post","status-publish","format-standard","has-post-thumbnail","hentry","category-klimat","category-skog","tag-matproduktion","tag-biodiversitet","tag-parisavtalet","p4-page-type-artiklar"],"_links":{"self":[{"href":"https:\/\/www.greenpeace.org\/sweden\/wp-json\/wp\/v2\/posts\/45213","targetHints":{"allow":["GET"]}}],"collection":[{"href":"https:\/\/www.greenpeace.org\/sweden\/wp-json\/wp\/v2\/posts"}],"about":[{"href":"https:\/\/www.greenpeace.org\/sweden\/wp-json\/wp\/v2\/types\/post"}],"author":[{"embeddable":true,"href":"https:\/\/www.greenpeace.org\/sweden\/wp-json\/wp\/v2\/users\/34"}],"replies":[{"embeddable":true,"href":"https:\/\/www.greenpeace.org\/sweden\/wp-json\/wp\/v2\/comments?post=45213"}],"version-history":[{"count":4,"href":"https:\/\/www.greenpeace.org\/sweden\/wp-json\/wp\/v2\/posts\/45213\/revisions"}],"predecessor-version":[{"id":61076,"href":"https:\/\/www.greenpeace.org\/sweden\/wp-json\/wp\/v2\/posts\/45213\/revisions\/61076"}],"wp:featuredmedia":[{"embeddable":true,"href":"https:\/\/www.greenpeace.org\/sweden\/wp-json\/wp\/v2\/media\/5423"}],"wp:attachment":[{"href":"https:\/\/www.greenpeace.org\/sweden\/wp-json\/wp\/v2\/media?parent=45213"}],"wp:term":[{"taxonomy":"category","embeddable":true,"href":"https:\/\/www.greenpeace.org\/sweden\/wp-json\/wp\/v2\/categories?post=45213"},{"taxonomy":"post_tag","embeddable":true,"href":"https:\/\/www.greenpeace.org\/sweden\/wp-json\/wp\/v2\/tags?post=45213"},{"taxonomy":"p4-page-type","embeddable":true,"href":"https:\/\/www.greenpeace.org\/sweden\/wp-json\/wp\/v2\/p4-page-type?post=45213"}],"curies":[{"name":"wp","href":"https:\/\/api.w.org\/{rel}","templated":true}]}}