{"id":45385,"date":"2020-11-24T16:00:27","date_gmt":"2020-11-24T15:00:27","guid":{"rendered":"https:\/\/www.greenpeace.org\/sweden\/?p=45385"},"modified":"2024-08-26T15:12:56","modified_gmt":"2024-08-26T14:12:56","slug":"all-verksamhet-maste-vara-i-linje-med-parisavtalets-15-graders-mal","status":"publish","type":"post","link":"https:\/\/www.greenpeace.org\/sweden\/pressmeddelanden\/klimat\/all-verksamhet-maste-vara-i-linje-med-parisavtalets-15-graders-mal\/","title":{"rendered":"All verksamhet m\u00e5ste vara i linje med Parisavtalets 1,5-graders m\u00e5l"},"content":{"rendered":"\n<p>Kommentar till LKAB:s satsning p\u00e5 f\u00f6rnybar energi<\/p>\n\n<figure class=\"wp-block-image size-large  caption-style-medium caption-alignment-center\"><img loading=\"lazy\" decoding=\"async\" width=\"1024\" height=\"683\" src=\"https:\/\/www.greenpeace.org\/static\/planet4-sweden-stateless\/2019\/02\/dc638851-gp05u8-1024x683.jpg\" title=\"Energy Revolution Human Banner in the Netherlands. \u00a9 Laura Lombardi\" alt=\"Energy Revolution Human Banner in the Netherlands. \u00a9 Laura Lombardi\" class=\"wp-image-1672\" srcset=\"https:\/\/www.greenpeace.org\/static\/planet4-sweden-stateless\/2019\/02\/dc638851-gp05u8-1024x683.jpg 1024w, https:\/\/www.greenpeace.org\/static\/planet4-sweden-stateless\/2019\/02\/dc638851-gp05u8-300x200.jpg 300w, https:\/\/www.greenpeace.org\/static\/planet4-sweden-stateless\/2019\/02\/dc638851-gp05u8-768x512.jpg 768w, https:\/\/www.greenpeace.org\/static\/planet4-sweden-stateless\/2019\/02\/dc638851-gp05u8-510x340.jpg 510w, https:\/\/www.greenpeace.org\/static\/planet4-sweden-stateless\/2019\/02\/dc638851-gp05u8.jpg 1200w\" sizes=\"auto, (max-width: 1024px) 100vw, 1024px\" \/><figcaption><div class=\"credit icon-left\"> \u00a9 Laura Lombardi<\/div><\/figcaption><\/figure>\n\n<p><em>&#8221;Greenpeace v\u00e4lkomnar LKAB:s ambition att f\u00e5 bort fossil energi ur sina processer och ist\u00e4llet anv\u00e4nda f\u00f6rnybar energi och gr\u00f6n v\u00e4tgas. Det r\u00e4cker dock inte att ha fossilfritt som m\u00e5ls\u00e4ttning. Industrin beh\u00f6ver f\u00f6rst och fr\u00e4mst minska sin resursanv\u00e4ndning och sluta materialkretsloppen och den energi som anv\u00e4nds m\u00e5ste vara h\u00e5llbar, vilket g\u00f6r att alla planer p\u00e5 storskalig bioenergianv\u00e4ndning g\u00e5r bort. All verksamhet m\u00e5ste vara i linje med Parisavtalets 1,5-graders m\u00e5l och Aichim\u00e5len f\u00f6r den biologiska m\u00e5ngfalden.&#8221;\u00a0\u00a0<\/em><\/p>\n\n<p>Isadora Wronski, sverigechef, Greenpeace<\/p>\n","protected":false},"excerpt":{"rendered":"<p>Kommentar till LKAB:s satsning p\u00e5 f\u00f6rnybar energi<\/p>\n","protected":false},"author":38,"featured_media":1672,"comment_status":"open","ping_status":"open","sticky":false,"template":"","format":"standard","meta":{"ep_exclude_from_search":false,"p4_og_title":"","p4_og_description":"","p4_og_image":"","p4_og_image_id":"","p4_seo_canonical_url":"","p4_campaign_name":"not set","p4_local_project":"not set","p4_basket_name":"not set","p4_department":"","footnotes":""},"categories":[45,2],"tags":[54,23,24,25],"p4-page-type":[14],"class_list":["post-45385","post","type-post","status-publish","format-standard","has-post-thumbnail","hentry","category-energi","category-klimat","tag-parisavtalet","tag-globaluppvarmning","tag-fossilenergi","tag-hallbarenergi","p4-page-type-pressmeddelanden"],"_links":{"self":[{"href":"https:\/\/www.greenpeace.org\/sweden\/wp-json\/wp\/v2\/posts\/45385","targetHints":{"allow":["GET"]}}],"collection":[{"href":"https:\/\/www.greenpeace.org\/sweden\/wp-json\/wp\/v2\/posts"}],"about":[{"href":"https:\/\/www.greenpeace.org\/sweden\/wp-json\/wp\/v2\/types\/post"}],"author":[{"embeddable":true,"href":"https:\/\/www.greenpeace.org\/sweden\/wp-json\/wp\/v2\/users\/38"}],"replies":[{"embeddable":true,"href":"https:\/\/www.greenpeace.org\/sweden\/wp-json\/wp\/v2\/comments?post=45385"}],"version-history":[{"count":1,"href":"https:\/\/www.greenpeace.org\/sweden\/wp-json\/wp\/v2\/posts\/45385\/revisions"}],"predecessor-version":[{"id":45386,"href":"https:\/\/www.greenpeace.org\/sweden\/wp-json\/wp\/v2\/posts\/45385\/revisions\/45386"}],"wp:featuredmedia":[{"embeddable":true,"href":"https:\/\/www.greenpeace.org\/sweden\/wp-json\/wp\/v2\/media\/1672"}],"wp:attachment":[{"href":"https:\/\/www.greenpeace.org\/sweden\/wp-json\/wp\/v2\/media?parent=45385"}],"wp:term":[{"taxonomy":"category","embeddable":true,"href":"https:\/\/www.greenpeace.org\/sweden\/wp-json\/wp\/v2\/categories?post=45385"},{"taxonomy":"post_tag","embeddable":true,"href":"https:\/\/www.greenpeace.org\/sweden\/wp-json\/wp\/v2\/tags?post=45385"},{"taxonomy":"p4-page-type","embeddable":true,"href":"https:\/\/www.greenpeace.org\/sweden\/wp-json\/wp\/v2\/p4-page-type?post=45385"}],"curies":[{"name":"wp","href":"https:\/\/api.w.org\/{rel}","templated":true}]}}