{"id":45460,"date":"2020-11-30T16:03:30","date_gmt":"2020-11-30T15:03:30","guid":{"rendered":"https:\/\/www.greenpeace.org\/sweden\/?p=45460"},"modified":"2024-08-26T15:14:11","modified_gmt":"2024-08-26T14:14:11","slug":"greenpeace-reaktioner-pa-skogsutredningen","status":"publish","type":"post","link":"https:\/\/www.greenpeace.org\/sweden\/pressmeddelanden\/skog\/greenpeace-reaktioner-pa-skogsutredningen\/","title":{"rendered":"Greenpeace reaktioner p\u00e5 skogsutredningen"},"content":{"rendered":"\n<p>Skogsutredningen misslyckas med att lyfta skogens centrala roll f\u00f6r den biologiska m\u00e5ngfalden och klimatet och de hot den st\u00e5r inf\u00f6r.&nbsp;<\/p>\n\n<figure class=\"wp-block-image size-large  caption-style-medium caption-alignment-center\"><img loading=\"lazy\" decoding=\"async\" width=\"800\" height=\"533\" src=\"https:\/\/www.greenpeace.org\/static\/planet4-sweden-stateless\/2019\/01\/d215e3cb-d215e3cb-gp0strdj9_medium_res_with_credit_line.jpg\" alt=\"\" class=\"wp-image-1067\" srcset=\"https:\/\/www.greenpeace.org\/static\/planet4-sweden-stateless\/2019\/01\/d215e3cb-d215e3cb-gp0strdj9_medium_res_with_credit_line.jpg 800w, https:\/\/www.greenpeace.org\/static\/planet4-sweden-stateless\/2019\/01\/d215e3cb-d215e3cb-gp0strdj9_medium_res_with_credit_line-300x200.jpg 300w, https:\/\/www.greenpeace.org\/static\/planet4-sweden-stateless\/2019\/01\/d215e3cb-d215e3cb-gp0strdj9_medium_res_with_credit_line-768x512.jpg 768w, https:\/\/www.greenpeace.org\/static\/planet4-sweden-stateless\/2019\/01\/d215e3cb-d215e3cb-gp0strdj9_medium_res_with_credit_line-510x340.jpg 510w\" sizes=\"auto, (max-width: 800px) 100vw, 800px\" \/><\/figure>\n\n<p>\u2013 Januaripartiernas krav p\u00e5 att Skogsutredningen att leverera en \u201cv\u00e4xande cirkul\u00e4r bioekonomi\u201d \u00e4r ett ih\u00e5ligt p\u00e5hitt. Naturen kan inte leverera st\u00e4ndig tillv\u00e4xt, samtidigt som ekosystemen sk\u00f6vlas och plundras. Endast en djupare insikt om och respekt f\u00f6r livets grundpremisser, samexistens och samverkan kan skapa ett h\u00e5llbart skogsbruk, s\u00e4ger <strong>Isadora Wronski Sverigechef Greenpeace<\/strong><\/p>\n\n<p>\u2013 Vi v\u00e4lkomnar f\u00f6rslaget p\u00e5 fyra nya nationalparker, \u00f6kat av skydd fj\u00e4lln\u00e4ra skog och ett vetenskapligt r\u00e5d f\u00f6r biologisk m\u00e5ngfald, men marginella \u00e5tg\u00e4rder r\u00e4cker inte. Dagens exploaterande skogsbruk baserat p\u00e5 dominans och kontroll m\u00e5ste f\u00f6r\u00e4ndras i grunden.&nbsp; De akuta klimat- och artkriserna kr\u00e4ver ett systemskifte inom skogs- och n\u00e4ringspolitiken. Ekonomin kan inte f\u00f6rhandla bort ekosystemens beroende av tid och rum f\u00f6r dess funktion, s\u00e4ger <strong>Carl Schlyter kampanjledare klimat- och systemf\u00f6r\u00e4ndringsfr\u00e5gor<\/strong><\/p>\n\n<p>\u2013 Utredningens f\u00f6rslag att \u201cgallra\u201d ut kunskaper om nyckelbiotoper \u00e4r extremt orov\u00e4ckande, vetenskapen m\u00e5ste ligga till grund f\u00f6r naturv\u00e5rden och nyckelbiotopsinventering \u00e4r ett viktigt verktyg. s\u00e4ger <strong>Carl Schlyter kampanjledare klimat- och systemf\u00f6r\u00e4ndringsfr\u00e5gor<\/strong><\/p>\n","protected":false},"excerpt":{"rendered":"<p>Skogsutredningen misslyckas med att lyfta skogens centrala roll f\u00f6r den biologiska m\u00e5ngfalden och klimatet och de hot den st\u00e5r inf\u00f6r.&nbsp;<\/p>\n","protected":false},"author":38,"featured_media":1067,"comment_status":"open","ping_status":"open","sticky":false,"template":"","format":"standard","meta":{"ep_exclude_from_search":false,"p4_og_title":"","p4_og_description":"","p4_og_image":"","p4_og_image_id":"","p4_seo_canonical_url":"","p4_campaign_name":"not set","p4_local_project":"not set","p4_basket_name":"not set","p4_department":"","footnotes":""},"categories":[22],"tags":[40,19,53],"p4-page-type":[14],"class_list":["post-45460","post","type-post","status-publish","format-standard","has-post-thumbnail","hentry","category-skog","tag-biodiversitet","tag-skyddaskogen","tag-svenskpolitik","p4-page-type-pressmeddelanden"],"_links":{"self":[{"href":"https:\/\/www.greenpeace.org\/sweden\/wp-json\/wp\/v2\/posts\/45460","targetHints":{"allow":["GET"]}}],"collection":[{"href":"https:\/\/www.greenpeace.org\/sweden\/wp-json\/wp\/v2\/posts"}],"about":[{"href":"https:\/\/www.greenpeace.org\/sweden\/wp-json\/wp\/v2\/types\/post"}],"author":[{"embeddable":true,"href":"https:\/\/www.greenpeace.org\/sweden\/wp-json\/wp\/v2\/users\/38"}],"replies":[{"embeddable":true,"href":"https:\/\/www.greenpeace.org\/sweden\/wp-json\/wp\/v2\/comments?post=45460"}],"version-history":[{"count":1,"href":"https:\/\/www.greenpeace.org\/sweden\/wp-json\/wp\/v2\/posts\/45460\/revisions"}],"predecessor-version":[{"id":45464,"href":"https:\/\/www.greenpeace.org\/sweden\/wp-json\/wp\/v2\/posts\/45460\/revisions\/45464"}],"wp:featuredmedia":[{"embeddable":true,"href":"https:\/\/www.greenpeace.org\/sweden\/wp-json\/wp\/v2\/media\/1067"}],"wp:attachment":[{"href":"https:\/\/www.greenpeace.org\/sweden\/wp-json\/wp\/v2\/media?parent=45460"}],"wp:term":[{"taxonomy":"category","embeddable":true,"href":"https:\/\/www.greenpeace.org\/sweden\/wp-json\/wp\/v2\/categories?post=45460"},{"taxonomy":"post_tag","embeddable":true,"href":"https:\/\/www.greenpeace.org\/sweden\/wp-json\/wp\/v2\/tags?post=45460"},{"taxonomy":"p4-page-type","embeddable":true,"href":"https:\/\/www.greenpeace.org\/sweden\/wp-json\/wp\/v2\/p4-page-type?post=45460"}],"curies":[{"name":"wp","href":"https:\/\/api.w.org\/{rel}","templated":true}]}}