{"id":45599,"date":"2020-12-10T16:47:09","date_gmt":"2020-12-10T15:47:09","guid":{"rendered":"https:\/\/www.greenpeace.org\/sweden\/?p=45599"},"modified":"2024-08-26T15:15:17","modified_gmt":"2024-08-26T14:15:17","slug":"greenpeace-kommentar-pa-att-ap2-saljer-ut-sina-fossilinnehav","status":"publish","type":"post","link":"https:\/\/www.greenpeace.org\/sweden\/pressmeddelanden\/klimat\/greenpeace-kommentar-pa-att-ap2-saljer-ut-sina-fossilinnehav\/","title":{"rendered":"Greenpeace kommenterar att AP2 s\u00e4ljer ut fossilinnehav"},"content":{"rendered":"\n<figure class=\"wp-block-image size-large caption-style-medium caption-alignment-center\"><img loading=\"lazy\" decoding=\"async\" width=\"1200\" height=\"800\" src=\"https:\/\/www.greenpeace.org\/static\/planet4-sweden-stateless\/ca1a188d-gp0strwgu_medium_res.jpg\" alt=\"\" class=\"wp-image-45601\"\/><figcaption>Protest mot AP-fondernas fossila investeringar 2018. \u00a9 Christian \u00c5slund \/ Greenpeace<\/figcaption><\/figure>\n\n<p><a href=\"https:\/\/www.ap2.se\/sv\/nyheter-rapporter\/nyheter2\/2020\/andra-ap-fonden-tillampar-eus-ramverk-och-slutar-investera-i-fossilbolag\/\">Andra AP-fonden meddelade idag<\/a> att de s\u00e4ljer av bolag involverade i fossil verksamhet och ska st\u00e4lla om sin portf\u00f6lj i linje med det s\u00e5 kallade Paris Aligned Benchmark. Beskedet fr\u00e5n AP2 f\u00f6ljer ett liknande besked fr\u00e5n den 16 mars i \u00e5r d\u00e5 F\u00f6rsta AP-fonden<a href=\"https:\/\/www.greenpeace.org\/sweden\/pressmeddelanden\/6098\/ap1-lamnar-fossilbranschen-greenpeace-gratulerar\/\"> meddelade att de skulle s\u00e4lja<\/a> sina innehav i 130 bolag verksamma inom fossilbranschen. <\/p>\n\n<p>Andra AP-fondens besked inneb\u00e4r att fonden nu har s\u00e5lt av 250 bolag inom energisektorn till ett v\u00e4rde av 8 miljarder kronor enligt uppgift till Greenpeace. <a href=\"https:\/\/www.greenpeace.org\/sweden\/bakgrund\/6203\/fossilernas-tid-ar-over\/\">Greenpeace har under flera \u00e5r drivit en kampanj<\/a> f\u00f6r att f\u00e5 AP-fonderna att l\u00e4mna sina innehav i fossilbolag och v\u00e4lkomnar beskedet fr\u00e5n AP2, men konstaterar samtidigt att finansiella akt\u00f6rers divestering fr\u00e5n fossilbranschen m\u00e5ste g\u00e5 betydligt snabbare.<\/p>\n\n<p><strong>Rolf Lindahl<\/strong>, kampanjledare f\u00f6r energi- och klimatfr\u00e5gor p\u00e5 Greenpeace kommenterar beskedet fr\u00e5n AP2:<\/p>\n\n<p>\u2013 Fossila br\u00e4nslen \u00e4r en av grundorsakerna till den accelererande klimatkrisen. Att flytta pengarna fr\u00e5n det fossila beh\u00f6ver d\u00e4rf\u00f6r g\u00e5 mycket fortare \u00e4n vad som skett hittills. Men nu ser vi b\u00f6rjan p\u00e5 en global trend d\u00e4r fler och fler investerare b\u00f6rjar t\u00e4nka om och slutligen \u00f6verge fossilbolagen. Att andra AP-fonden nu s\u00e4ljer ut sina fossila innehav \u00e4r s\u00e5klart v\u00e4ldigt goda nyheter och n\u00e5got vi kampanjat f\u00f6r l\u00e4nge. Nu kr\u00e4vs att de kvarvarande pensionsfonderna f\u00f6ljer efter skyndsamt. F\u00f6r den som vill v\u00e4rna klimatet och minska sin finansiella risk finns inget annat alternativ.&nbsp;<\/p>\n\n<p>\u2013 Det \u00e4r mycket gl\u00e4djande att AP2 tagit steget att b\u00f6rja dra sig ur de fossila investeringarna. F\u00f6r att n\u00e5 v\u00e5ra klimatm\u00e5l \u00e4r det avg\u00f6rande att alla investerare g\u00e5r i linje med Parisavtalets 1,5 gradersm\u00e5l vilket inneb\u00e4r att flytta pengarna bort fr\u00e5n de branscher och f\u00f6retag som \u00e4r grundorsaken till klimatkrisen.<\/p>\n\n<p><strong>Kontakt:<br><\/strong><br><strong>Rolf Lindahl<\/strong><br>Kampanjledare f\u00f6r energi- och klimatfr\u00e5gor, Greenpeace i Sverige<br><a href=\"mailto:rolf.lindahl@greenpeace.org\">rolf.lindahl@greenpeace.org<br><\/a>070 397 58 70<\/p>\n\t\t\t<section\n\t\t\tclass=\"boxout post-30 \"\n\t\t\t\n\t\t>\n\t\t\t<a\n\t\t\t\tdata-ga-category=\"Take Action Boxout\"\n\t\t\t\tdata-ga-action=\"Image\"\n\t\t\t\tdata-ga-label=\"n\/a\"\n\t\t\t\tclass=\"cover-card-overlay\"\n\t\t\t\thref=\"https:\/\/www.greenpeace.org\/sweden\/agera\/stod-oss\/\" \n\t\t\t><\/a>\n\t\t\t\t\t\t\t<img\n\t\t\t\t\t\tsrc=\"https:\/\/www.greenpeace.org\/static\/planet4-sweden-stateless\/2025\/05\/87a738a4-gp034ks_medium-res-1200px-1024x685.jpg\"\n\t\t\t\t\t\tsrcset=\"https:\/\/www.greenpeace.org\/static\/planet4-sweden-stateless\/2025\/05\/87a738a4-gp034ks_medium-res-1200px-300x201.jpg 300w, https:\/\/www.greenpeace.org\/static\/planet4-sweden-stateless\/2025\/05\/87a738a4-gp034ks_medium-res-1200px-1024x685.jpg 1024w, https:\/\/www.greenpeace.org\/static\/planet4-sweden-stateless\/2025\/05\/87a738a4-gp034ks_medium-res-1200px-768x514.jpg 768w, https:\/\/www.greenpeace.org\/static\/planet4-sweden-stateless\/2025\/05\/87a738a4-gp034ks_medium-res-1200px-508x340.jpg 508w, https:\/\/www.greenpeace.org\/static\/planet4-sweden-stateless\/2025\/05\/87a738a4-gp034ks_medium-res-1200px.jpg 1200w\"\n\t\t\t\t\t\tsizes=\"(min-width: 1000px) 358px, (min-width: 780px) 313px, 88px\"\n\t\t\t\t\t\talt=\"\" title=\"\"\n\t\t\t\t\/>\n            \t\t\t<div class=\"boxout-content\">\n\t\t\t\t\t\t\t\t\t<a\n\t\t\t\t\t\tclass=\"boxout-heading medium\"\n\t\t\t\t\t\tdata-ga-category=\"Take Action Boxout\"\n\t\t\t\t\t\tdata-ga-action=\"Title\"\n\t\t\t\t\t\tdata-ga-label=\"n\/a\"\n\t\t\t\t\t\thref=\"https:\/\/www.greenpeace.org\/sweden\/agera\/stod-oss\/\"\n\t\t\t\t\t\t\n\t\t\t\t\t>\n\t\t\t\t\t\tSt\u00f6d Greenpeace arbete\n\t\t\t\t\t<\/a>\n\t\t\t\t\t\t\t\t\t\t\t\t\t<p class=\"boxout-excerpt\">Vill du vara med och skapa en b\u00e4ttre v\u00e4rld f\u00f6r nuvarande och kommande generationer? Bli m\u00e5nadsgivare idag.<\/p>\n\t\t\t\t                                    <a\n                        class=\"btn btn-primary\"\n                        data-ga-category=\"Take Action Boxout\"\n                        data-ga-action=\"Call to Action\"\n                        data-ga-label=\"n\/a\"\n                        href=\"https:\/\/www.greenpeace.org\/sweden\/agera\/stod-oss\/\"\n                        \n                    >\n                        Engagera dig\n                    <\/a>\n                \t\t\t<\/div>\n\t\t\t\t\t<\/section>\n\t","protected":false},"excerpt":{"rendered":"<p>Greenpeace v\u00e4lkomnar beskedet fr\u00e5n Andra AP-fonden att s\u00e4lja av fossilbolag, men konstaterar samtidigt att divestering fr\u00e5n fossilbranschen m\u00e5ste g\u00e5 betydligt snabbare.<\/p>\n","protected":false},"author":40,"featured_media":45604,"comment_status":"open","ping_status":"open","sticky":false,"template":"","format":"standard","meta":{"ep_exclude_from_search":false,"p4_og_title":"Greenpeace kommenterar att AP2 s\u00e4ljer ut fossilinnehav","p4_og_description":"Greenpeace v\u00e4lkomnar beskedet fr\u00e5n Andra AP-fonden att s\u00e4lja av fossilbolag, men konstaterar samtidigt att divestering fr\u00e5n fossilbranschen m\u00e5ste g\u00e5 betydligt snabbare.","p4_og_image":"","p4_og_image_id":"","p4_seo_canonical_url":"","p4_campaign_name":"not set","p4_local_project":"not set","p4_basket_name":"not set","p4_department":"","footnotes":""},"categories":[2],"tags":[23,24,25,31,56],"p4-page-type":[14],"class_list":["post-45599","post","type-post","status-publish","format-standard","has-post-thumbnail","hentry","category-klimat","tag-globaluppvarmning","tag-fossilenergi","tag-hallbarenergi","tag-aktivism","tag-hallbarainvesteringar","p4-page-type-pressmeddelanden"],"_links":{"self":[{"href":"https:\/\/www.greenpeace.org\/sweden\/wp-json\/wp\/v2\/posts\/45599","targetHints":{"allow":["GET"]}}],"collection":[{"href":"https:\/\/www.greenpeace.org\/sweden\/wp-json\/wp\/v2\/posts"}],"about":[{"href":"https:\/\/www.greenpeace.org\/sweden\/wp-json\/wp\/v2\/types\/post"}],"author":[{"embeddable":true,"href":"https:\/\/www.greenpeace.org\/sweden\/wp-json\/wp\/v2\/users\/40"}],"replies":[{"embeddable":true,"href":"https:\/\/www.greenpeace.org\/sweden\/wp-json\/wp\/v2\/comments?post=45599"}],"version-history":[{"count":7,"href":"https:\/\/www.greenpeace.org\/sweden\/wp-json\/wp\/v2\/posts\/45599\/revisions"}],"predecessor-version":[{"id":49761,"href":"https:\/\/www.greenpeace.org\/sweden\/wp-json\/wp\/v2\/posts\/45599\/revisions\/49761"}],"wp:featuredmedia":[{"embeddable":true,"href":"https:\/\/www.greenpeace.org\/sweden\/wp-json\/wp\/v2\/media\/45604"}],"wp:attachment":[{"href":"https:\/\/www.greenpeace.org\/sweden\/wp-json\/wp\/v2\/media?parent=45599"}],"wp:term":[{"taxonomy":"category","embeddable":true,"href":"https:\/\/www.greenpeace.org\/sweden\/wp-json\/wp\/v2\/categories?post=45599"},{"taxonomy":"post_tag","embeddable":true,"href":"https:\/\/www.greenpeace.org\/sweden\/wp-json\/wp\/v2\/tags?post=45599"},{"taxonomy":"p4-page-type","embeddable":true,"href":"https:\/\/www.greenpeace.org\/sweden\/wp-json\/wp\/v2\/p4-page-type?post=45599"}],"curies":[{"name":"wp","href":"https:\/\/api.w.org\/{rel}","templated":true}]}}