{"id":45615,"date":"2020-12-11T16:47:38","date_gmt":"2020-12-11T15:47:38","guid":{"rendered":"https:\/\/www.greenpeace.org\/sweden\/?p=45615"},"modified":"2023-02-23T13:27:12","modified_gmt":"2023-02-23T12:27:12","slug":"femarsdagen-av-parisavtalet-ar-har-men-det-ar-annu-inte-tid-att-fira","status":"publish","type":"post","link":"https:\/\/www.greenpeace.org\/sweden\/pressmeddelanden\/klimat\/femarsdagen-av-parisavtalet-ar-har-men-det-ar-annu-inte-tid-att-fira\/","title":{"rendered":"Fem\u00e5rsdagen av Parisavtalet \u00e4r h\u00e4r, men det \u00e4r \u00e4nnu inte tid att fira"},"content":{"rendered":"\n<p><strong>V\u00e4rldens ledare uppmanas att presentera nya, ambiti\u00f6sa klimat\u00e5taganden f\u00f6r att fira fem\u00e5rsdagen av Parisavtalet, men det finns lite att fira. Klimatkrisen rasar vidare. Medan regeringar delar ut klimat\u00e5tg\u00e4rdande retorik med ena handen, kastar de fortfarande pengar i fossilindustrins djupa fickor med den andra, och det \u00e4r m\u00e4nniskor och milj\u00f6 som f\u00e5r ta kostnaden.<\/strong><\/p>\n\n<figure class=\"wp-block-image size-large caption-style-medium caption-alignment-center\"><img loading=\"lazy\" decoding=\"async\" width=\"800\" height=\"600\" src=\"https:\/\/www.greenpeace.org\/static\/planet4-sweden-stateless\/36cbff5f-gp0stphrx_web_size.jpg\" alt=\"\" class=\"wp-image-45618\"\/><figcaption class=\"wp-element-caption\">As the Paris climate conference enters the closing stretch, Greenpeace activists create a solar symbol around the world-famous Paris landmark, the Arc de Triomphe, by painting the roads yellow with a non-polluting water-based paint to reveal the image of a huge shining sun.<\/figcaption><\/figure>\n\n<p>Greenpeace kr\u00e4ver att de tomma l\u00f6ftena upph\u00f6r och att regeringarna som skrivit under i Paris hedrar avtalet genom att faktiskt minska sina utsl\u00e4pp s\u00e5 att de ligger i linje med vad som kr\u00e4vs f\u00f6r att begr\u00e4nsa den globala uppv\u00e4rmningen till 1,5\u00b0 C. F\u00f6r Sveriges del m\u00e5ste det bland annat inneb\u00e4ra att skydda v\u00e5ra naturskogar, s\u00e4tta ett slutdatum f\u00f6r f\u00f6rbr\u00e4nningsmotorn och genast upph\u00f6ra med alla statliga investeringar i fossil energi. Idag \u00e4r systemet riggat; det bel\u00f6nar fortfarande dem som sl\u00e4pper ut v\u00e4xthusgaser, vilket underminerar klimatavtalet som v\u00e4rldens ledare skrev under i Paris.<\/p>\n\n<p>L\u00f6rdagen 12 december firas avtalet, men den lycka jag k\u00e4nde f\u00f6r fem \u00e5r sedan n\u00e4r v\u00e4rldens ledare h\u00f6ll varandra i handen och hurrade i Paris, \u00f6verskuggas av verklighetens allt mer eskalerande kriser och det fullst\u00e4ndigt otillr\u00e4ckliga gensvaret fr\u00e5n v\u00e4rldens regeringar. Ist\u00e4llet f\u00f6r att ge st\u00f6d till en gr\u00f6n och r\u00e4ttvis \u00e5terh\u00e4mtning, och \u00e5taganden i linje med 1,5\u00b0 C-m\u00e5let, forts\u00e4tter politiker h\u00e5lla den fossila industri, som skapat krisen vi befinner oss i, under armarna.<\/p>\n\n<p>Fem\u00e5rsdagen av Parisavtalet sker samtidigt som vi kollektivt genomlider en pandemi. M\u00e4nniskors s\u00e4kerhet och \u00f6verlevnad testas som s\u00e4llan tidigare. Regeringarna m\u00e5ste anv\u00e4nda denna m\u00f6jlighet f\u00f6r att visa v\u00e4rlden att de kan skydda oss fr\u00e5n globala hot, agera i solidaritet med m\u00e4nniskor som redan idag drabbas av klimatkrisen och styra de ekonomiska \u00e5terh\u00e4mtningspaketen s\u00e5 att de \u00e4ven hj\u00e4lper oss hindra klimatkrisen. <a href=\"https:\/\/sverigesradio.se\/sida\/artikel.aspx?programid=406&amp;artikel=7599294\">I Sverige har den st\u00f6rsta delen av st\u00f6det under coronapandemin hittills g\u00e5tt till verksamhet som fr\u00e4mjar fossil energi<\/a>, ofta helt utan krav p\u00e5 motprestation i form av h\u00e5llbarhet, eller att verksamheten ska vara i linje med klimatm\u00e5len.<\/p>\n\n<p>Men kampen f\u00f6r en gr\u00f6n och r\u00e4ttvis v\u00e4rld m\u00e5ste komma fr\u00e5n beslutsamhet och hopp. Den st\u00e4ndigt v\u00e4xande klimatr\u00f6relsen runt om i v\u00e4rlden under de senaste fem \u00e5ren \u00e4r ett tydligt bevis p\u00e5 v\u00e5r gemensamma f\u00f6rst\u00e5else f\u00f6r vad som st\u00e5r p\u00e5 spel, samtidigt som det ger oss mod att agera.&nbsp;<\/p>\n\n<p>Tillsammans \u00e4r vi m\u00e5nga som driver p\u00e5 f\u00f6r den f\u00f6r\u00e4ndring som kr\u00e4vs f\u00f6r att fasa ut fossila br\u00e4nslen och h\u00e5lla oss inom klimatets gr\u00e4nser, och vi kommer att forts\u00e4tta att k\u00e4mpa. Idag m\u00e5ste v\u00e4rldens ledare visa att de har lyssnat p\u00e5 m\u00e4nniskor och de ekosystemen som \u00e4r grunden f\u00f6r allt liv och att de tar p\u00e5 sig ansvaret att leda oss genom krisen.&nbsp;<\/p>\n\n<p>F\u00f6r fem \u00e5r sedan stakade klimatavtalet i Paris ut en v\u00e4g till en s\u00e4krare, h\u00e4lsosammare och mer r\u00e4ttvis framtid f\u00f6r alla. Men bristen p\u00e5 framsteg fr\u00e5n myndigheter och f\u00f6retag inneb\u00e4r att vi fortfarande \u00e4r p\u00e5 v\u00e4g mot fler v\u00e4rmeb\u00f6ljor, br\u00e4nder, \u00f6versv\u00e4mningar och orkaner. De arktiska isarna sm\u00e4lter bort, korallreven bleks och br\u00e4nder rasar i Amazonas och Sibirien. De m\u00e5nga naturkatastroferna 2020 kan verka exceptionella, men de riskerar att bli den nya normen om vi inte \u00e4ndrar riktning.<\/p>\n\n<p>Det finns anledningar till hopp. Danmark har precis <a href=\"https:\/\/www.greenpeace.org\/sweden\/pressmeddelanden\/45504\/danmark-stoppar-nya-olje-och-gastillstand-i-nordsjon-satter-slutdatum-for-produktion\/\">stoppat all framtida oljeutvinning<\/a> i Nordsj\u00f6n och satt ett slutdatum f\u00f6r oljeindustrin. F\u00f6rsta och andra AP-fonden <a href=\"https:\/\/www.di.se\/hallbart-naringsliv\/andra-ap-fonden-slutar-investera-i-fossilbolag\/\">s\u00e4ljer \u00e4ntligen ut sina fossila innehav<\/a> i v\u00e5ra svenska pensioner. Amerikanska v\u00e4ljare har r\u00f6stat bort v\u00e4rldens mest kraftfulla klimatf\u00f6rnekare. Med Donald Trump ute ur Vita huset och starkare klimat\u00e5tg\u00e4rder fr\u00e5n Kina, Sydkorea och Japan har vi nu en chans att ena v\u00e4rlden i ett f\u00f6rs\u00f6k att minska utsl\u00e4ppen som hettar upp v\u00e5r planet.<br><\/p>\n\n<p>N\u00e4sta \u00e5rs klimattoppm\u00f6te i Glasgow kan vara katalysatorn f\u00f6r det verkliga genombrottet som kr\u00e4vs. Nu m\u00e5ste v\u00e5r och andra regeringar f\u00f6reg\u00e5 med gott exempel och visa v\u00e4rlden att genom att stoppa klimatkrisen kan vi ocks\u00e5 starta om v\u00e5r ekonomi och skapa framtida jobb och industrier som gynnar oss alla.<\/p>\n\n<p><strong>Isadora Wronski<\/strong>, Sverigechef Greenpeace<\/p>\n","protected":false},"excerpt":{"rendered":"<p>F\u00f6r att fira fem\u00e5rsdagen av Parisavtalet uppmanas v\u00e4rldens ledare att presentera nya ambiti\u00f6sa klimat\u00e5taganden. Men det finns lite att fira. Klimatkrisen rasar vidare.<\/p>\n","protected":false},"author":33,"featured_media":45618,"comment_status":"open","ping_status":"open","sticky":false,"template":"","format":"standard","meta":{"ep_exclude_from_search":false,"p4_og_title":"Fem\u00e5rsdagen av Parisavtalet \u00e4r h\u00e4r, men det \u00e4r \u00e4nnu inte tid att fira","p4_og_description":"F\u00f6r att fira fem\u00e5rsdagen av Parisavtalet uppmanas v\u00e4rldens ledare att presentera nya ambiti\u00f6sa klimat\u00e5taganden. Men det finns lite att fira. Klimatkrisen rasar vidare.","p4_og_image":"","p4_og_image_id":"","p4_seo_canonical_url":"","p4_campaign_name":"not set","p4_local_project":"not set","p4_basket_name":"not set","p4_department":"","footnotes":""},"categories":[2],"tags":[23,54],"p4-page-type":[14],"class_list":["post-45615","post","type-post","status-publish","format-standard","has-post-thumbnail","hentry","category-klimat","tag-globaluppvarmning","tag-parisavtalet","p4-page-type-pressmeddelanden"],"_links":{"self":[{"href":"https:\/\/www.greenpeace.org\/sweden\/wp-json\/wp\/v2\/posts\/45615","targetHints":{"allow":["GET"]}}],"collection":[{"href":"https:\/\/www.greenpeace.org\/sweden\/wp-json\/wp\/v2\/posts"}],"about":[{"href":"https:\/\/www.greenpeace.org\/sweden\/wp-json\/wp\/v2\/types\/post"}],"author":[{"embeddable":true,"href":"https:\/\/www.greenpeace.org\/sweden\/wp-json\/wp\/v2\/users\/33"}],"replies":[{"embeddable":true,"href":"https:\/\/www.greenpeace.org\/sweden\/wp-json\/wp\/v2\/comments?post=45615"}],"version-history":[{"count":11,"href":"https:\/\/www.greenpeace.org\/sweden\/wp-json\/wp\/v2\/posts\/45615\/revisions"}],"predecessor-version":[{"id":55321,"href":"https:\/\/www.greenpeace.org\/sweden\/wp-json\/wp\/v2\/posts\/45615\/revisions\/55321"}],"wp:featuredmedia":[{"embeddable":true,"href":"https:\/\/www.greenpeace.org\/sweden\/wp-json\/wp\/v2\/media\/45618"}],"wp:attachment":[{"href":"https:\/\/www.greenpeace.org\/sweden\/wp-json\/wp\/v2\/media?parent=45615"}],"wp:term":[{"taxonomy":"category","embeddable":true,"href":"https:\/\/www.greenpeace.org\/sweden\/wp-json\/wp\/v2\/categories?post=45615"},{"taxonomy":"post_tag","embeddable":true,"href":"https:\/\/www.greenpeace.org\/sweden\/wp-json\/wp\/v2\/tags?post=45615"},{"taxonomy":"p4-page-type","embeddable":true,"href":"https:\/\/www.greenpeace.org\/sweden\/wp-json\/wp\/v2\/p4-page-type?post=45615"}],"curies":[{"name":"wp","href":"https:\/\/api.w.org\/{rel}","templated":true}]}}