{"id":45698,"date":"2020-12-18T12:30:47","date_gmt":"2020-12-18T11:30:47","guid":{"rendered":"https:\/\/www.greenpeace.org\/sweden\/?p=45698"},"modified":"2023-02-17T14:27:29","modified_gmt":"2023-02-17T13:27:29","slug":"rapport-visar-skogens-potential-som-kolsanka","status":"publish","type":"post","link":"https:\/\/www.greenpeace.org\/sweden\/pressmeddelanden\/skog\/rapport-visar-skogens-potential-som-kolsanka\/","title":{"rendered":"Rapport visar skogens potential som kols\u00e4nka"},"content":{"rendered":"\n<p><strong>Om EU:s skogar skulle brukas mer sparsamt skulle de kunna ha dubbelt s\u00e5 h\u00f6g netto-absorption av koldioxid per \u00e5r, enligt en <a href=\"https:\/\/www.greenpeace.org\/eu-unit\/issues\/nature-food\/45327\/the-future-of-forests-in-the-european-union\/\">ny rapport fr\u00e5n Naturwald Akademie<\/a> i Tyskland. Rapporten som best\u00e4llts av Greenpeace i Tyskland visar att om avverkningstakten inom EU reducerades med en tredjedel s\u00e5 skulle koldioxidabsorberingsf\u00f6rm\u00e5gan kunna \u00f6ka fr\u00e5n 254.4 miljoner ton till 487.8 miljoner ton, lika mycket som 4.5 g\u00e5nger Sveriges nationella utsl\u00e4pp av v\u00e4xthusgaser.<\/strong><\/p>\n\n<figure class=\"wp-block-image size-large  caption-style-medium caption-alignment-center\"><img loading=\"lazy\" decoding=\"async\" width=\"1024\" height=\"575\" src=\"https:\/\/www.greenpeace.org\/static\/planet4-sweden-stateless\/2019\/01\/b3984eeb-gp0str3e9_pressmedia-1024x575.jpg\" alt=\"\" class=\"wp-image-614\" srcset=\"https:\/\/www.greenpeace.org\/static\/planet4-sweden-stateless\/2019\/01\/b3984eeb-gp0str3e9_pressmedia-1024x575.jpg 1024w, https:\/\/www.greenpeace.org\/static\/planet4-sweden-stateless\/2019\/01\/b3984eeb-gp0str3e9_pressmedia-300x169.jpg 300w, https:\/\/www.greenpeace.org\/static\/planet4-sweden-stateless\/2019\/01\/b3984eeb-gp0str3e9_pressmedia-768x432.jpg 768w, https:\/\/www.greenpeace.org\/static\/planet4-sweden-stateless\/2019\/01\/b3984eeb-gp0str3e9_pressmedia-2048x1151.jpg 2048w, https:\/\/www.greenpeace.org\/static\/planet4-sweden-stateless\/2019\/01\/b3984eeb-gp0str3e9_pressmedia-510x287.jpg 510w\" sizes=\"auto, (max-width: 1024px) 100vw, 1024px\" \/><\/figure>\n\n<p>\u2013 V\u00e5ra skogar skulle kunna bidra till att f\u00f6rhindra b\u00e5de artutrotning och de globala klimatf\u00f6r\u00e4ndringarna och f\u00f6r att hantera effekterna av ett f\u00f6r\u00e4ndrat klimat, men d\u00e5 m\u00e5ste brukningsmetoderna och volymerna f\u00f6r\u00e4ndras. Nu satsar vi p\u00e5 h\u00f6gsta m\u00f6jliga avverkningstakt som sedan g\u00e5r till kortlivade produkter d\u00e4r 80% av kolet \u00e4r tillbaka i atmosf\u00e4ren inom tv\u00e5 \u00e5r. s\u00e4ger <strong>Carl Schlyter, kampanjledare p\u00e5 Greenpeace i Sverige<\/strong><\/p>\n\n<p>Idag avverkas 77% av tillv\u00e4xten i EU:s skogar. Denna studie p\u00e5visar att netto-koldioxid upptagningsf\u00f6rm\u00e5gan hos dessa skogar skulle kunna f\u00f6rdubblas om avverkningstakten begr\u00e4nsades till 50% av den \u00e5rliga tillv\u00e4xten. En stor p\u00e5drivande faktor till uttag av biomassa fr\u00e5n skogsavverkning \u00e4r energisektorn. Genom minskad avverkning ist\u00e4llet f\u00f6r biomassa till energi och annat&nbsp; skulle skogarnas absorptionsf\u00f6rm\u00e5ga \u00f6ka med \u00f6ver 200 miljoner ton i EU.<\/p>\n\n<p>\u2013 N\u00e4r det brinner i Amazonas eller Australien f\u00f6rst\u00e5r vi att det \u00e4r d\u00e5ligt f\u00f6r klimatet, n\u00e4r det g\u00e4ller att planlagt l\u00e5ta v\u00e5ra skogar g\u00e5 upp i r\u00f6k g\u00f6r vi inte samma koppling. Rapporten visar med all \u00f6nskv\u00e4rd tydlighet att skog g\u00f6r st\u00f6rst klimatnytta om den f\u00e5r st\u00e5 kvar och inte eldas upp, varken direkt, i form av biobr\u00e4nslen, eller som kortlivade produkter som snabbt blir avfall, s\u00e4ger <strong>Carl Schlyter<\/strong><\/p>\n\n<p>Greenpeace kr\u00e4ver att EU inf\u00f6r bindande m\u00e5l f\u00f6r skogsrestaurering och m\u00e5l f\u00f6r upptag av koldioxid i skog och andra ekosystem ut\u00f6ver unionens m\u00e5l om minskning av v\u00e4xthusgasutsl\u00e4pp. I Sverige m\u00e5ste vi formellt skydda 30 procent av v\u00e5ra ekosystem, men ocks\u00e5 st\u00e4lla om skogsbruket i sin helhet f\u00f6r att n\u00e5 samtliga milj\u00f6m\u00e5l kopplade till skogen.<\/p>\n\n<p>\u2013 Den h\u00e4r rapporten \u00e4r ytterligare ett bevis p\u00e5 att Sveriges regering valt helt fel v\u00e4g. Stora bioenergisatsningar kommer tvekl\u00f6st att skapa en \u00f6kad press p\u00e5 att t\u00f6mma v\u00e5ra skogar p\u00e5 r\u00e5vara som kommer att g\u00e5 till br\u00e4nsle till v\u00e5ra bilar, ist\u00e4llet f\u00f6r att g\u00f6ra riktig klimatnytta, som levande ekosystem, s\u00e4ger <strong>Carl Schlyter<\/strong><\/p>\n\n<p>H\u00e4r hittar du rapporten:<\/p>\n\n<figure class=\"wp-block-embed-wordpress wp-block-embed is-type-wp-embed is-provider-greenpeace-european-unit\"><div class=\"wp-block-embed__wrapper\">\n<blockquote class=\"wp-embedded-content\" data-secret=\"0z1Eshfkgc\"><a href=\"https:\/\/www.greenpeace.org\/eu-unit\/issues\/nature-food\/45327\/the-future-of-forests-in-the-european-union\/\">The Future of Forests in the European Union<\/a><\/blockquote><iframe loading=\"lazy\" class=\"wp-embedded-content\" sandbox=\"allow-scripts\" security=\"restricted\" style=\"position: absolute; clip: rect(1px, 1px, 1px, 1px);\" title=\"&#8220;The Future of Forests in the European Union&#8221; &#8212; Greenpeace European Unit\" src=\"https:\/\/www.greenpeace.org\/eu-unit\/issues\/nature-food\/45327\/the-future-of-forests-in-the-european-union\/embed\/#?secret=VeAwFskrCf#?secret=0z1Eshfkgc\" data-secret=\"0z1Eshfkgc\" width=\"500\" height=\"282\" frameborder=\"0\" marginwidth=\"0\" marginheight=\"0\" scrolling=\"no\"><\/iframe>\n<\/div><\/figure>\n","protected":false},"excerpt":{"rendered":"<p>Om EU:s skogar skulle brukas mer sparsamt skulle de kunna ha dubbelt s\u00e5 h\u00f6g netto-absorption av koldioxid per \u00e5r, enligt en ny rapport fr\u00e5n Naturwald Akademie i Tyskland. Rapporten som&hellip;<\/p>\n","protected":false},"author":38,"featured_media":503,"comment_status":"open","ping_status":"open","sticky":false,"template":"","format":"standard","meta":{"ep_exclude_from_search":false,"p4_og_title":"","p4_og_description":"","p4_og_image":"","p4_og_image_id":"","p4_seo_canonical_url":"","p4_campaign_name":"not set","p4_local_project":"not set","p4_basket_name":"not set","p4_department":"","footnotes":""},"categories":[22],"tags":[23,40],"p4-page-type":[14],"class_list":["post-45698","post","type-post","status-publish","format-standard","has-post-thumbnail","hentry","category-skog","tag-globaluppvarmning","tag-biodiversitet","p4-page-type-pressmeddelanden"],"_links":{"self":[{"href":"https:\/\/www.greenpeace.org\/sweden\/wp-json\/wp\/v2\/posts\/45698","targetHints":{"allow":["GET"]}}],"collection":[{"href":"https:\/\/www.greenpeace.org\/sweden\/wp-json\/wp\/v2\/posts"}],"about":[{"href":"https:\/\/www.greenpeace.org\/sweden\/wp-json\/wp\/v2\/types\/post"}],"author":[{"embeddable":true,"href":"https:\/\/www.greenpeace.org\/sweden\/wp-json\/wp\/v2\/users\/38"}],"replies":[{"embeddable":true,"href":"https:\/\/www.greenpeace.org\/sweden\/wp-json\/wp\/v2\/comments?post=45698"}],"version-history":[{"count":1,"href":"https:\/\/www.greenpeace.org\/sweden\/wp-json\/wp\/v2\/posts\/45698\/revisions"}],"predecessor-version":[{"id":45699,"href":"https:\/\/www.greenpeace.org\/sweden\/wp-json\/wp\/v2\/posts\/45698\/revisions\/45699"}],"wp:featuredmedia":[{"embeddable":true,"href":"https:\/\/www.greenpeace.org\/sweden\/wp-json\/wp\/v2\/media\/503"}],"wp:attachment":[{"href":"https:\/\/www.greenpeace.org\/sweden\/wp-json\/wp\/v2\/media?parent=45698"}],"wp:term":[{"taxonomy":"category","embeddable":true,"href":"https:\/\/www.greenpeace.org\/sweden\/wp-json\/wp\/v2\/categories?post=45698"},{"taxonomy":"post_tag","embeddable":true,"href":"https:\/\/www.greenpeace.org\/sweden\/wp-json\/wp\/v2\/tags?post=45698"},{"taxonomy":"p4-page-type","embeddable":true,"href":"https:\/\/www.greenpeace.org\/sweden\/wp-json\/wp\/v2\/p4-page-type?post=45698"}],"curies":[{"name":"wp","href":"https:\/\/api.w.org\/{rel}","templated":true}]}}