{"id":45910,"date":"2021-02-12T12:43:55","date_gmt":"2021-02-12T11:43:55","guid":{"rendered":"https:\/\/www.greenpeace.org\/sweden\/?p=45910"},"modified":"2023-02-20T15:12:11","modified_gmt":"2023-02-20T14:12:11","slug":"tank-om-forskarna-har-ratt-anda-igen","status":"publish","type":"post","link":"https:\/\/www.greenpeace.org\/sweden\/artiklar\/klimat\/tank-om-forskarna-har-ratt-anda-igen\/","title":{"rendered":"T\u00e4nk om forskarna har r\u00e4tt \u00e4nd\u00e5? (Igen)"},"content":{"rendered":"\n<p class=\"has-text-align-left\"><em>\u201cIn the psychology of <\/em><a rel=\"noreferrer noopener\" href=\"https:\/\/en.wikipedia.org\/wiki\/Human_behavior\" target=\"_blank\"><em>human behavior<\/em><\/a><em>, <\/em><strong><em>denialism<\/em><\/strong><em> is a person&#8217;s choice to <\/em><a rel=\"noreferrer noopener\" href=\"https:\/\/en.wikipedia.org\/wiki\/Denial\" target=\"_blank\"><em>deny<\/em><\/a><em> <\/em><a rel=\"noreferrer noopener\" href=\"https:\/\/en.wikipedia.org\/wiki\/Reality\" target=\"_blank\"><em>reality<\/em><\/a><em> as a way to avoid a psychologically uncomfortable <\/em><a rel=\"noreferrer noopener\" href=\"https:\/\/en.wikipedia.org\/wiki\/Truth\" target=\"_blank\"><em>truth<\/em><\/a><em>\u201d <\/em><\/p>\n\n<figure class=\"wp-block-image size-large is-resized  caption-style-medium caption-alignment-center\"><img loading=\"lazy\" decoding=\"async\" src=\"https:\/\/www.greenpeace.org\/static\/planet4-sweden-stateless\/2021\/02\/ee3eec63-gp0str3jn_web_size.jpg\" alt=\"\" class=\"wp-image-45911\" width=\"755\" height=\"424\" srcset=\"https:\/\/www.greenpeace.org\/static\/planet4-sweden-stateless\/2021\/02\/ee3eec63-gp0str3jn_web_size.jpg 799w, https:\/\/www.greenpeace.org\/static\/planet4-sweden-stateless\/2021\/02\/ee3eec63-gp0str3jn_web_size-300x169.jpg 300w, https:\/\/www.greenpeace.org\/static\/planet4-sweden-stateless\/2021\/02\/ee3eec63-gp0str3jn_web_size-768x432.jpg 768w, https:\/\/www.greenpeace.org\/static\/planet4-sweden-stateless\/2021\/02\/ee3eec63-gp0str3jn_web_size-510x287.jpg 510w\" sizes=\"auto, (max-width: 755px) 100vw, 755px\" \/><\/figure>\n\n<p>N\u00e4r jag f\u00f6rst blev engagerad i milj\u00f6fr\u00e5gor i b\u00f6rjan p\u00e5 1990-talet fanns det inte n\u00e5gon klimatf\u00f6r\u00e4ndring.&nbsp;<\/p>\n\n<p>Eller, r\u00e4ttare sagt, den fanns s\u00e5klart i den fysiska verkligheten. Koldioxidhalterna i atmosf\u00e4ren var redan h\u00f6ga p\u00e5 grund av ett hundra\u00e5rigt beroende av fossila br\u00e4nslen. Den fanns ocks\u00e5 i forskarnas verklighet. De som studerade meteorologi, atmosf\u00e4rsvetenskap och geofysik slog larm redan i b\u00f6rjan p\u00e5 1960-talet om risken f\u00f6r en global upphettning p\u00e5 grund av de \u00f6kande utsl\u00e4ppen av koldioxid. Klimatf\u00f6r\u00e4ndringarna fanns ocks\u00e5 hos milj\u00f6organisationerna. 1990 publicerade Greenpeace en 500 sidor l\u00e5ng bok med titeln&nbsp; \u201cGlobal Warming\u201d som sammanst\u00e4llde den forskning som beskrev och modellerade uppv\u00e4rmningen som prim\u00e4rt orsakats av v\u00e5r f\u00f6rbr\u00e4nning av fossila br\u00e4nslen.<\/p>\n\n<p>Men den globala uppv\u00e4rmningen fanns inte hos beslutsfattarna. Inte hos regeringar som ignorerade formella<a href=\"https:\/\/www.nytimes.com\/1988\/06\/24\/us\/global-warming-has-begun-expert-tells-senate.html\"> framst\u00e4llningar fr\u00e5n sina egna vetenskapsm\u00e4n<\/a>. Och inte hos industrin, eller r\u00e4ttare sagt, den fanns inte hos industrin i den <a href=\"https:\/\/www.theguardian.com\/environment\/climate-consensus-97-per-cent\/2018\/sep\/19\/shell-and-exxons-secret-1980s-climate-change-warnings\">verklighet som de erk\u00e4nde offentligt.<\/a><\/p>\n\n<p>Sanningen var f\u00f6r obekv\u00e4m. Att acceptera den skulle inneb\u00e4ra ett akut behov att i grunden f\u00f6r\u00e4ndra den fossilbaserade ekonomin som hela den dominerande maktstrukturen och tillv\u00e4xten var byggd p\u00e5.<\/p>\n\n<p>Nu 30 \u00e5r senare ser jag samma fenomen utspela sig igen. Men nu g\u00e4ller det biobr\u00e4nsle. En snabbt v\u00e4xande m\u00e4ngd vetenskaplig forskning varnar om att biomassa fr\u00e5n skogen inte kan ers\u00e4tta fossilt br\u00e4nsle i n\u00e5gon betydelsefull omfattning utan att orsaka katastrofala konsekvenser f\u00f6r b\u00e5de klimatet och den biologiska m\u00e5ngfalden.&nbsp;&nbsp;<\/p>\n\n<p>Och precis som f\u00f6r 30 \u00e5r sedan, ser jag hur beslutsfattare och den etablerade industrin ignorerar vetenskapens varningar, eller \u00e4n v\u00e4rre, g\u00e5r i f\u00f6rsvarsst\u00e4llning och lanserar grundl\u00f6sa motangrepp.<\/p>\n\n<p>Sveriges nationella klimatarbete \u00e4r inriktat mot \u201cfossilfrihet\u201d. En tanke som g\u00e5r ut p\u00e5 att man ska ers\u00e4tta det importerade fossila br\u00e4nslet med tr\u00e4br\u00e4nsle. Stora summor avs\u00e4tts i statsbudgeten, lagar och regelverk skrivs om f\u00f6r att uppmuntra och till och med tvinga industrin att br\u00e4nna mer skog. Gigantiska investeringar (till stor del finansierade av offentliga pengar) planeras i nya massiva raffinaderier f\u00f6r biobr\u00e4nsle. Skogsbolagen ser en enorm ny marknad och nya rikedomar framf\u00f6r sig, och frenetiskt f\u00f6rs\u00f6ker de nu att undanr\u00f6ja alla hinder f\u00f6r en ut\u00f6kad avverkning av skog.&nbsp;<\/p>\n\n<p>Man vill inte erk\u00e4nna den obekv\u00e4ma sanningen; att man inte kan ers\u00e4tta f\u00f6rbr\u00e4nning av olja med f\u00f6rbr\u00e4nning av skog och bibeh\u00e5lla dagens ekonomiska fantasier om fortsatt o\u00e4ndlig tillv\u00e4xt genom fortsatt hysterisk konsumtion. Att strategin forts\u00e4tta p\u00e5 detta sp\u00e5r inte \u00e4r f\u00f6renlig med v\u00e5r l\u00e5ngsiktiga \u00f6verlevnad p\u00e5 planeten. Man vill inte, eftersom det skulle betyda en f\u00f6r stor f\u00f6rlust av makt och inkomster f\u00f6r v\u00e5ra stora industrier. L\u00e4ttare d\u00e5 att st\u00e4nga \u00f6gonen, ignorera och f\u00f6rs\u00f6ka f\u00f6rl\u00f6jliga de som ifr\u00e5gas\u00e4tter.&nbsp;<\/p>\n\n<p>Ig\u00e5r, den 11 februari, fick EU-kommissionens chef, USA:s president och ledarna f\u00f6r flera asiatiska l\u00e4nder ta emot <a href=\"https:\/\/www.dropbox.com\/s\/hdmmcnd0d1d2lq5\/Scientist%20Letter%20to%20Biden%2C%20von%20der%20Leyen%2C%20Michel%2C%20Suga%20%26%20Moon%20%20Re.%20Forest%20Biomass%20%28February%2011%2C%202021%29.pdf?dl=0\">ett brev<\/a> fr\u00e5n 500 internationella forskare som v\u00e4djar till dem att stoppa subventionerna och st\u00f6den f\u00f6r biobr\u00e4nsle (s\u00e4rskilt skogsbaserade biobr\u00e4nslen) eftersom dess anv\u00e4ndning leder till en \u201c\u00f6kning av koldioxidutsl\u00e4ppen\u201d och \u201cskapar en \u201ckoldioxidskuld\u201d som \u00f6kar \u00f6ver tid i takt med att fler tr\u00e4d avverkas f\u00f6r att forts\u00e4tta anv\u00e4ndningen av bioenergi\u201d Forskarna klarg\u00f6r att \u201cEn m\u00e4ngd studier har visat att denna f\u00f6rbr\u00e4nning av tr\u00e4 kommer \u00f6ka uppv\u00e4rmningen under decennier till \u00e5rhundraden. Detta \u00e4r sant \u00e4ven n\u00e4r tr\u00e4 ers\u00e4tter kol, olja eller naturgas\u201d.&nbsp;<\/p>\n\n<p>Nu \u00e5terst\u00e5r det att se om v\u00e5ra beslutsfattare v\u00e4ljer att g\u00f6ra som deras f\u00f6reg\u00e5ngare och ignorera den obekv\u00e4ma sanningen tills det blir f\u00f6rsent, eller om de har tillr\u00e4ckligt med mod och \u00e4rlighet att erk\u00e4nna den fysiska verkligheten som den \u00e4r.<\/p>\n\n<p><\/p>\n","protected":false},"excerpt":{"rendered":"<p>\u201cIn the psychology of human behavior, denialism is a person&#8217;s choice to deny reality as a way to avoid a psychologically uncomfortable truth\u201d<\/p>\n","protected":false},"author":30,"featured_media":45911,"comment_status":"closed","ping_status":"open","sticky":false,"template":"","format":"standard","meta":{"ep_exclude_from_search":false,"p4_og_title":"","p4_og_description":"","p4_og_image":"","p4_og_image_id":"","p4_seo_canonical_url":"","p4_campaign_name":"not set","p4_local_project":"not set","p4_basket_name":"not set","p4_department":"","footnotes":""},"categories":[2],"tags":[23,24],"p4-page-type":[16],"class_list":["post-45910","post","type-post","status-publish","format-standard","has-post-thumbnail","hentry","category-klimat","tag-globaluppvarmning","tag-fossilenergi","p4-page-type-artiklar"],"_links":{"self":[{"href":"https:\/\/www.greenpeace.org\/sweden\/wp-json\/wp\/v2\/posts\/45910","targetHints":{"allow":["GET"]}}],"collection":[{"href":"https:\/\/www.greenpeace.org\/sweden\/wp-json\/wp\/v2\/posts"}],"about":[{"href":"https:\/\/www.greenpeace.org\/sweden\/wp-json\/wp\/v2\/types\/post"}],"author":[{"embeddable":true,"href":"https:\/\/www.greenpeace.org\/sweden\/wp-json\/wp\/v2\/users\/30"}],"replies":[{"embeddable":true,"href":"https:\/\/www.greenpeace.org\/sweden\/wp-json\/wp\/v2\/comments?post=45910"}],"version-history":[{"count":10,"href":"https:\/\/www.greenpeace.org\/sweden\/wp-json\/wp\/v2\/posts\/45910\/revisions"}],"predecessor-version":[{"id":46026,"href":"https:\/\/www.greenpeace.org\/sweden\/wp-json\/wp\/v2\/posts\/45910\/revisions\/46026"}],"wp:featuredmedia":[{"embeddable":true,"href":"https:\/\/www.greenpeace.org\/sweden\/wp-json\/wp\/v2\/media\/45911"}],"wp:attachment":[{"href":"https:\/\/www.greenpeace.org\/sweden\/wp-json\/wp\/v2\/media?parent=45910"}],"wp:term":[{"taxonomy":"category","embeddable":true,"href":"https:\/\/www.greenpeace.org\/sweden\/wp-json\/wp\/v2\/categories?post=45910"},{"taxonomy":"post_tag","embeddable":true,"href":"https:\/\/www.greenpeace.org\/sweden\/wp-json\/wp\/v2\/tags?post=45910"},{"taxonomy":"p4-page-type","embeddable":true,"href":"https:\/\/www.greenpeace.org\/sweden\/wp-json\/wp\/v2\/p4-page-type?post=45910"}],"curies":[{"name":"wp","href":"https:\/\/api.w.org\/{rel}","templated":true}]}}