{"id":45987,"date":"2021-02-23T10:23:48","date_gmt":"2021-02-23T09:23:48","guid":{"rendered":"https:\/\/www.greenpeace.org\/sweden\/?p=45987"},"modified":"2023-02-17T10:40:00","modified_gmt":"2023-02-17T09:40:00","slug":"stort-oljeutslapp-i-israel-varsta-miljokatastrofen-i-landet-pa-decennier","status":"publish","type":"post","link":"https:\/\/www.greenpeace.org\/sweden\/artiklar\/hav\/stort-oljeutslapp-i-israel-varsta-miljokatastrofen-i-landet-pa-decennier\/","title":{"rendered":"Stort oljeutsl\u00e4pp i Israel &#8211; v\u00e4rsta milj\u00f6katastrofen i landet p\u00e5 decennier"},"content":{"rendered":"\n<figure class=\"wp-block-image size-large  caption-style-medium caption-alignment-center\"><img loading=\"lazy\" decoding=\"async\" width=\"1024\" height=\"576\" src=\"https:\/\/www.greenpeace.org\/static\/planet4-sweden-stateless\/2021\/02\/9c06fc92-israel_oil_greenpeace-1024x576.jpeg\" alt=\"\" class=\"wp-image-45988\" srcset=\"https:\/\/www.greenpeace.org\/static\/planet4-sweden-stateless\/2021\/02\/9c06fc92-israel_oil_greenpeace-1024x576.jpeg 1024w, https:\/\/www.greenpeace.org\/static\/planet4-sweden-stateless\/2021\/02\/9c06fc92-israel_oil_greenpeace-300x169.jpeg 300w, https:\/\/www.greenpeace.org\/static\/planet4-sweden-stateless\/2021\/02\/9c06fc92-israel_oil_greenpeace-768x432.jpeg 768w, https:\/\/www.greenpeace.org\/static\/planet4-sweden-stateless\/2021\/02\/9c06fc92-israel_oil_greenpeace-1536x864.jpeg 1536w, https:\/\/www.greenpeace.org\/static\/planet4-sweden-stateless\/2021\/02\/9c06fc92-israel_oil_greenpeace-510x287.jpeg 510w, https:\/\/www.greenpeace.org\/static\/planet4-sweden-stateless\/2021\/02\/9c06fc92-israel_oil_greenpeace.jpeg 1599w\" sizes=\"auto, (max-width: 1024px) 100vw, 1024px\" \/><\/figure>\n\n<h4 class=\"wp-block-heading\"><em>Ett omfattande oljeutsl\u00e4pp utanf\u00f6r Israels kust har drabbat djur och v\u00e4xtliv l\u00e4ngs m\u00e5nga av landets str\u00e4nder. Det \u00e4r \u00e4nnu oklart vad som har orsakat oljeutsl\u00e4ppet men enligt Greenpeace forskningsenhet och andra k\u00e4llor kommer det sannolikt fr\u00e5n ett illegalt utsl\u00e4pp fr\u00e5n en oljetanker 50 kilometer fr\u00e5n kusten.<\/em><\/h4>\n\n<p><strong>Det h\u00e4r oljeutsl\u00e4ppet \u00e4r inte en olycka, det \u00e4r ett milj\u00f6brott.<\/strong> Trots att omst\u00e4ndigheterna \u00e4nnu inte \u00e4r helt klarlagda, \u00e4r det \u00e4n en g\u00e5ng tydligt att v\u00e5rt beroende av fossila br\u00e4nslen \u00e4r livsfarligt f\u00f6r v\u00e5rt klimat och v\u00e5r milj\u00f6. Oljeutsl\u00e4ppet \u00e4r en varningsklocka f\u00f6r den israeliska regeringen som investerat i olja och gas som b\u00e5de eldar p\u00e5 klimatkrisen och som \u00e4r ett stort hot mot s\u00e5rbara, marina ekosystem som de korallreven i Eilat och unika ekosystem i D\u00f6da havet. <strong>Israels regering m\u00e5ste en g\u00e5ng f\u00f6r alla fasa ut beroendet av olja och gas och stoppa planerna f\u00f6r nya pipelines i Medelhavet.<\/strong><\/p>\n\n<p><strong>Oljeutsl\u00e4ppet visar \u00e4ven p\u00e5 det extremt bristf\u00e4lliga milj\u00f6skyddet i Medelhavet d\u00e4r det marina livet redan \u00e4r pressat av hot fr\u00e5n \u00f6kad trafik, plastf\u00f6roreningar och milj\u00f6gifter. <\/strong>Och det \u00e4r sm\u00e4rtsamt tydligt hur of\u00f6rberedd den israeliska regeringen var n\u00e4r det g\u00e4ller att hantera den h\u00e4r typen av akuta milj\u00f6katastrofer. Ist\u00e4llet \u00e4r det civilsamh\u00e4llet och tusentals volont\u00e4rer som just nu sanerar str\u00e4nderna fr\u00e5n kletiga klumpar av r\u00e5olja.&nbsp;<\/p>\n\n<p><strong>Hela 40 procent av Israels kust (170 kilometer) har drabbats och som s\u00e5 ofta \u00e4r det djuren som f\u00e5r betala det h\u00f6gsta priset. <\/strong>Volont\u00e4rerna har hittat tusentals d\u00f6da och skadade fiskar, sk\u00f6ldpaddor och f\u00e5glar som fastnat i den kletiga r\u00e5oljan.&nbsp;<\/p>\n\n<p><\/p>\n\n<figure class=\"wp-block-image size-large  caption-style-medium caption-alignment-center\"><img loading=\"lazy\" decoding=\"async\" width=\"1000\" height=\"700\" src=\"https:\/\/www.greenpeace.org\/static\/planet4-sweden-stateless\/2021\/02\/6da0845e-1000x700_4split_oil-disaster-israel.jpg\" alt=\"\" class=\"wp-image-45991\" srcset=\"https:\/\/www.greenpeace.org\/static\/planet4-sweden-stateless\/2021\/02\/6da0845e-1000x700_4split_oil-disaster-israel.jpg 1000w, https:\/\/www.greenpeace.org\/static\/planet4-sweden-stateless\/2021\/02\/6da0845e-1000x700_4split_oil-disaster-israel-300x210.jpg 300w, https:\/\/www.greenpeace.org\/static\/planet4-sweden-stateless\/2021\/02\/6da0845e-1000x700_4split_oil-disaster-israel-768x538.jpg 768w, https:\/\/www.greenpeace.org\/static\/planet4-sweden-stateless\/2021\/02\/6da0845e-1000x700_4split_oil-disaster-israel-486x340.jpg 486w\" sizes=\"auto, (max-width: 1000px) 100vw, 1000px\" \/><figcaption class=\"wp-element-caption\">Foto: Rami Shlush och Elad Aybes \/ Greenpeace samt Israel Nature and park authority<\/figcaption><\/figure>\n\n<p>Greenpeace i Israel arbetar nu tillsammans med allierade fr\u00e5n milj\u00f6r\u00f6relsen och man fokuserar p\u00e5 tre \u00e5tg\u00e4rder:&nbsp;<\/p>\n\n<p>1. att f\u00f6rst och fr\u00e4mst mobilisera volont\u00e4rer f\u00f6r sanering av str\u00e4nderna<\/p>\n\n<p>2. att dokumentera och sprida nyheterna om det bristf\u00e4lliga milj\u00f6skyddet och bristen p\u00e5 beredskap f\u00f6r oljeutsl\u00e4pp i Medelhavet<\/p>\n\n<p>3. att forts\u00e4tta k\u00e4mpa mot beroendet av fossila br\u00e4nslen och att i alla l\u00e4nder s\u00e4tta press p\u00e5 regeringar f\u00f6r en \u00f6verg\u00e5ng till ren, h\u00e5llbar energi.<\/p>\n\n<p>Milj\u00f6katastroferna som orsakats av m\u00e4nniskors beroende av fossila br\u00e4nslen avl\u00f6ser varandra. <strong>Det beh\u00f6ver inte vara s\u00e5 h\u00e4r. En gr\u00f6nare, mer h\u00e5llbar framtid med f\u00f6rnybar energi \u00e4r m\u00f6jlig och vi m\u00e5ste forts\u00e4tta att s\u00e4tta press p\u00e5 politikerna n\u00e4r det g\u00e4ller vilket v\u00e4gval som m\u00e5ste g\u00f6ras.<\/strong> Har du m\u00f6jlighet att st\u00f6tta v\u00e5rt arbete f\u00f6r en friskare, renare planet med ett bidrag?<strong> Swisha <a href=\"https:\/\/greenpeace.adoveo.com\/start\/TXpOaFpHOTJaVzg9\/?skipPlayer=0&amp;env=dist&amp;autoPlay=0&amp;rand=56\">h\u00e4r.<\/a><\/strong><\/p>\n","protected":false},"excerpt":{"rendered":"<p>Ett omfattande oljeutsl\u00e4pp utanf\u00f6r Israels kust har drabbat djur och v\u00e4xtliv l\u00e4ngs m\u00e5nga av landets str\u00e4nder. Det \u00e4r \u00e4nnu oklart vad som har orsakat oljeutsl\u00e4ppet men enligt Greenpeace forskningsenhet och andra k\u00e4llor kommer det sannolikt fr\u00e5n ett illegalt utsl\u00e4pp fr\u00e5n en oljetanker 50 kilometer fr\u00e5n kusten. <\/p>\n","protected":false},"author":36,"featured_media":45988,"comment_status":"closed","ping_status":"open","sticky":false,"template":"","format":"standard","meta":{"ep_exclude_from_search":false,"p4_og_title":"","p4_og_description":"","p4_og_image":"","p4_og_image_id":"","p4_seo_canonical_url":"","p4_campaign_name":"not set","p4_local_project":"not set","p4_basket_name":"not set","p4_department":"","footnotes":""},"categories":[3],"tags":[30,24],"p4-page-type":[16],"class_list":["post-45987","post","type-post","status-publish","format-standard","has-post-thumbnail","hentry","category-hav","tag-marinaskyddadeomraden","tag-fossilenergi","p4-page-type-artiklar"],"_links":{"self":[{"href":"https:\/\/www.greenpeace.org\/sweden\/wp-json\/wp\/v2\/posts\/45987","targetHints":{"allow":["GET"]}}],"collection":[{"href":"https:\/\/www.greenpeace.org\/sweden\/wp-json\/wp\/v2\/posts"}],"about":[{"href":"https:\/\/www.greenpeace.org\/sweden\/wp-json\/wp\/v2\/types\/post"}],"author":[{"embeddable":true,"href":"https:\/\/www.greenpeace.org\/sweden\/wp-json\/wp\/v2\/users\/36"}],"replies":[{"embeddable":true,"href":"https:\/\/www.greenpeace.org\/sweden\/wp-json\/wp\/v2\/comments?post=45987"}],"version-history":[{"count":6,"href":"https:\/\/www.greenpeace.org\/sweden\/wp-json\/wp\/v2\/posts\/45987\/revisions"}],"predecessor-version":[{"id":54446,"href":"https:\/\/www.greenpeace.org\/sweden\/wp-json\/wp\/v2\/posts\/45987\/revisions\/54446"}],"wp:featuredmedia":[{"embeddable":true,"href":"https:\/\/www.greenpeace.org\/sweden\/wp-json\/wp\/v2\/media\/45988"}],"wp:attachment":[{"href":"https:\/\/www.greenpeace.org\/sweden\/wp-json\/wp\/v2\/media?parent=45987"}],"wp:term":[{"taxonomy":"category","embeddable":true,"href":"https:\/\/www.greenpeace.org\/sweden\/wp-json\/wp\/v2\/categories?post=45987"},{"taxonomy":"post_tag","embeddable":true,"href":"https:\/\/www.greenpeace.org\/sweden\/wp-json\/wp\/v2\/tags?post=45987"},{"taxonomy":"p4-page-type","embeddable":true,"href":"https:\/\/www.greenpeace.org\/sweden\/wp-json\/wp\/v2\/p4-page-type?post=45987"}],"curies":[{"name":"wp","href":"https:\/\/api.w.org\/{rel}","templated":true}]}}