{"id":46018,"date":"2021-02-25T11:23:28","date_gmt":"2021-02-25T10:23:28","guid":{"rendered":"https:\/\/www.greenpeace.org\/sweden\/?p=46018"},"modified":"2023-02-20T14:38:10","modified_gmt":"2023-02-20T13:38:10","slug":"ect-ett-hot-mot-klimat-och-demokrati","status":"publish","type":"post","link":"https:\/\/www.greenpeace.org\/sweden\/artiklar\/klimat\/ect-ett-hot-mot-klimat-och-demokrati\/","title":{"rendered":"ECT \u2013 ett hot mot klimat och demokrati"},"content":{"rendered":"\n<figure class=\"wp-block-image size-large  caption-style-medium caption-alignment-center\"><img loading=\"lazy\" decoding=\"async\" width=\"1024\" height=\"717\" src=\"https:\/\/www.greenpeace.org\/static\/planet4-sweden-stateless\/2021\/02\/87010357-ect_web-1024x717.jpg\" alt=\"\" class=\"wp-image-46038\" srcset=\"https:\/\/www.greenpeace.org\/static\/planet4-sweden-stateless\/2021\/02\/87010357-ect_web-1024x717.jpg 1024w, https:\/\/www.greenpeace.org\/static\/planet4-sweden-stateless\/2021\/02\/87010357-ect_web-300x210.jpg 300w, https:\/\/www.greenpeace.org\/static\/planet4-sweden-stateless\/2021\/02\/87010357-ect_web-768x538.jpg 768w, https:\/\/www.greenpeace.org\/static\/planet4-sweden-stateless\/2021\/02\/87010357-ect_web-486x340.jpg 486w, https:\/\/www.greenpeace.org\/static\/planet4-sweden-stateless\/2021\/02\/87010357-ect_web.jpg 1080w\" sizes=\"auto, (max-width: 1024px) 100vw, 1024px\" \/><\/figure>\n\n<p><strong>Det s\u00e5 kallade Energistadgef\u00f6rdraget (Energy Charter Treaty, ECT) \u00e4r ett handelsavtal som g\u00e5r tillbaka \u00e4nda till 1994.<\/strong> Det \u00e4r ett internationellt avtal som s\u00e4gs vilja utg\u00f6ra en <a href=\"https:\/\/www.energycharter.org\/process\/energy-charter-treaty-1994\/energy-charter-treaty\/\">multilateral ram f\u00f6r energisamarbete<\/a> f\u00f6r de 53 medlemsl\u00e4nderna runt om i v\u00e4rlden. Detta kan l\u00e5ta harml\u00f6st, ja rentav rimligt, men bakom fasaden d\u00f6ljer sig ett avtal som f\u00f6rsv\u00e5rar den avg\u00f6rande omst\u00e4llningen av v\u00e4rldens energiproduktion vi beh\u00f6ver g\u00f6ra f\u00f6r att m\u00f6ta klimatkrisen.<\/p>\n\n<p><strong>Energistadgef\u00f6rdraget har n\u00e4mligen blivit ett av fossilindustrins viktigaste verktyg f\u00f6r att s\u00e4tta <\/strong><a href=\"https:\/\/www.tni.org\/en\/energy-charter-dirty-secrets\"><strong>k\u00e4ppar i hjulet f\u00f6r en ambiti\u00f6s klimatpolitik<\/strong><\/a><strong>.<\/strong><\/p>\n\n<p><strong>Rent konkret ger f\u00f6rdraget energibolagen m\u00f6jligheten att st\u00e4mma medlemsl\u00e4nderna p\u00e5 miljardbelopp vid s\u00e4rskilda domstolar <\/strong>(<a href=\"https:\/\/www.iisd.org\/projects\/energy-charter-treaty\">s\u00e5 kallade ISDS<\/a>). Bolag vars aff\u00e4rsmodell g\u00e5r ut p\u00e5 att producera energi p\u00e5 ett milj\u00f6farligt och klimatskadligt s\u00e4tt f\u00e5r allts\u00e5 genom ECT r\u00e4tten att st\u00e4mma stater f\u00f6r de t\u00e4nkta framtida vinster de skulle kunnat f\u00e5 om de sluppit anpassa sig till nya klimat- och milj\u00f6regler och ist\u00e4llet f\u00e5tt forts\u00e4tta sin smutsiga verksamhet s\u00e5 l\u00e4nge de velat.<\/p>\n\n<p><strong>Att bolag st\u00e4mmer stater f\u00f6r sk\u00e4rpt milj\u00f6politik med hj\u00e4lp av ECT har h\u00e4nt, inte bara en, <\/strong><a href=\"https:\/\/www.youtube.com\/watch?v=bs9g16bW37Q\"><strong>utan flera g\u00e5nger<\/strong><\/a><strong>.<\/strong><\/p>\n\n<p><strong>F\u00f6rdraget \u00e4r n\u00e4mligen s\u00e5 konstruerat att det ger industrin r\u00e4ttigheter medan stater bara har skyldigheter.<\/strong> Avtalet ger bolagen en helt laglig gr\u00e4ddfil att kringg\u00e5 nationella och europeiska domstolar och rikta skadest\u00e5ndskrav gentemot stater som vill driva p\u00e5 f\u00f6r en kraftfull och ambiti\u00f6s klimat- och energiomst\u00e4llning. Som medborgare har vi dock ingen insyn i eller p\u00e5verkan p\u00e5 dessa processer, och stater kan inte heller anv\u00e4nda dessa domstolsprocesser f\u00f6r att rikta krav mot bolagen f\u00f6r verksamheter som till exempel f\u00f6rorenar hav och luft eller accelererar klimatkrisen.<\/p>\n\n<p>Det senaste exemplet p\u00e5 hur f\u00f6rdraget till\u00e4mpats kunde vi se i b\u00f6rjan av februari d\u00e5 den tyska energigiganten <a href=\"https:\/\/caneurope.org\/german-energy-rwe-energy-charter-treaty-claims-netherlands\/\">RWE tillk\u00e4nnagav att de st\u00e4mmer Nederl\u00e4nderna<\/a> i en ISDS-process och <strong>kr\u00e4ver 1,4 miljarder Euro i ers\u00e4ttning.<\/strong> Anledningen till att de vill kompenseras \u00e4r att Nederl\u00e4nderna (efter en uppm\u00e4rksammad process d\u00e4r den nederl\u00e4ndska regeringen tvingats sk\u00e4rpa sina klimat\u00e5tg\u00e4rder) beslutat att avveckla sin kolkraft vilket g\u00f6r det olagligt att br\u00e4nna kol efter 2030.&nbsp;<\/p>\n\n<p><strong>\u00c4ven svenska Vattenfall har utnyttjat samma f\u00f6rdrag.<\/strong> <a href=\"https:\/\/www.svt.se\/nyheter\/inrikes\/vattenfall-stammer-tyskland\">Redan 2009 st\u00e4mde Vattenfall Tyskland och beg\u00e4rde 1,4 miljarder Euro f\u00f6r sk\u00e4rpta milj\u00f6standarder<\/a> som inf\u00f6rdes p\u00e5 det koleldade kraftverk Moorburg i Hamburg. \u00c4rendet avgjordes efter en f\u00f6rlikning d\u00e4r regionen gick med p\u00e5 att <a href=\"https:\/\/www.svd.se\/fiasko-for-vattenfalls-tyska-kraftverk-katastrofalt\">lindra milj\u00f6kraven f\u00f6r kraftverket<\/a>. Med andra ord anv\u00e4nde svensk statliga Vattenfall Energistadgef\u00f6rdraget f\u00f6r att urholka och f\u00f6rsvaga tysk klimatpolitik.<\/p>\n\n<p>Men detta \u00e4r inte det enda exemplet d\u00e4r statliga Vattenfall har utnyttjat Energistadgef\u00f6rdraget f\u00f6r att kr\u00e4va skadest\u00e5nd f\u00f6r en sk\u00e4rpt milj\u00f6politik. Efter k\u00e4rnkraftsolyckan i Fukushima i mars 2011 beslutade Tyskland att avveckla all sin k\u00e4rnkraft till 2022, ett beslut som \u201cdrabbade\u201d Vattenfall som hade k\u00e4rnkraftverk i landet. <a href=\"https:\/\/www.iisd.org\/publications\/german-nuclear-phase-out-put-test-international-investment-arbitration-background-new\">2012 inledde d\u00e4rf\u00f6r Vattenfall en process<\/a>, som alltj\u00e4mt p\u00e5g\u00e5r, d\u00e4r man kr\u00e4ver uppskattningsvis 700 miljoner Euro i skadest\u00e5nd f\u00f6r beslutet.<\/p>\n\n<p><strong>Men ocks\u00e5 svensk milj\u00f6politik hotas av f\u00f6rdraget. <\/strong>Det Australiensiska prospekteringsbolaget Aura Energy har hotat att st\u00e4mma Svenska staten i en ECT-process. Skadest\u00e5ndskravet uppgick n\u00e4r processen inleddes till <a href=\"https:\/\/www.svt.se\/nyheter\/lokalt\/jamtland\/sverige-kravs-pa-17-miljarder-for-forlorade-uraninkomster\">omkring 17 miljarder kronor<\/a>, en summa som i sig till och med \u00e4r <a href=\"https:\/\/www.naturskyddsforeningen.se\/nyheter\/ny-rapport-kontroversiellt-avtal-hot-mot-klimatpolitiken\">st\u00f6rre \u00e4n hela Sveriges \u00e5rliga klimat- och milj\u00f6budget<\/a>. Bakgrunden \u00e4r att Sveriges riksdag dessf\u00f6rinnan beslutat att sk\u00e4rpa sin milj\u00f6lagstiftning och <a href=\"https:\/\/www.riksdagen.se\/sv\/dokument-lagar\/arende\/betankande\/forbud-mot-utvinning-av-uran_H501NU13\">f\u00f6rbjuda utvinning av uran<\/a>.<\/p>\n\n<p><strong>Ska milj\u00f6- och klimatpolitik dikteras av enskilda bolag som prim\u00e4rt tj\u00e4nar sina aktie\u00e4gares intressen? Sj\u00e4lvklart inte. D\u00e4rf\u00f6r b\u00f6r Sverige tillsammans med v\u00e5ra nordiska grannar och andra EU-l\u00e4nder l\u00e4mna Energistadgef\u00f6rdraget.&nbsp;<\/strong><\/p>\n\n<p><strong>Den 2 mars inleds ett m\u00f6te f\u00f6r att \u201cmodernisera\u201d Energistadgef\u00f6rdraget.<\/strong> Problemet \u00e4r att denna process har p\u00e5g\u00e5tt v\u00e4ldigt l\u00e4nge utan resultat. EU har kr\u00e4vt en \u00e4ndring i f\u00f6rdraget s\u00e5 att fossilbolagens m\u00f6jlighet att st\u00e4mma l\u00e4nder tas bort. Men samtidigt f\u00f6resl\u00e5r de <a href=\"https:\/\/www.reuters.com\/article\/us-energy-eu-treaty-idUSKBN2AG1NT\">en tio\u00e5rsperiod innan detta ska ske<\/a> och dessutom kr\u00e4ver f\u00f6r\u00e4ndringar av detta slag konsensus av samtliga medlemsl\u00e4nder. Det \u00e4r uppenbart att f\u00f6rs\u00f6k att reformera f\u00f6rdraget inte kommer att leda till de f\u00f6r\u00e4ndringar som \u00e4r n\u00f6dv\u00e4ndiga. Det enda rimliga \u00e4r att \u00f6verge och begrava Energistadgef\u00f6rdraget helt och h\u00e5llet.<\/p>\n\n<p><strong>Du kan hj\u00e4lpa till: skriv under namninsamlingen f\u00f6r att avskaffa Energistadgef\u00f6rdraget!<\/strong><br><em>Namninsamlingen \u00e4r del av en gemensam kampanj mellan fler europeiska organisationer och gr\u00e4srotsr\u00f6relser, bland annat <a href=\"https:\/\/climatenetwork.org\/\">Climate Action Network.<\/a><\/em><\/p>\n<p><script id=\"proca\" src=\"https:\/\/widget.proca.foundation\/d\/greenpeace\/ect\/se\"><\/script><\/p>\n<div class=\"proca-widget\">\n<\/div>\n","protected":false},"excerpt":{"rendered":"<p>Det s\u00e5 kallade Energistadgef\u00f6rdraget (Energy Charter Treaty, ECT) \u00e4r ett handelsavtal som g\u00e5r tillbaka \u00e4nda till 1994. Det \u00e4r ett internationellt avtal som s\u00e4gs vilja utg\u00f6ra en multilateral ram f\u00f6r&hellip;<\/p>\n","protected":false},"author":28,"featured_media":46038,"comment_status":"closed","ping_status":"open","sticky":false,"template":"","format":"standard","meta":{"ep_exclude_from_search":false,"p4_og_title":"","p4_og_description":"","p4_og_image":"","p4_og_image_id":"","p4_seo_canonical_url":"","p4_campaign_name":"not set","p4_local_project":"not set","p4_basket_name":"not set","p4_department":"","footnotes":""},"categories":[45,2],"tags":[23,24,26,56,53],"p4-page-type":[16],"class_list":["post-46018","post","type-post","status-publish","format-standard","has-post-thumbnail","hentry","category-energi","category-klimat","tag-globaluppvarmning","tag-fossilenergi","tag-atomkraft","tag-hallbarainvesteringar","tag-svenskpolitik","p4-page-type-artiklar"],"_links":{"self":[{"href":"https:\/\/www.greenpeace.org\/sweden\/wp-json\/wp\/v2\/posts\/46018","targetHints":{"allow":["GET"]}}],"collection":[{"href":"https:\/\/www.greenpeace.org\/sweden\/wp-json\/wp\/v2\/posts"}],"about":[{"href":"https:\/\/www.greenpeace.org\/sweden\/wp-json\/wp\/v2\/types\/post"}],"author":[{"embeddable":true,"href":"https:\/\/www.greenpeace.org\/sweden\/wp-json\/wp\/v2\/users\/28"}],"replies":[{"embeddable":true,"href":"https:\/\/www.greenpeace.org\/sweden\/wp-json\/wp\/v2\/comments?post=46018"}],"version-history":[{"count":16,"href":"https:\/\/www.greenpeace.org\/sweden\/wp-json\/wp\/v2\/posts\/46018\/revisions"}],"predecessor-version":[{"id":54700,"href":"https:\/\/www.greenpeace.org\/sweden\/wp-json\/wp\/v2\/posts\/46018\/revisions\/54700"}],"wp:featuredmedia":[{"embeddable":true,"href":"https:\/\/www.greenpeace.org\/sweden\/wp-json\/wp\/v2\/media\/46038"}],"wp:attachment":[{"href":"https:\/\/www.greenpeace.org\/sweden\/wp-json\/wp\/v2\/media?parent=46018"}],"wp:term":[{"taxonomy":"category","embeddable":true,"href":"https:\/\/www.greenpeace.org\/sweden\/wp-json\/wp\/v2\/categories?post=46018"},{"taxonomy":"post_tag","embeddable":true,"href":"https:\/\/www.greenpeace.org\/sweden\/wp-json\/wp\/v2\/tags?post=46018"},{"taxonomy":"p4-page-type","embeddable":true,"href":"https:\/\/www.greenpeace.org\/sweden\/wp-json\/wp\/v2\/p4-page-type?post=46018"}],"curies":[{"name":"wp","href":"https:\/\/api.w.org\/{rel}","templated":true}]}}