{"id":46059,"date":"2021-02-26T15:20:02","date_gmt":"2021-02-26T14:20:02","guid":{"rendered":"https:\/\/www.greenpeace.org\/sweden\/?p=46059"},"modified":"2024-08-26T15:16:59","modified_gmt":"2024-08-26T14:16:59","slug":"fn-manar-till-hogre-klimatambitioner-efter-en-forsta-sammanstallning-av-nationella-atagande-under-parisavtalet-publiceras","status":"publish","type":"post","link":"https:\/\/www.greenpeace.org\/sweden\/pressmeddelanden\/klimat\/fn-manar-till-hogre-klimatambitioner-efter-en-forsta-sammanstallning-av-nationella-atagande-under-parisavtalet-publiceras\/","title":{"rendered":"FN manar till h\u00f6gre klimatambitioner efter en f\u00f6rsta sammanst\u00e4llning av nationella \u00e5tagande under Parisavtalet publiceras."},"content":{"rendered":"\n<p>Idag presenterade FN:s klimatsekretariat (UNFCCC) en bitvis sammanst\u00e4llning av de nationella bidragen f\u00f6r att n\u00e5 Parisavtalet, som de flesta l\u00e4nder skickade in i slutet p\u00e5 f\u00f6rra \u00e5ret. Tv\u00e5 stora l\u00e4nder har dock \u00e4nnu inte skickat in sina strategier: USA och Kina. USA f\u00f6rv\u00e4ntas presentera sina \u00e5taganden i april. Sammanst\u00e4llningen visar att <a href=\"https:\/\/unfccc.int\/news\/greater-climate-ambition-urged-as-initial-ndc-synthesis-report-is-published\">v\u00e4rldens l\u00e4nder \u00e4r l\u00e5ngt ifr\u00e5n den ambitionsniv\u00e5 som kr\u00e4vs<\/a> f\u00f6r att n\u00e5 Parisavtalets m\u00e5l om att begr\u00e4nsa den globala uppv\u00e4rmningen.<\/p>\n\n<p>\u2013 Dagens rapport fr\u00e5n UNFCC \u00e4r en \u201cred alert\u201d f\u00f6r v\u00e5r planet. Den visar att regeringens ambitionsniv\u00e5 inte \u00e4r i n\u00e4rheten av vad som beh\u00f6vs f\u00f6r att begr\u00e4nsa den globala uppv\u00e4rmningen till 1,5 grader och n\u00e5 Parisavtalets m\u00e5l, sa <strong>FN:s generalsekreterare Ant\u00f3nio Guterres<\/strong>.\u00a0<\/p>\n\n<p><strong>Jennifer Morgan, internationell generalsekreterare f\u00f6r Greenpeace <\/strong>ser ocks\u00e5 oroande p\u00e5 regeringarnas bidrag:<\/p>\n\n<p>\u2013 UNFCCC:s sammanst\u00e4llning \u00e4r tydlig: just nu n\u00e5r vi inte Parisavtalets m\u00e5l, vi \u00e4r p\u00e5 v\u00e4g mot en klimatkatastrof. Som det ser ut nu \u00e4r regeringarnas \u00e5taganden l\u00e5ngt ifr\u00e5n tillr\u00e4ckliga och ger bara en enprocentig utsl\u00e4ppsminskning till 2030 vilket helt missar 1,5-gradersm\u00e5let. Regeringar m\u00e5ste erk\u00e4nna planetens accelererande n\u00f6dl\u00e4ge och komma ih\u00e5g de l\u00f6ften de gav i Paris och leverera mycket h\u00f6gre ambitioner, det \u00e4r inte f\u00f6rsent att r\u00e4dda v\u00e5r framtid.<\/p>\n\n<p><a href=\"https:\/\/www.government.se\/press-releases\/2020\/12\/sweden-submits-long-term-climate-strategy-to-un\/\">Sverige skickade in sin strategi i slutet p\u00e5 f\u00f6rra \u00e5ret.<\/a> I samma anda som regeringens \u00f6vriga klimatarbete ligger stort fokus p\u00e5 bioenergi och planer p\u00e5 storskalig koldioxidinf\u00e5ngning.\u00a0<\/p>\n\n<p>Som Greenpeace tidigare kunnat visa har <a href=\"https:\/\/www.greenpeace.org\/sweden\/pressmeddelanden\/45651\/sveriges-vaxthusgasutslapp-kvar-pa-1990-ars-niva\/\">utsl\u00e4ppen fr\u00e5n biomassa \u00f6kat s\u00e5 pass mycket<\/a> att Sveriges faktiska utsl\u00e4pp (bortr\u00e4knat konsumtion och inrikes transporter) inte minskat sedan 1990 &#8211; de har bara bytts ut.<\/p>\n\n<p>\u2013 Regeringen tilltro till bioenergi som l\u00f6sning p\u00e5 klimatproblematiken \u00e4r mycket oroande. Det \u00e4r kreativ bokf\u00f6ring d\u00e4r vi bara byter utsl\u00e4ppsk\u00e4lla. Klimatet g\u00f6r ingen skillnad p\u00e5 koldioxid fr\u00e5n olja och koldioxid fr\u00e5n skog. All politik m\u00e5ste utg\u00e5 fr\u00e5n vad vi m\u00e4nniskor och de livsuppr\u00e4tth\u00e5llande ekosystem vi \u00e4r beroende av beh\u00f6ver. B\u00f6rjar vi inte d\u00e4r blir det fel. Det kr\u00e4vs b\u00e5de klarsyn och stort mod att v\u00e5ga ta de tuffa beslut krisl\u00e4get kr\u00e4ver. \u00a0S\u00e4ger <strong>Isadora Wronski, sverigechef p\u00e5 Greenpeace.<\/strong><\/p>\n\n<p><strong>Kontakt<\/strong><\/p>\n\n<p><strong>Markus Mattisson<\/strong><br>Kommunikationsansvarig<br>070 397 66 72<br>markus.mattisson@greenpeace.org<\/p>\n\n<p><\/p>\n","protected":false},"excerpt":{"rendered":"<p>Idag presenterade FN (UNFCCC) en bitvis sammanst\u00e4llning av de nationella bidragen f\u00f6r att n\u00e5 Parisavtalet, som de flesta l\u00e4nder skickade in i slutet p\u00e5 f\u00f6rra \u00e5ret. Tv\u00e5 stora l\u00e4nder har&hellip;<\/p>\n","protected":false},"author":38,"featured_media":2982,"comment_status":"open","ping_status":"open","sticky":false,"template":"","format":"standard","meta":{"ep_exclude_from_search":false,"p4_og_title":"","p4_og_description":"","p4_og_image":"","p4_og_image_id":"","p4_seo_canonical_url":"","p4_campaign_name":"not set","p4_local_project":"not set","p4_basket_name":"not set","p4_department":"","footnotes":""},"categories":[2],"tags":[23,67,54],"p4-page-type":[14],"class_list":["post-46059","post","type-post","status-publish","format-standard","has-post-thumbnail","hentry","category-klimat","tag-globaluppvarmning","tag-bioenergi","tag-parisavtalet","p4-page-type-pressmeddelanden"],"_links":{"self":[{"href":"https:\/\/www.greenpeace.org\/sweden\/wp-json\/wp\/v2\/posts\/46059","targetHints":{"allow":["GET"]}}],"collection":[{"href":"https:\/\/www.greenpeace.org\/sweden\/wp-json\/wp\/v2\/posts"}],"about":[{"href":"https:\/\/www.greenpeace.org\/sweden\/wp-json\/wp\/v2\/types\/post"}],"author":[{"embeddable":true,"href":"https:\/\/www.greenpeace.org\/sweden\/wp-json\/wp\/v2\/users\/38"}],"replies":[{"embeddable":true,"href":"https:\/\/www.greenpeace.org\/sweden\/wp-json\/wp\/v2\/comments?post=46059"}],"version-history":[{"count":4,"href":"https:\/\/www.greenpeace.org\/sweden\/wp-json\/wp\/v2\/posts\/46059\/revisions"}],"predecessor-version":[{"id":46064,"href":"https:\/\/www.greenpeace.org\/sweden\/wp-json\/wp\/v2\/posts\/46059\/revisions\/46064"}],"wp:featuredmedia":[{"embeddable":true,"href":"https:\/\/www.greenpeace.org\/sweden\/wp-json\/wp\/v2\/media\/2982"}],"wp:attachment":[{"href":"https:\/\/www.greenpeace.org\/sweden\/wp-json\/wp\/v2\/media?parent=46059"}],"wp:term":[{"taxonomy":"category","embeddable":true,"href":"https:\/\/www.greenpeace.org\/sweden\/wp-json\/wp\/v2\/categories?post=46059"},{"taxonomy":"post_tag","embeddable":true,"href":"https:\/\/www.greenpeace.org\/sweden\/wp-json\/wp\/v2\/tags?post=46059"},{"taxonomy":"p4-page-type","embeddable":true,"href":"https:\/\/www.greenpeace.org\/sweden\/wp-json\/wp\/v2\/p4-page-type?post=46059"}],"curies":[{"name":"wp","href":"https:\/\/api.w.org\/{rel}","templated":true}]}}