{"id":46233,"date":"2021-03-12T10:06:00","date_gmt":"2021-03-12T09:06:00","guid":{"rendered":"https:\/\/www.greenpeace.org\/sweden\/?p=46233"},"modified":"2023-02-23T10:58:34","modified_gmt":"2023-02-23T09:58:34","slug":"greenpeace-i-nytt-samarbete-med-fryshuset-for-att-stotta-ungas-klimatengagemang","status":"publish","type":"post","link":"https:\/\/www.greenpeace.org\/sweden\/pressmeddelanden\/klimat\/greenpeace-i-nytt-samarbete-med-fryshuset-for-att-stotta-ungas-klimatengagemang\/","title":{"rendered":"Greenpeace i nytt samarbete med Fryshuset f\u00f6r att st\u00f6tta ungas klimatengagemang"},"content":{"rendered":"\n<p><strong>I ett unikt samarbete p\u00e5b\u00f6rjar nu Greenpeace i Sverige, Afrika och Ungern ett projekt tillsammansmed stiftelsen <a href=\"https:\/\/fryshuset.se\/nyhet\/fryshuset-och-greenpeace-i-samarbete-for-att-stotta-ungas-klimatengagemang\" target=\"_blank\" rel=\"noreferrer noopener\">Fryshuset<\/a>. Projektet, som g\u00e5r under namnet Climate Changemakerspaces och m\u00f6jligg\u00f6rs med st\u00f6d fr\u00e5n Svenska Postkodlotteriet, kommer tillhandah\u00e5lla fysiska och digitala m\u00f6tesplatser och skapa nya n\u00e4tverksplattformar f\u00f6r att st\u00f6tta unga i deras engagemang f\u00f6r planeten<\/strong>.<\/p>\n\n<figure class=\"wp-block-image size-large  caption-style-medium caption-alignment-center\"><img loading=\"lazy\" decoding=\"async\" width=\"800\" height=\"533\" src=\"https:\/\/www.greenpeace.org\/static\/planet4-sweden-stateless\/2021\/03\/9485ea91-gp0sttzkl_web_size_with_credit_line.jpg\" title=\"As a back-end developer you form part of the movement\" alt=\"Miljontals m\u00e4nniskor, m\u00e5nga av dom unga, demonstrerar v\u00e4rlden \u00f6ver och kr\u00e4ver politisk handling f\u00f6r att m\u00f6ta klimatkrisen. Bilden \u00e4r fr\u00e5n en demonstration i Kapstaden 2019. (C) Fixerfilm\/Greenpeace\" class=\"wp-image-46234\" srcset=\"https:\/\/www.greenpeace.org\/static\/planet4-sweden-stateless\/2021\/03\/9485ea91-gp0sttzkl_web_size_with_credit_line.jpg 800w, https:\/\/www.greenpeace.org\/static\/planet4-sweden-stateless\/2021\/03\/9485ea91-gp0sttzkl_web_size_with_credit_line-300x200.jpg 300w, https:\/\/www.greenpeace.org\/static\/planet4-sweden-stateless\/2021\/03\/9485ea91-gp0sttzkl_web_size_with_credit_line-768x512.jpg 768w, https:\/\/www.greenpeace.org\/static\/planet4-sweden-stateless\/2021\/03\/9485ea91-gp0sttzkl_web_size_with_credit_line-510x340.jpg 510w\" sizes=\"auto, (max-width: 800px) 100vw, 800px\" \/><figcaption class=\"wp-element-caption\">Miljontals m\u00e4nniskor, m\u00e5nga av dom unga, demonstrerar v\u00e4rlden \u00f6ver och kr\u00e4ver politisk handling f\u00f6r att m\u00f6ta klimatkrisen. Bilden \u00e4r fr\u00e5n en demonstration i Kapstaden 2019.<\/figcaption><\/figure>\n\n<p>Klimatfr\u00e5gan \u00e4r global, men f\u00f6ruts\u00e4ttningarna f\u00f6r ungas engagemang skiljer sig stort \u00e5t mellan olika delar av v\u00e4rlden. Inom projektet kommer det skapas nya fysiska m\u00f6tesplatser f\u00f6r unga som vill engagera sig i att skapa f\u00f6r\u00e4ndring i klimat- och milj\u00f6fr\u00e5gan i sex olika l\u00e4nder; Sverige, Ungern, Armenien, Kenya, Sydafrika och Kamerun. I dessa l\u00e4nder finns redan ett stort klimatengagemang bland m\u00e5nga unga och genom detta projekt kommer det skapas mer j\u00e4mlika f\u00f6ruts\u00e4ttningar f\u00f6r att kanalisera detta engagemang. Projektet kommer ocks\u00e5 m\u00f6jligg\u00f6ra nya internationella samarbete och underl\u00e4tta utbyte av viktiga erfarenheter och kunskap mellan klimatengagerade ungdomar fr\u00e5n olika delar av v\u00e4rlden.&nbsp;<\/p>\n\n<p><strong><em>\u2013 <\/em><\/strong>Vi befinner oss i ett planet\u00e4rt n\u00f6dl\u00e4ge, och det \u00e4r nu det avg\u00f6rs hur v\u00e5r framtid blir. Det h\u00e4r projektet kommer st\u00e4rka ungas f\u00f6ruts\u00e4ttningar att f\u00f6r\u00e4ndra v\u00e4rldsutvecklingen genom att engagera sig i fr\u00e5gor som de brinner f\u00f6r,<strong><em> <\/em><\/strong>s\u00e4ger <strong>Isadora Wronski, Sverigechef p\u00e5 Greenpeace<\/strong>.&nbsp;<\/p>\n\n<p>Samarbetet med Fryshuset g\u00f6r att vi fr\u00e5n Greenpeace sida kommer att kunna n\u00e5 fler ungdomar fr\u00e5n en bredare grupp, som vi i dagsl\u00e4get ibland har sv\u00e5rt att n\u00e5 i v\u00e5ra kanaler. Projektet vill lyfta fram en bred representation av f\u00f6rebilder och aktivt s\u00f6ka upp och engagera unga som vanligtvis inte syns i eller kanske till och med inte k\u00e4nner sig v\u00e4lkomna i klimatr\u00f6relsen. B\u00e5de vi p\u00e5 Greenpeace och Fryshuset har en stark en tro p\u00e5 samarbete och ungas f\u00f6rm\u00e5ga att skapa f\u00f6r\u00e4ndring.<\/p>\n\n<p><strong><em>\u2013<\/em><\/strong> Vi har sett att milj\u00f6- och klimatfr\u00e5gan \u00e4r en av de viktigaste fr\u00e5gorna f\u00f6r unga. Det h\u00e4r projektet \u00f6kar kraftigt m\u00f6jligheten och st\u00e4rker kapaciteten f\u00f6r unga att l\u00e5ta sin oro, passion och engagemang f\u00f6r fr\u00e5gan bli konkret handling,<strong><em> <\/em><\/strong>s\u00e4ger <strong>Johan Oljeqvist, VD p\u00e5 Fryshuset<\/strong>.<\/p>\n\n<p>Hur vi m\u00e4nniskor v\u00e4ljer att agera under detta kritiska decennium kommer avg\u00f6ra om vi klarar att stabilisera klimatet och de livsuppr\u00e4tth\u00e5llande ekosystemen som vi alla \u00e4r beroende av. Den p\u00e5g\u00e5ende pandemin har f\u00f6r\u00e4ndrat f\u00f6ruts\u00e4ttningarna f\u00f6r klimat- och milj\u00f6engagemang. De stora fredliga demonstrationer och omst\u00e4llningsprojekt som satte klimatfr\u00e5gan i ett globalt fokus och som till stor del drevs av unga blev helt pl\u00f6tsligt om\u00f6jliga. Men de planet\u00e4ra kriserna tar inte paus och det \u00e4r nu viktigare \u00e4n n\u00e5gonsin att kunna forts\u00e4tta arbetet med att f\u00f6r\u00e4ndra v\u00e5ra samh\u00e4llssystem i grunden f\u00f6r att m\u00f6ta dessa. Pandemin har visat hur viktigt det \u00e4r att hitta nya arbetss\u00e4tt och strukturer f\u00f6r samarbete. Projektet <strong>Climate Changemakerspaces <\/strong>handlar om att involvera och st\u00f6dja fler unga i digital och global aktivism och m\u00f6jligg\u00f6ra att vi tillsammans kan bygga praktiska och h\u00e5llbara l\u00f6sningar p\u00e5 lokal niv\u00e5.<strong>&nbsp;<\/strong><\/p>\n\n<p><strong><em>\u2013 <\/em><\/strong>Ungas engagemang i klimatfr\u00e5gan \u00e4r ov\u00e4rderligt \u2013 de ska \u00e4rva jordklotet och d\u00e4rmed \u00e4r deras inflytande viktigt! Tack vare alla som \u00e4r med i Postkodlotteriet kan vi m\u00f6jligg\u00f6ra det h\u00e4r unika och viktiga samarbetet mellan Fryshuset och Greenpeace,<strong><em> <\/em><\/strong>s\u00e4ger <strong>Postkodlotteriets Managing Director<\/strong>, <strong>Eva Struving<\/strong>.<\/p>\n\n<p><strong>Kontakt:<\/strong><br><br><strong>Isadora Wronski<\/strong>, Sverigechef p\u00e5 Greenpeace<br>070 301 25 34, isadora.wronski@greenpeace.org<br><br><strong>Carin Balfe Arbman<\/strong>, kommunikationschef, Fryshuset <br>070-633 35 08, carin.balfe-arbman@fryshuset.se<\/p>\n\t\t\t<section\n\t\t\tclass=\"boxout post-4550 \"\n\t\t\t\n\t\t>\n\t\t\t<a\n\t\t\t\tdata-ga-category=\"Take Action Boxout\"\n\t\t\t\tdata-ga-action=\"Image\"\n\t\t\t\tdata-ga-label=\"n\/a\"\n\t\t\t\tclass=\"cover-card-overlay\"\n\t\t\t\thref=\"https:\/\/www.greenpeace.org\/sweden\/agera\/klimatkrisen\/\" \n\t\t\t><\/a>\n\t\t\t\t\t\t\t<img\n\t\t\t\t\t\tsrc=\"https:\/\/www.greenpeace.org\/static\/planet4-sweden-stateless\/2023\/08\/570cb4b0-gp0stxarj_web_size.jpg\"\n\t\t\t\t\t\tsrcset=\"https:\/\/www.greenpeace.org\/static\/planet4-sweden-stateless\/2023\/08\/570cb4b0-gp0stxarj_web_size-300x214.jpg 300w, https:\/\/www.greenpeace.org\/static\/planet4-sweden-stateless\/2023\/08\/570cb4b0-gp0stxarj_web_size-768x548.jpg 768w, https:\/\/www.greenpeace.org\/static\/planet4-sweden-stateless\/2023\/08\/570cb4b0-gp0stxarj_web_size-476x340.jpg 476w, https:\/\/www.greenpeace.org\/static\/planet4-sweden-stateless\/2023\/08\/570cb4b0-gp0stxarj_web_size.jpg 800w\"\n\t\t\t\t\t\tsizes=\"(min-width: 1000px) 358px, (min-width: 780px) 313px, 88px\"\n\t\t\t\t\t\talt=\"\u00d6vervsv\u00e4mningar i Slovenien. Augusti 2023.\" title=\"\u00d6vervsv\u00e4mningar i Slovenien. Augusti 2023.\"\n\t\t\t\t\/>\n            \t\t\t<div class=\"boxout-content\">\n\t\t\t\t\t\t\t\t\t<a\n\t\t\t\t\t\tclass=\"boxout-heading medium\"\n\t\t\t\t\t\tdata-ga-category=\"Take Action Boxout\"\n\t\t\t\t\t\tdata-ga-action=\"Title\"\n\t\t\t\t\t\tdata-ga-label=\"n\/a\"\n\t\t\t\t\t\thref=\"https:\/\/www.greenpeace.org\/sweden\/agera\/klimatkrisen\/\"\n\t\t\t\t\t\t\n\t\t\t\t\t>\n\t\t\t\t\t\tKlimatkrisen &#8211; kr\u00e4v att politikerna agerar!\n\t\t\t\t\t<\/a>\n\t\t\t\t\t\t\t\t\t\t\t\t\t<p class=\"boxout-excerpt\">Kr\u00e4v att v\u00e4rldens ledare agerar mot klimatkrisen. Forskningen \u00e4r tydlig \u2013 vi m\u00e5ste sluta investera i det som f\u00f6rst\u00f6r v\u00e5r planet. G\u00f6r din r\u00f6st h\u00f6rd och kr\u00e4v en politik f\u00f6r framtiden!<\/p>\n\t\t\t\t                                    <a\n                        class=\"btn btn-primary\"\n                        data-ga-category=\"Take Action Boxout\"\n                        data-ga-action=\"Call to Action\"\n                        data-ga-label=\"n\/a\"\n                        href=\"https:\/\/www.greenpeace.org\/sweden\/agera\/klimatkrisen\/\"\n                        \n                    >\n                        Engagera dig\n                    <\/a>\n                \t\t\t<\/div>\n\t\t\t\t\t<\/section>\n\t","protected":false},"excerpt":{"rendered":"<p>I ett unikt samarbete p\u00e5b\u00f6rjar nu Greenpeace i Sverige, Afrika och Ungern ett projekt tillsammansmed stiftelsen Fryshuset. Projektet &#8211; Climate Changemakerspaces &#8211; m\u00f6jligg\u00f6rs med st\u00f6d av Svenska Postkodlotteriet och kommer tillhandah\u00e5lla fysiska och digitala m\u00f6tesplatser och skapa nya n\u00e4tverksplattformar f\u00f6r att st\u00f6tta ungas klimatengagemang.<\/p>\n","protected":false},"author":40,"featured_media":46234,"comment_status":"open","ping_status":"open","sticky":false,"template":"","format":"standard","meta":{"ep_exclude_from_search":false,"p4_og_title":"","p4_og_description":"","p4_og_image":"","p4_og_image_id":"","p4_seo_canonical_url":"","p4_campaign_name":"not set","p4_local_project":"not set","p4_basket_name":"not set","p4_department":"","footnotes":""},"categories":[2],"tags":[23,31],"p4-page-type":[14],"class_list":["post-46233","post","type-post","status-publish","format-standard","has-post-thumbnail","hentry","category-klimat","tag-globaluppvarmning","tag-aktivism","p4-page-type-pressmeddelanden"],"_links":{"self":[{"href":"https:\/\/www.greenpeace.org\/sweden\/wp-json\/wp\/v2\/posts\/46233","targetHints":{"allow":["GET"]}}],"collection":[{"href":"https:\/\/www.greenpeace.org\/sweden\/wp-json\/wp\/v2\/posts"}],"about":[{"href":"https:\/\/www.greenpeace.org\/sweden\/wp-json\/wp\/v2\/types\/post"}],"author":[{"embeddable":true,"href":"https:\/\/www.greenpeace.org\/sweden\/wp-json\/wp\/v2\/users\/40"}],"replies":[{"embeddable":true,"href":"https:\/\/www.greenpeace.org\/sweden\/wp-json\/wp\/v2\/comments?post=46233"}],"version-history":[{"count":10,"href":"https:\/\/www.greenpeace.org\/sweden\/wp-json\/wp\/v2\/posts\/46233\/revisions"}],"predecessor-version":[{"id":55237,"href":"https:\/\/www.greenpeace.org\/sweden\/wp-json\/wp\/v2\/posts\/46233\/revisions\/55237"}],"wp:featuredmedia":[{"embeddable":true,"href":"https:\/\/www.greenpeace.org\/sweden\/wp-json\/wp\/v2\/media\/46234"}],"wp:attachment":[{"href":"https:\/\/www.greenpeace.org\/sweden\/wp-json\/wp\/v2\/media?parent=46233"}],"wp:term":[{"taxonomy":"category","embeddable":true,"href":"https:\/\/www.greenpeace.org\/sweden\/wp-json\/wp\/v2\/categories?post=46233"},{"taxonomy":"post_tag","embeddable":true,"href":"https:\/\/www.greenpeace.org\/sweden\/wp-json\/wp\/v2\/tags?post=46233"},{"taxonomy":"p4-page-type","embeddable":true,"href":"https:\/\/www.greenpeace.org\/sweden\/wp-json\/wp\/v2\/p4-page-type?post=46233"}],"curies":[{"name":"wp","href":"https:\/\/api.w.org\/{rel}","templated":true}]}}