{"id":46245,"date":"2021-03-11T14:55:00","date_gmt":"2021-03-11T13:55:00","guid":{"rendered":"https:\/\/www.greenpeace.org\/sweden\/?p=46245"},"modified":"2023-02-17T10:04:43","modified_gmt":"2023-02-17T09:04:43","slug":"hajar-3-fakta-om-havets-mest-missforstadda-rovdjur","status":"publish","type":"post","link":"https:\/\/www.greenpeace.org\/sweden\/artiklar\/hav\/hajar-3-fakta-om-havets-mest-missforstadda-rovdjur\/","title":{"rendered":"Hajar: 3 fakta om havets mest missf\u00f6rst\u00e5dda rovdjur"},"content":{"rendered":"\n<figure class=\"wp-block-image size-full caption-style-medium caption-alignment-center\"><img loading=\"lazy\" decoding=\"async\" width=\"800\" height=\"533\" src=\"https:\/\/www.greenpeace.org\/static\/planet4-sweden-stateless\/2021\/03\/48a35f08-gp0stunhu_web_size.jpg\" alt=\"\" class=\"wp-image-46248\" srcset=\"https:\/\/www.greenpeace.org\/static\/planet4-sweden-stateless\/2021\/03\/48a35f08-gp0stunhu_web_size.jpg 800w, https:\/\/www.greenpeace.org\/static\/planet4-sweden-stateless\/2021\/03\/48a35f08-gp0stunhu_web_size-300x200.jpg 300w, https:\/\/www.greenpeace.org\/static\/planet4-sweden-stateless\/2021\/03\/48a35f08-gp0stunhu_web_size-768x512.jpg 768w, https:\/\/www.greenpeace.org\/static\/planet4-sweden-stateless\/2021\/03\/48a35f08-gp0stunhu_web_size-510x340.jpg 510w\" sizes=\"auto, (max-width: 800px) 100vw, 800px\" \/><\/figure>\n\n<h3 class=\"wp-block-heading\">Hajar beskrivs ofta som h\u00e4nsynsl\u00f6sa rovdjur och en fara f\u00f6r m\u00e4nniskor. Men faktum \u00e4r att vi m\u00e4nniskor utg\u00f6r ett betydligt st\u00f6rre hot mot hajar. Hajar har simmat i v\u00e4rldens hav sedan tiden innan dinosaurer och de spelar en avg\u00f6rande roll i att bevara havens livsviktiga ekosystem. <br>H\u00e4r \u00e4r tre viktiga fakta om havens okr\u00f6nta hj\u00e4ltar: hajarna.&nbsp;<\/h3>\n\n<h3 class=\"wp-block-heading\">1. <strong>Hajar h\u00e5ller haven i balans<\/strong><\/h3>\n\n<p>Hajen \u00e4r verkligen havens hj\u00e4lte. Eftersom hajen \u00e4r ett topprovdjur, allts\u00e5 h\u00f6gst upp i n\u00e4ringskedjan, och \u00e4ter mindre fiskar, s\u00e5 spelar den en ov\u00e4rderlig roll i att bevara balansen i havens ekosystem. Om ett st\u00f6rre antal av dessa rovdjur f\u00f6rsvinner s\u00e5 kan populationen av andra fiskarter explodera. Och en s\u00e5n f\u00f6r\u00e4ndring kan ske fort \u2013 n\u00e4r fiskar som tidigare blivit f\u00f6da \u00e5t hajar f\u00e5r utrymme att f\u00f6r\u00f6ka sig obehindrat, f\u00f6rsvinner andra djur och v\u00e4xter som i sin tur utg\u00f6r deras f\u00f6da. Vilket leder till att havens ekosystem hamnar helt ur balans.&nbsp;<\/p>\n\n<h3 class=\"wp-block-heading\">2. <strong>Flera arter av hajar \u00e4r redan utrotningshotade<\/strong><\/h3>\n\n<p>De flesta hajar f\u00f6r\u00f6kar sig l\u00e5ngsamt och det tar tid innan de v\u00e4xer i antal \u2013 det \u00e4r f\u00f6rst n\u00e4r en haj blivit 10-15 \u00e5r som den f\u00e5r sin f\u00f6rsta avkomma. Och f\u00f6r vissa arter tar det allt fr\u00e5n n\u00e5gra m\u00e5nader upp till ett \u00e5r innan f\u00f6dseln.&nbsp;<\/p>\n\n<p>P\u00e5 grund av \u00f6verfiske och destruktiva fiskemetoder har hajpopulationerna minskat kraftigt i haven. Vithaj, hammarhaj och sillhaj \u00e4r n\u00e5gra av de arter som numera \u00e4r listade som hotade. Enligt <a href=\"https:\/\/www.nationalgeographic.com\/animals\/article\/oceanic-sharks-and-rays-collapsed-by-seventy-percent\">en omfattande studie publicerad i januari<\/a> har hajpopulationerna i v\u00e4rldshaven minskat med hela 70 procent de senaste femtio \u00e5ren. Om det forts\u00e4tter i samma takt riskerar flera arter helt att f\u00f6rsvinna inom bara 10-20 \u00e5r. Idag riskerar hela <a href=\"https:\/\/www.worldwildlife.org\/species\/shark\">43,5 procent av de hajarter<\/a> som lever i haven att utrotas.&nbsp;<\/p>\n\n<h3 class=\"wp-block-heading\">3. <strong>Hajens st\u00f6rsta hot \u00e4r m\u00e4nniskan&nbsp;<\/strong><\/h3>\n\n<p><a href=\"https:\/\/www.greenpeace.org\/static\/planet4-international-stateless\/2019\/06\/34bc366c-sharks-under-attack-greenpeace-2019.pdf\">Miljontals hajar d\u00f6das varje \u00e5r<\/a> p\u00e5 grund av oh\u00e5llbart industriellt \u00f6verfiske. De destruktiva metoderna som anv\u00e4nds har katastrofala konsekvenser f\u00f6r livet i haven och hajarna. Industriella fiskefartyg anv\u00e4nder till exempel l\u00e5nglinor som kan vara upp till 100 kilometer l\u00e5nga och ha s\u00e5 m\u00e5nga som 10 000 krokar, som f\u00e5ngar massvis med hajar som bif\u00e5ngst (oftast betydligt fler \u00e4n fisken de egentligen \u00e4r \u00e4mnad f\u00f6r att f\u00e5nga).<\/p>\n\n<p>\u00c4ven om den huvudsakliga f\u00e5ngsten \u00e4r annan fisk som till exempel tonfisk, s\u00e5 har dessa krokar f\u00f6r\u00f6dande konsekvenser f\u00f6r de hajar, havsk\u00f6ldpaddor och f\u00e5glar som lever i och kring v\u00e5ra v\u00e4rldshav. <a href=\"https:\/\/sv.wikipedia.org\/wiki\/Tr%C3%A5l\">Tr\u00e5larnas enorma strutformade n\u00e4t<\/a> som sl\u00e4pas efter fartygen f\u00e5ngar ocks\u00e5 hajar. Drivn\u00e4t \u00e4r det v\u00e4rsta av dem alla, och f\u00e5r med sig allt fr\u00e5n valar, delfiner och sk\u00f6ldpaddor. Man uppskattar att miljoner ton av hajar f\u00e5ngas \u00e5rligen som bif\u00e5ngst.&nbsp;<\/p>\n\n<figure class=\"wp-block-image size-large caption-style-medium caption-alignment-center\"><img loading=\"lazy\" decoding=\"async\" width=\"800\" height=\"533\" src=\"https:\/\/www.greenpeace.org\/static\/planet4-sweden-stateless\/2021\/03\/067e251b-gp0stu6aa_web_size.jpg\" alt=\"\" class=\"wp-image-46247\" srcset=\"https:\/\/www.greenpeace.org\/static\/planet4-sweden-stateless\/2021\/03\/067e251b-gp0stu6aa_web_size.jpg 800w, https:\/\/www.greenpeace.org\/static\/planet4-sweden-stateless\/2021\/03\/067e251b-gp0stu6aa_web_size-300x200.jpg 300w, https:\/\/www.greenpeace.org\/static\/planet4-sweden-stateless\/2021\/03\/067e251b-gp0stu6aa_web_size-768x512.jpg 768w, https:\/\/www.greenpeace.org\/static\/planet4-sweden-stateless\/2021\/03\/067e251b-gp0stu6aa_web_size-510x340.jpg 510w\" sizes=\"auto, (max-width: 800px) 100vw, 800px\" \/><\/figure>\n\n<h3 class=\"wp-block-heading\"><strong>H\u00e4lsosamma och friska hav beh\u00f6ver hajar<\/strong><\/h3>\n\n<p>Marina ekosystem \u00e4r k\u00e4nsliga och deras balans riskerar att rubbas om hajarna f\u00f6rsvinner. <a href=\"https:\/\/news.yahoo.com\/greenpeace-sounds-alarm-over-shark-overfishing-north-atlantic-224404791.html?guccounter=1&amp;guce_referrer=aHR0cHM6Ly93d3cuZ3JlZW5wZWFjZS5vcmcv&amp;guce_referrer_sig=AQAAAL3dq4M8GGqTVXP7xqk_QBZBt5Kni6eV10OJ-0kpXDPzB0ZXc02SL8HDDQDsufHxG_VAjzChAz7Omjpn-VTWHDiGhIDsu2VgAsQxIIhWBx6Kega7htPz1pULRHxtGnKM17TDzxNEF6_JYqookrgyzUsAsP3dQR57rXrAUM65hyMc\">Tusentals utrotningshotade hajar d\u00f6das i Nordatlanten varje \u00e5r<\/a>, detta p\u00e5 grund av att v\u00e4rldshaven inte \u00e4r tillr\u00e4ckligt skyddade fr\u00e5n de f\u00f6r\u00f6dande effekterna av \u00f6verfiske. Just nu genomf\u00f6r Greenpeace en expedition i den Indiska Oceanen f\u00f6r att unders\u00f6ka och kartl\u00e4gga tillst\u00e5ndet i havet.&nbsp;<\/p>\n\n<p>Just nu finns det inget tillr\u00e4ckligt skydd p\u00e5 internationellt vatten n\u00e4r det g\u00e4ller destruktiv m\u00e4nsklig aktivitet. I dagsl\u00e4get \u00e4r mindre \u00e4n 2 procent av haven skyddade. F\u00f6r att livet i haven ska kunna \u00e5terh\u00e4mta sig beh\u00f6ver vi ett starkt globalt havsavtal som kan uppr\u00e4tta marina skyddade omr\u00e5den inom de mest k\u00e4nsliga och utsatta delarna av v\u00e4rldshaven. Forskare har konstaterat att vi m\u00e5ste skydda <a href=\"https:\/\/www.greenpeace.org\/static\/planet4-international-stateless\/2019\/04\/4475b2c2-updatedgreenpeace_30x30_blueprint_report_web.pdf\">30 procent av v\u00e4rldshaven innan 2030<\/a> f\u00f6r att haven ska kunna \u00e5terh\u00e4mta sig.&nbsp;<\/p>\n\n<p>Tillsammans kan vi skydda det fantastiska livet i haven! 3,5 miljoner m\u00e4nniskor v\u00e4rlden \u00f6ver har redan skrivit under, men DIN r\u00f6st beh\u00f6vs. <strong>Vill du vara med och skydda v\u00e5ra hav?<\/strong><br><\/p>\n\n<p>Skriv under v\u00e5r namninsamling och kr\u00e4v att den svenska regeringen st\u00e5r upp f\u00f6r ett starkt globalt havsavtal under f\u00f6rhandlingarna i FN i augusti 2021.&nbsp;<\/p>\n\n<div class=\"wp-block-buttons is-content-justification-center is-layout-flex wp-container-core-buttons-is-layout-16018d1d wp-block-buttons-is-layout-flex\">\n<div class=\"wp-block-button is-style-cta\"><a class=\"wp-block-button__link has-text-color has-background wp-element-button\" href=\"https:\/\/www.greenpeace.org\/sweden\/agera\/skyddahaven\/skydda-haven\/\" style=\"color:#ffffff;background-color:#68dfde\" target=\"_blank\" rel=\"noreferrer noopener\">SKRIV UNDER<\/a><\/div>\n<\/div>\n\t\t\t<section\n\t\t\tclass=\"boxout post-645 \"\n\t\t\t\n\t\t>\n\t\t\t<a\n\t\t\t\tdata-ga-category=\"Take Action Boxout\"\n\t\t\t\tdata-ga-action=\"Image\"\n\t\t\t\tdata-ga-label=\"n\/a\"\n\t\t\t\tclass=\"cover-card-overlay\"\n\t\t\t\thref=\"https:\/\/www.greenpeace.org\/sweden\/agera\/skyddahaven\/\" \n\t\t\t><\/a>\n\t\t\t\t\t\t\t<img\n\t\t\t\t\t\tsrc=\"https:\/\/www.greenpeace.org\/static\/planet4-sweden-stateless\/2025\/02\/38acdb55-900x300_split-ud-trawling.jpg\"\n\t\t\t\t\t\tsrcset=\"https:\/\/www.greenpeace.org\/static\/planet4-sweden-stateless\/2025\/02\/38acdb55-900x300_split-ud-trawling-300x100.jpg 300w, https:\/\/www.greenpeace.org\/static\/planet4-sweden-stateless\/2025\/02\/38acdb55-900x300_split-ud-trawling-768x256.jpg 768w, https:\/\/www.greenpeace.org\/static\/planet4-sweden-stateless\/2025\/02\/38acdb55-900x300_split-ud-trawling-510x170.jpg 510w, https:\/\/www.greenpeace.org\/static\/planet4-sweden-stateless\/2025\/02\/38acdb55-900x300_split-ud-trawling.jpg 900w\"\n\t\t\t\t\t\tsizes=\"(min-width: 1000px) 358px, (min-width: 780px) 313px, 88px\"\n\t\t\t\t\t\talt=\"\" title=\"\"\n\t\t\t\t\/>\n            \t\t\t<div class=\"boxout-content\">\n\t\t\t\t\t\t\t\t\t<a\n\t\t\t\t\t\tclass=\"boxout-heading medium\"\n\t\t\t\t\t\tdata-ga-category=\"Take Action Boxout\"\n\t\t\t\t\t\tdata-ga-action=\"Title\"\n\t\t\t\t\t\tdata-ga-label=\"n\/a\"\n\t\t\t\t\t\thref=\"https:\/\/www.greenpeace.org\/sweden\/agera\/skyddahaven\/\"\n\t\t\t\t\t\t\n\t\t\t\t\t>\n\t\t\t\t\t\tSkydda haven &#8211; ratificera avtalet, Maria!\n\t\t\t\t\t<\/a>\n\t\t\t\t\t\t\t\t\t\t\t\t\t<p class=\"boxout-excerpt\">Skriv under och kr\u00e4v med oss att v\u00e5r utrikesminister Maria Malmer Stenergard ser till att Sverige fullf\u00f6ljer sitt l\u00f6fte och godk\u00e4nner avtalet. Skydda haven, Maria! <\/p>\n\t\t\t\t                                    <a\n                        class=\"btn btn-primary\"\n                        data-ga-category=\"Take Action Boxout\"\n                        data-ga-action=\"Call to Action\"\n                        data-ga-label=\"n\/a\"\n                        href=\"https:\/\/www.greenpeace.org\/sweden\/agera\/skyddahaven\/\"\n                        \n                    >\n                        Engagera dig\n                    <\/a>\n                \t\t\t<\/div>\n\t\t\t\t\t<\/section>\n\t","protected":false},"excerpt":{"rendered":"<p>Hajar beskrivs ofta som h\u00e4nsynsl\u00f6sa rovdjur och en fara f\u00f6r m\u00e4nniskor. Men faktum \u00e4r att vi m\u00e4nniskor utg\u00f6r ett betydligt st\u00f6rre hot mot hajar. <\/p>\n","protected":false},"author":46,"featured_media":46248,"comment_status":"open","ping_status":"open","sticky":false,"template":"","format":"standard","meta":{"ep_exclude_from_search":false,"p4_og_title":"","p4_og_description":"","p4_og_image":"","p4_og_image_id":"","p4_seo_canonical_url":"","p4_campaign_name":"not set","p4_local_project":"not set","p4_basket_name":"not set","p4_department":"","footnotes":""},"categories":[3],"tags":[28,30,40,61],"p4-page-type":[16],"class_list":["post-46245","post","type-post","status-publish","format-standard","has-post-thumbnail","hentry","category-hav","tag-overfiske","tag-marinaskyddadeomraden","tag-biodiversitet","tag-djur","p4-page-type-artiklar"],"_links":{"self":[{"href":"https:\/\/www.greenpeace.org\/sweden\/wp-json\/wp\/v2\/posts\/46245","targetHints":{"allow":["GET"]}}],"collection":[{"href":"https:\/\/www.greenpeace.org\/sweden\/wp-json\/wp\/v2\/posts"}],"about":[{"href":"https:\/\/www.greenpeace.org\/sweden\/wp-json\/wp\/v2\/types\/post"}],"author":[{"embeddable":true,"href":"https:\/\/www.greenpeace.org\/sweden\/wp-json\/wp\/v2\/users\/46"}],"replies":[{"embeddable":true,"href":"https:\/\/www.greenpeace.org\/sweden\/wp-json\/wp\/v2\/comments?post=46245"}],"version-history":[{"count":10,"href":"https:\/\/www.greenpeace.org\/sweden\/wp-json\/wp\/v2\/posts\/46245\/revisions"}],"predecessor-version":[{"id":54366,"href":"https:\/\/www.greenpeace.org\/sweden\/wp-json\/wp\/v2\/posts\/46245\/revisions\/54366"}],"wp:featuredmedia":[{"embeddable":true,"href":"https:\/\/www.greenpeace.org\/sweden\/wp-json\/wp\/v2\/media\/46248"}],"wp:attachment":[{"href":"https:\/\/www.greenpeace.org\/sweden\/wp-json\/wp\/v2\/media?parent=46245"}],"wp:term":[{"taxonomy":"category","embeddable":true,"href":"https:\/\/www.greenpeace.org\/sweden\/wp-json\/wp\/v2\/categories?post=46245"},{"taxonomy":"post_tag","embeddable":true,"href":"https:\/\/www.greenpeace.org\/sweden\/wp-json\/wp\/v2\/tags?post=46245"},{"taxonomy":"p4-page-type","embeddable":true,"href":"https:\/\/www.greenpeace.org\/sweden\/wp-json\/wp\/v2\/p4-page-type?post=46245"}],"curies":[{"name":"wp","href":"https:\/\/api.w.org\/{rel}","templated":true}]}}