{"id":46246,"date":"2021-03-12T14:27:50","date_gmt":"2021-03-12T13:27:50","guid":{"rendered":"https:\/\/www.greenpeace.org\/sweden\/?p=46246"},"modified":"2023-02-24T10:09:59","modified_gmt":"2023-02-24T09:09:59","slug":"visst-skulle-du-inte-lita-pa-en-tjuv-att-vakta-ditt-bankvalv","status":"publish","type":"post","link":"https:\/\/www.greenpeace.org\/sweden\/pressmeddelanden\/hav\/visst-skulle-du-inte-lita-pa-en-tjuv-att-vakta-ditt-bankvalv\/","title":{"rendered":"Visst skulle du inte lita p\u00e5 en tjuv att vakta ditt bankvalv\u2026"},"content":{"rendered":"\n<figure class=\"wp-block-image size-large  caption-style-medium caption-alignment-center\"><img loading=\"lazy\" decoding=\"async\" width=\"800\" height=\"494\" src=\"https:\/\/www.greenpeace.org\/static\/planet4-sweden-stateless\/2021\/03\/e21f6284-gp049sh_web_size.jpg\" alt=\"Den gulfenade tonfisken i den Indiska oceanen riskerar att utrotas. \" class=\"wp-image-46254\" srcset=\"https:\/\/www.greenpeace.org\/static\/planet4-sweden-stateless\/2021\/03\/e21f6284-gp049sh_web_size.jpg 800w, https:\/\/www.greenpeace.org\/static\/planet4-sweden-stateless\/2021\/03\/e21f6284-gp049sh_web_size-300x185.jpg 300w, https:\/\/www.greenpeace.org\/static\/planet4-sweden-stateless\/2021\/03\/e21f6284-gp049sh_web_size-768x474.jpg 768w, https:\/\/www.greenpeace.org\/static\/planet4-sweden-stateless\/2021\/03\/e21f6284-gp049sh_web_size-510x315.jpg 510w\" sizes=\"auto, (max-width: 800px) 100vw, 800px\" \/><\/figure>\n\n<p><strong>S\u00e5 varf\u00f6r tror v\u00e5ra beslutsfattare att de kan l\u00f6sa krisen f\u00f6r livet i v\u00e5ra hav genom&nbsp; en diskussion som domineras av representanter f\u00f6r den destruktiva fiskebranschen?&nbsp;<\/strong><\/p>\n\n<p>Industriellt fiske t\u00f6mmer haven p\u00e5 liv &#8211; det river upp havsbottnarna, utarmar best\u00e5nden av fisk och andra organismer och hotar kustsamh\u00e4llens tillg\u00e5ng p\u00e5 mat. <strong>Bara drygt 1% av v\u00e4rldens hav \u00e4r idag helt skyddade fr\u00e5n skadlig verksamhet. <\/strong>93% av de globala fiskbest\u00e5nden har fiskats ner till den absoluta gr\u00e4nsen eller \u00e4r helt \u00f6verfiskade. Det betyder att fisken inte kan reproducera sig tillr\u00e4ckligt snabbt f\u00f6r att kompensera f\u00f6r hur mycket industrin hela tiden tar ut ur haven.&nbsp;<\/p>\n\n<p>Dagens strukturer f\u00f6r f\u00f6rvaltningen av haven har visat sig inkapabla att stoppa f\u00f6rst\u00f6relsen av livet d\u00e4r. Just nu ligger havens h\u00e4lsa i h\u00e4nderna p\u00e5 en brokig skara organisationer som alla har ekonomiska intressen inom n\u00e5gon industriell verksamhet som fiske, gruvdrift eller sj\u00f6fart. Gemensamt f\u00f6r dessa organisationer \u00e4r att alla bryr sig mest om hur de kan exploatera haven &#8211; inte hur de kan skydda dem. Ingen tar med helhetsperspektivet kring vad v\u00e5ra hav beh\u00f6ver.<\/p>\n\n<p>En av dessa organisationer, Indiska oceanens tonfiskkommission, tr\u00e4ffades under veckan. Ungef\u00e4r en tredjedel av den globala f\u00e5ngsten av gulfenad tonfisk sker i Indiska oceanen och sedan 2015 har denna art officiellt varit klassificerad som \u00f6verfiskad. Det betyder att industrin f\u00e5ngar f\u00f6r mycket gulfenad tonfisk f\u00f6r att arten ska kunna \u00e5terh\u00e4mta sig. <strong>Fr\u00e5n sin position i toppen av n\u00e4ringskedjan spelar tonfisk en avg\u00f6rande roll f\u00f6r hela ekosystemet.<\/strong> En kollaps av best\u00e5nden skulle \u00e4ven bli ett h\u00e5rt slag mot de lokala fiskesamh\u00e4llena i \u00f6-nationer som Mauritius och Seychellerna. Deras sm\u00e5 fiskeb\u00e5tar l\u00e4mnas redan med allt tommare n\u00e4t eftersom de massiva fabriksfartygen har roffat \u00e5t sig fisken l\u00e4ngre ut till havs.<\/p>\n\n<p>F\u00f6r fem \u00e5r sedan kom v\u00e4rldens regeringar \u00f6verens om en \u00e5terh\u00e4mtningsplan f\u00f6r den gulfenade tonfisken &#8211; men tyv\u00e4rr visar data att det industriella fisket ist\u00e4llet har \u00f6kat sedan man inf\u00f6rde planen. <strong>Indiska oceanens best\u00e5nd av gulfenad tonfisk har hittills inte visat n\u00e5gra tecken p\u00e5 \u00e5terh\u00e4mtning.<\/strong> Forskare varnar nu att om man forts\u00e4tter med denna underm\u00e5liga strategi kan den gulfenade tonfiskpopulationen ha <a href=\"https:\/\/www.bluemarinefoundation.com\/wp-content\/uploads\/2020\/10\/Failure-To-Manage-Yellowfin-Tuna-by-the-IOTC-FINAL.pdf\">kollapsat till \u00e5r 2024.<\/a><\/p>\n\n<p>Efter att f\u00f6rra \u00e5ret ha misslyckats med att g\u00f6ra n\u00e5got \u00e5t \u200b\u200bdetta, loggade den h\u00e4r veckan delegationer fr\u00e5n v\u00e4rldens regeringen in p\u00e5 Zoom f\u00f6r att komma \u00f6verens om n\u00e4sta steg.&nbsp;<\/p>\n\n<p><strong>Resultatet blev att \u200b\u200bde inte lyckades komma \u00f6verens om n\u00e5gonting som \u00e4r i n\u00e4rheten av att v\u00e4nda utvecklingen f\u00f6r tonfisken i Indiska oceanen.<\/strong> De kom endast&nbsp; \u00f6verens om att g\u00f6ra det minsta m\u00f6jliga &#8211; men inte heller det utan strid fr\u00e5n&nbsp; europeiska regeringar som vill skydda sina vinstintressen. I sj\u00e4lva verket har regeringarna nu gett de destruktiva fiskef\u00f6retagen gr\u00f6nt ljus att forts\u00e4tta exploatera m\u00e4nniskor och det marina livet i Indiska oceanen.<\/p>\n\n<p>Denna veckas misslyckande \u00e4r inget nytt. Regeringar har upprepade g\u00e5nger misslyckats att vidta de \u00e5tg\u00e4rder som kr\u00e4vs f\u00f6r att den gulfenade tonfisken effektivt ska kunna \u00e5terh\u00e4mta sig. <strong>Kommissionen erk\u00e4nde redan 2008 att \u201dbest\u00e5ndet \u00e4r mycket n\u00e4ra ett \u00f6verfiskat tillst\u00e5nd eller \u00e4r redan \u00f6verfiskat\u201d.<\/strong> Trots det, nu 13 \u00e5r senare, har de totala f\u00e5ngsterna \u00f6kat med 100 000 ton! F\u00f6r att ge en uppfattning om vilken m\u00e4ngd vi pratar om s\u00e5 \u00e4r det lika mycket som 50 rymdf\u00e4rjor. Att kunna se att utvecklingen har g\u00e5tt i helt fel riktning h\u00e4r beh\u00f6vs det ingen raketforskare f\u00f6r.<\/p>\n\n<p>Det \u00e4r inte bara den gulfenade tonfisken som hotas av denna v\u00e5rdsl\u00f6sa strategi. Andra s\u00e5rbara arter som hajar minskar ocks\u00e5 i en rasande fart i regionen eftersom fiskeindustrin forts\u00e4tter att rubba balansen i hela havets marina ekosystem.<\/p>\n\n<p><strong>Denna veckas senaste misslyckande i Indiska oceanens tonfiskkommission \u00e4r ytterligare ett tydligt tecken p\u00e5 att dagens f\u00f6rvaltningssystem inte kan leverera verklig f\u00f6r\u00e4ndring och skydd f\u00f6r det livet i haven.<\/strong> Vi och v\u00e4rldens beslutsfattare kan&nbsp; d\u00e4rf\u00f6r inte bara sitta stilla i b\u00e5ten och hoppas att det kanske ska g\u00e5 b\u00e4ttre n\u00e4sta g\u00e5ng, att n\u00e4sta m\u00f6te kanske kommer leda till en f\u00f6r\u00e4ndring. F\u00f6r att v\u00e4nda den oacceptabla utvecklingen f\u00f6r livet i haven kr\u00e4vs konkreta handling f\u00f6r att f\u00f6r\u00e4ndra de system som inte fungerar.<\/p>\n\n<p>Regeringar sl\u00e5r dock d\u00f6v\u00f6rat till, s\u00e5 din hj\u00e4lp beh\u00f6vs nu f\u00f6r att kr\u00e4va att verklig f\u00f6r\u00e4ndring.<\/p>\n\n<p>Ett nytt globalt havsavtal skulle g\u00f6ra det m\u00f6jligt f\u00f6r regeringar att skapa ett n\u00e4tverk av havsreservat v\u00e4rlden \u00f6ver som kan ge de havslevande varelserna en m\u00f6jlighet att \u00e5terh\u00e4mta sig, fria fr\u00e5n p\u00e5verkan av gruvdrift, f\u00f6roreningar och destruktivt fiske. V\u00e4rldens regeringar ska slutf\u00f6rhandla om detta nya globala havsavtal inom FN i \u00e5r &#8211; men fiskerin\u00e4ringen och de regeringar som h\u00e5ller sig n\u00e4ra industrins kortsiktiga intressen forts\u00e4tter att k\u00e4mpa f\u00f6r ett svagt avtal som skulle bli allt f\u00f6r urvattnat f\u00f6r att lyckas stoppa plundringen av havet.&nbsp;<\/p>\n\n<p><strong>Vi m\u00e5ste \u00f6verr\u00f6sta de som bara bryr sig om kortsiktiga vinstintressen och sluta l\u00e5ta politiker komma undan n\u00e4r de till\u00e5ter att f\u00f6rst\u00f6relsen av v\u00e5ra hav forts\u00e4tter. Ett starkt globalt havsavtal skulle g\u00f6ra det m\u00f6jligt att skydda havsomr\u00e5den p\u00e5 internationellt vatten och d\u00e4rmed ge s\u00e5v\u00e4l kustsamh\u00e4llen och det marina livet en chans mot det destruktiva fisket och alla de andra hot de st\u00e5r inf\u00f6r. L\u00e5t beslutsfattarna h\u00f6ra att vi \u00e4r miljontals m\u00e4nniskor som kr\u00e4ver ett starkt globalt havsavtal.&nbsp;<\/strong><\/p>\n\n<p>\u201cBusiness as usual\u201d, att forts\u00e4tta som det \u00e4r nu, tj\u00e4nar varken m\u00e4nniskor, haven eller klimatet p\u00e5. Det \u00e4r dags f\u00f6r v\u00e4rldens regeringar att komma \u00f6verens om ett nytt och starkt globalt havsavtal &#8211; ett avtal som g\u00f6r att vi verkligen kan skydda v\u00e5ra hav.<\/p>\n\t\t\t<section\n\t\t\tclass=\"boxout post-645 \"\n\t\t\t\n\t\t>\n\t\t\t<a\n\t\t\t\tdata-ga-category=\"Take Action Boxout\"\n\t\t\t\tdata-ga-action=\"Image\"\n\t\t\t\tdata-ga-label=\"n\/a\"\n\t\t\t\tclass=\"cover-card-overlay\"\n\t\t\t\thref=\"https:\/\/www.greenpeace.org\/sweden\/agera\/skyddahaven\/\" \n\t\t\t><\/a>\n\t\t\t\t\t\t\t<img\n\t\t\t\t\t\tsrc=\"https:\/\/www.greenpeace.org\/static\/planet4-sweden-stateless\/2025\/02\/38acdb55-900x300_split-ud-trawling.jpg\"\n\t\t\t\t\t\tsrcset=\"https:\/\/www.greenpeace.org\/static\/planet4-sweden-stateless\/2025\/02\/38acdb55-900x300_split-ud-trawling-300x100.jpg 300w, https:\/\/www.greenpeace.org\/static\/planet4-sweden-stateless\/2025\/02\/38acdb55-900x300_split-ud-trawling-768x256.jpg 768w, https:\/\/www.greenpeace.org\/static\/planet4-sweden-stateless\/2025\/02\/38acdb55-900x300_split-ud-trawling-510x170.jpg 510w, https:\/\/www.greenpeace.org\/static\/planet4-sweden-stateless\/2025\/02\/38acdb55-900x300_split-ud-trawling.jpg 900w\"\n\t\t\t\t\t\tsizes=\"(min-width: 1000px) 358px, (min-width: 780px) 313px, 88px\"\n\t\t\t\t\t\talt=\"\" title=\"\"\n\t\t\t\t\/>\n            \t\t\t<div class=\"boxout-content\">\n\t\t\t\t\t\t\t\t\t<a\n\t\t\t\t\t\tclass=\"boxout-heading medium\"\n\t\t\t\t\t\tdata-ga-category=\"Take Action Boxout\"\n\t\t\t\t\t\tdata-ga-action=\"Title\"\n\t\t\t\t\t\tdata-ga-label=\"n\/a\"\n\t\t\t\t\t\thref=\"https:\/\/www.greenpeace.org\/sweden\/agera\/skyddahaven\/\"\n\t\t\t\t\t\t\n\t\t\t\t\t>\n\t\t\t\t\t\tSkydda haven &#8211; ratificera avtalet, Maria!\n\t\t\t\t\t<\/a>\n\t\t\t\t\t\t\t\t\t\t\t\t\t<p class=\"boxout-excerpt\">Skriv under och kr\u00e4v med oss att v\u00e5r utrikesminister Maria Malmer Stenergard ser till att Sverige fullf\u00f6ljer sitt l\u00f6fte och godk\u00e4nner avtalet. Skydda haven, Maria! <\/p>\n\t\t\t\t                                    <a\n                        class=\"btn btn-primary\"\n                        data-ga-category=\"Take Action Boxout\"\n                        data-ga-action=\"Call to Action\"\n                        data-ga-label=\"n\/a\"\n                        href=\"https:\/\/www.greenpeace.org\/sweden\/agera\/skyddahaven\/\"\n                        \n                    >\n                        Engagera dig\n                    <\/a>\n                \t\t\t<\/div>\n\t\t\t\t\t<\/section>\n\t","protected":false},"excerpt":{"rendered":"<p>Just nu ligger havens h\u00e4lsa i h\u00e4nderna p\u00e5 en brokig skara organisationer som alla har ekonomiska intressen inom n\u00e5gon industriell verksamhet som fiske, gruvdrift eller sj\u00f6fart. Gemensamt f\u00f6r dessa organisationer \u00e4r att alla bryr sig mest om hur de kan exploatera haven &#8211; inte hur de kan skydda dem.<\/p>\n","protected":false},"author":30,"featured_media":46254,"comment_status":"closed","ping_status":"open","sticky":false,"template":"","format":"standard","meta":{"ep_exclude_from_search":false,"p4_og_title":"","p4_og_description":"","p4_og_image":"","p4_og_image_id":"","p4_seo_canonical_url":"","p4_campaign_name":"not set","p4_local_project":"not set","p4_basket_name":"not set","p4_department":"","footnotes":""},"categories":[3],"tags":[28,30],"p4-page-type":[14],"class_list":["post-46246","post","type-post","status-publish","format-standard","has-post-thumbnail","hentry","category-hav","tag-overfiske","tag-marinaskyddadeomraden","p4-page-type-pressmeddelanden"],"_links":{"self":[{"href":"https:\/\/www.greenpeace.org\/sweden\/wp-json\/wp\/v2\/posts\/46246","targetHints":{"allow":["GET"]}}],"collection":[{"href":"https:\/\/www.greenpeace.org\/sweden\/wp-json\/wp\/v2\/posts"}],"about":[{"href":"https:\/\/www.greenpeace.org\/sweden\/wp-json\/wp\/v2\/types\/post"}],"author":[{"embeddable":true,"href":"https:\/\/www.greenpeace.org\/sweden\/wp-json\/wp\/v2\/users\/30"}],"replies":[{"embeddable":true,"href":"https:\/\/www.greenpeace.org\/sweden\/wp-json\/wp\/v2\/comments?post=46246"}],"version-history":[{"count":3,"href":"https:\/\/www.greenpeace.org\/sweden\/wp-json\/wp\/v2\/posts\/46246\/revisions"}],"predecessor-version":[{"id":55128,"href":"https:\/\/www.greenpeace.org\/sweden\/wp-json\/wp\/v2\/posts\/46246\/revisions\/55128"}],"wp:featuredmedia":[{"embeddable":true,"href":"https:\/\/www.greenpeace.org\/sweden\/wp-json\/wp\/v2\/media\/46254"}],"wp:attachment":[{"href":"https:\/\/www.greenpeace.org\/sweden\/wp-json\/wp\/v2\/media?parent=46246"}],"wp:term":[{"taxonomy":"category","embeddable":true,"href":"https:\/\/www.greenpeace.org\/sweden\/wp-json\/wp\/v2\/categories?post=46246"},{"taxonomy":"post_tag","embeddable":true,"href":"https:\/\/www.greenpeace.org\/sweden\/wp-json\/wp\/v2\/tags?post=46246"},{"taxonomy":"p4-page-type","embeddable":true,"href":"https:\/\/www.greenpeace.org\/sweden\/wp-json\/wp\/v2\/p4-page-type?post=46246"}],"curies":[{"name":"wp","href":"https:\/\/api.w.org\/{rel}","templated":true}]}}