{"id":46352,"date":"2021-03-19T18:49:05","date_gmt":"2021-03-19T17:49:05","guid":{"rendered":"https:\/\/www.greenpeace.org\/sweden\/?p=46352"},"modified":"2023-02-23T17:02:45","modified_gmt":"2023-02-23T16:02:45","slug":"att-tanka-planen-med-skog-flyger-inte","status":"publish","type":"post","link":"https:\/\/www.greenpeace.org\/sweden\/pressmeddelanden\/energi\/att-tanka-planen-med-skog-flyger-inte\/","title":{"rendered":"Att tanka planen med skog flyger inte"},"content":{"rendered":"\n<p><strong>Som ett led i det s\u00e5 kallade br\u00e4nslebytet d\u00e4r fossila br\u00e4nslen ska fasas ut till f\u00f6rm\u00e5n f\u00f6r biobr\u00e4nslen ska regeringen nu l\u00e4gga fram&nbsp;<a rel=\"noreferrer noopener\" href=\"https:\/\/www.regeringen.se\/pressmeddelanden\/2021\/03\/flygets-klimatpaverkan-ska-minska-med-nytt-regeringsforslag\/\" target=\"_blank\">ett f\u00f6rslag&nbsp;<\/a>om att \u00e4ven flyget ska tanka med bland annat skog.<\/strong><\/p>\n\n<p>&#8211; Det h\u00e4r flyger inte. Det \u00e4r kreativ bokf\u00f6ring med syfte att h\u00e5lla den oh\u00e5llbara br\u00e4nsleindustrin och flyget under armarna i en tid d\u00e4r det kr\u00e4vs verklig omst\u00e4llning f\u00f6r att minska utsl\u00e4ppen h\u00e4r och nu fr\u00e5n v\u00e5ra transporter, s\u00e4ger&nbsp;<strong>Isadora Wronski, sverigechef p\u00e5 Greenpeace<\/strong><\/p>\n\n<p>Sveriges utsl\u00e4pp av koldioxid fr\u00e5n f\u00f6rbr\u00e4nningen av skog och annan biomassa \u00f6kar.&nbsp;<a href=\"https:\/\/www.greenpeace.org\/sweden\/pressmeddelanden\/45651\/sveriges-vaxthusgasutslapp-kvar-pa-1990-ars-niva\/\" target=\"_blank\" rel=\"noreferrer noopener\">Sedan 1990 har de \u00f6kat s\u00e5 pass mycket att de \u00e4tit upp minskningarna av Sveriges territoriella fossila utsl\u00e4pp<\/a>. Dessa utsl\u00e4pp r\u00e4knas dock inte in n\u00e4r siffrorna redovisas d\u00e5 man r\u00e4knar med att v\u00e4xtligheten \u00e5terbinder utsl\u00e4ppen.&nbsp;<\/p>\n\n<p>&#8211; Tidshorisonten som kr\u00e4vs f\u00f6r att kunna betrakta utsl\u00e4ppen fr\u00e5n biobr\u00e4nslen som klimatneutrala \u00e4r alldeles f\u00f6r avl\u00e4gsen f\u00f6r att de ska hj\u00e4lpa oss att klara Parisavtalets 1,5-gradersm\u00e5l och begr\u00e4nsa de allra v\u00e4rsta effekterna av ett f\u00f6r\u00e4ndrat klimat, s\u00e4ger&nbsp;<strong>Isadora Wronski<\/strong>.<\/p>\n\n<p>Ist\u00e4llet f\u00f6r att s\u00e4kerst\u00e4lla att flyget endast anv\u00e4nds n\u00e4r inga andra alternativ finns och att on\u00f6digt flygande f\u00f6rsvinner vill regeringen, som s\u00e5 kallad klimat\u00e5tg\u00e4rd, \u00f6ka den biogena f\u00f6rbr\u00e4nningen genom storskaliga satsningar och subventioner till bioenergi, bland annat genom reduktionsplikten d\u00e4r mer och mer biobr\u00e4nsle ska blandas in i de fossila br\u00e4nslena.<\/p>\n\n<p>&#8211;&nbsp; Reduktionsplikten inneb\u00e4r ett alibi b\u00e5de f\u00f6r skogsindustrin och oljebolagen att forts\u00e4tta sin rovdrift p\u00e5 planeten och utsl\u00e4ppsminskningarna lyser d\u00e4rmed med sin fr\u00e5nvaro, avslutar&nbsp;<strong>Isadora Wronski<\/strong>.<\/p>\n\n<p><strong><br>Kontakt:<br><br><a href=\"https:\/\/www.greenpeace.org\/static\/planet4-sweden-stateless\/3f9c692c-isadora_wronski_349-scaled.jpg\" target=\"_blank\" rel=\"noreferrer noopener\">Isadora Wronski<\/a><\/strong><br>Sverigechef<br>+46 (0)70 301 25 34<\/p>\n","protected":false},"excerpt":{"rendered":"<p>Som ett led i det s\u00e5 kallade br\u00e4nslebytet d\u00e4r fossila br\u00e4nslen ska fasas ut till f\u00f6rm\u00e5n f\u00f6r biobr\u00e4nslen ska regeringen nu l\u00e4gga fram ett f\u00f6rslag om att \u00e4ven flyget ska tanka med bland annat skog. &#8211; Det \u00e4r kreativ bokf\u00f6ring med syfte att h\u00e5lla den oh\u00e5llbara br\u00e4nsleindustrin och flyget under armarna i en tid d\u00e4r det kr\u00e4vs verklig omst\u00e4llning f\u00f6r att minska utsl\u00e4ppen h\u00e4r och nu fr\u00e5n v\u00e5ra transporter, s\u00e4ger Isadora Wronski, sverigechef p\u00e5 Greenpeace<\/p>\n","protected":false},"author":40,"featured_media":46139,"comment_status":"open","ping_status":"open","sticky":false,"template":"","format":"standard","meta":{"ep_exclude_from_search":false,"p4_og_title":"","p4_og_description":"","p4_og_image":"","p4_og_image_id":"","p4_seo_canonical_url":"","p4_campaign_name":"not set","p4_local_project":"not set","p4_basket_name":"not set","p4_department":"","footnotes":""},"categories":[45],"tags":[23,24,67],"p4-page-type":[14],"class_list":["post-46352","post","type-post","status-publish","format-standard","has-post-thumbnail","hentry","category-energi","tag-globaluppvarmning","tag-fossilenergi","tag-bioenergi","p4-page-type-pressmeddelanden"],"_links":{"self":[{"href":"https:\/\/www.greenpeace.org\/sweden\/wp-json\/wp\/v2\/posts\/46352","targetHints":{"allow":["GET"]}}],"collection":[{"href":"https:\/\/www.greenpeace.org\/sweden\/wp-json\/wp\/v2\/posts"}],"about":[{"href":"https:\/\/www.greenpeace.org\/sweden\/wp-json\/wp\/v2\/types\/post"}],"author":[{"embeddable":true,"href":"https:\/\/www.greenpeace.org\/sweden\/wp-json\/wp\/v2\/users\/40"}],"replies":[{"embeddable":true,"href":"https:\/\/www.greenpeace.org\/sweden\/wp-json\/wp\/v2\/comments?post=46352"}],"version-history":[{"count":2,"href":"https:\/\/www.greenpeace.org\/sweden\/wp-json\/wp\/v2\/posts\/46352\/revisions"}],"predecessor-version":[{"id":55429,"href":"https:\/\/www.greenpeace.org\/sweden\/wp-json\/wp\/v2\/posts\/46352\/revisions\/55429"}],"wp:featuredmedia":[{"embeddable":true,"href":"https:\/\/www.greenpeace.org\/sweden\/wp-json\/wp\/v2\/media\/46139"}],"wp:attachment":[{"href":"https:\/\/www.greenpeace.org\/sweden\/wp-json\/wp\/v2\/media?parent=46352"}],"wp:term":[{"taxonomy":"category","embeddable":true,"href":"https:\/\/www.greenpeace.org\/sweden\/wp-json\/wp\/v2\/categories?post=46352"},{"taxonomy":"post_tag","embeddable":true,"href":"https:\/\/www.greenpeace.org\/sweden\/wp-json\/wp\/v2\/tags?post=46352"},{"taxonomy":"p4-page-type","embeddable":true,"href":"https:\/\/www.greenpeace.org\/sweden\/wp-json\/wp\/v2\/p4-page-type?post=46352"}],"curies":[{"name":"wp","href":"https:\/\/api.w.org\/{rel}","templated":true}]}}