{"id":46461,"date":"2021-04-01T09:54:52","date_gmt":"2021-04-01T08:54:52","guid":{"rendered":"https:\/\/www.greenpeace.org\/sweden\/?p=46461"},"modified":"2023-02-17T13:15:01","modified_gmt":"2023-02-17T12:15:01","slug":"whos-nya-covid-19-rapport-pavisar-tydligt-samband-mellan-forlust-av-biologisk-mangfald-och-zoonotiska-sjukdomar","status":"publish","type":"post","link":"https:\/\/www.greenpeace.org\/sweden\/artiklar\/klimat\/whos-nya-covid-19-rapport-pavisar-tydligt-samband-mellan-forlust-av-biologisk-mangfald-och-zoonotiska-sjukdomar\/","title":{"rendered":"WHOs nya Covid-19-rapport p\u00e5visar tydligt samband mellan f\u00f6rlust av biologisk m\u00e5ngfald och zoonotiska sjukdomar"},"content":{"rendered":"\n<p>Peking, Kina<\/p>\n\n<p><strong>I tisdags sl\u00e4ppte V\u00e4rldsh\u00e4lsoorganisationen (WHO) sin officiella rapport om SARS-CoV-2s ursprung. Rapporten fastsl\u00e5r att f\u00f6rst\u00f6relse av ekosystem och nedbrytning av den s\u00e5 kallade \u201cbuffertzonen\u201d mellan m\u00e4nniskan och vilda djur inneb\u00e4r en \u00f6kad risk att vi exponerar oss f\u00f6r tidigare ok\u00e4nda virus och d\u00e4rmed utbrott av nya pandemier.<\/strong><\/p>\n\n<p>Du kan l\u00e4sa rapporten fr\u00e5n WHO i sin helhet <a href=\"https:\/\/www.who.int\/publications\/i\/item\/who-convened-global-study-of-origins-of-sars-cov-2-china-part\">h\u00e4r.<\/a><\/p>\n\n<p><strong>Pan Wenjing, projektledare f\u00f6r skogs- och havsfr\u00e5gor p\u00e5 Greenpeace East Asia kommenterar WHO-rapporten:<\/strong> \u201dForskare har i allt h\u00f6gre grad larmat om riskerna f\u00f6r infektionssjukdomar som medf\u00f6ljer f\u00f6rlusten av biologisk m\u00e5ngfald. Dessa virus isoleras naturligt av ekosystem som skapar en buffertzon mellan natur och bebyggelse. <strong>Vi pl\u00f6jer nu som en \u00e5ngv\u00e4lt rakt igenom den ekologiska bufferten.<\/strong> F\u00f6rra \u00e5ret tog den kinesiska regeringen n\u00e5gra avg\u00f6rande steg fram\u00e5t i och med f\u00f6rbudet mot avel och konsumtion av vilda djur. Men mer m\u00e5ste g\u00f6ras, b\u00e5de i Kina och globalt. Vi kan r\u00e4kna med \u00e5terkommande globala h\u00e4lsokriser som Covid-19-pandemin om vi forts\u00e4tter som vi g\u00f6r nu och inte satsar p\u00e5 ordentligt skydd f\u00f6r v\u00e5ra globala ekosystem.\u201d<\/p>\n\n<p><strong>Den alltj\u00e4mt accelererande f\u00f6rlusten av biologisk m\u00e5ngfald och f\u00f6rst\u00f6relsen av naturliga ekosystem har medf\u00f6rt \u00f6kade risker f\u00f6r spridning av tidigare ok\u00e4nda virus. De fr\u00e4msta orsakerna \u00e4r direkt m\u00e4nskligt intr\u00e5ng och resursutnyttjande av h\u00f6gintensiva jordbruksf\u00f6retag och industriellt jordbruk.<\/strong><\/p>\n\n<p><strong>Genom kombinationen m\u00e4nsklig direktkontakt med vilda djur och f\u00f6rst\u00f6relse av ekosystem kan virus snabbt spridas vidare ut i omv\u00e4rlden.<\/strong> Ett ekosystem i balans ger oss en hel rad livsviktiga ekosystemtj\u00e4nster. N\u00e4r det kommer till smittspridning balanseras exempelvis sjukdoms\u00f6verf\u00f6ring fr\u00e5n myggor till m\u00e4nniskor genom naturlig minskning av enskilda populationer. Och omr\u00e5den med h\u00f6gre diversitet av f\u00e5gelarter visade l\u00e4gre infektionsfrekvenser av West Nile-viruset eftersom myggor, som en infektionsvektor, var mindre ben\u00e4gna att hitta l\u00e4mpliga v\u00e4rdar. Andra infektionssjukdomar som spridits genom m\u00e4nsklig exploatering av ekosystem \u00e4r exempelvis gula febern, rabies, ebola och aids. \u00b2<br><br><strong>I oktober planeras COP 15 f\u00f6r konventionen om biologisk m\u00e5ngfald h\u00e5llas i Yunnan, Kina.<\/strong> Jennifer Morgan, generaldirekt\u00f6r f\u00f6r Greenpeace International, betonar vikten och m\u00f6jligheterna med detta toppm\u00f6te: \u201cEftersom virus inte bryr sig om nationella gr\u00e4nser utg\u00f6r multilaterala samarbeten den mest effektiva strategin f\u00f6r att bek\u00e4mpa globala kriser. Vetenskapen visar tydligt att f\u00f6rst\u00f6relsen av naturliga ekosystem leder till ytterligare sjukdomsutbrott. Det \u00e4r h\u00f6g tid att skapa globala avtal f\u00f6r skydd av biologisk m\u00e5ngfald och ekosystem. Regeringar och multinationella f\u00f6retag m\u00e5ste ta sitt ansvar och se till att vi brukar naturen p\u00e5 ett s\u00e4tt som inte s\u00e4tter ekosystem ur balans och d\u00e4rmed riskerar att uts\u00e4tta oss f\u00f6r nya virusutbrott.\u201d<\/p>\n\n<ol class=\"wp-block-list\">\n<li>Ostfeld R (2009) Biodiversity loss and the rise of zoonotic pathogens, Clinical Microbiology and Infection, Volume 15, 40 \u2013 43 accessed on 19\/3\/2020 fr\u00e5n <a href=\"https:\/\/doi.org\/10.1111\/j.1469-0691.2008.02691.x\">https:\/\/doi.org\/10.1111\/j.1469-0691.2008.02691.x<\/a><br><\/li>\n\n\n\n<li>Saker L, Lee K, Cannito B, Gilmore A, Campbell-Lendrum D (2004) Globalization and infectious diseases; a review of the linkages. World Health Organization, Geneva <a href=\"https:\/\/apps.who.int\/iris\/bitstream\/handle\/10665\/68726\/TDR_STR_SEB_ST_04.2.pdf\n\">https:\/\/apps.who.int\/iris\/bitstream\/handle\/10665\/68726\/TDR_STR_SEB_ST_04.2.pdf<br><\/a><\/li>\n\n\n\n<li>Mark Everard, Paul Johnston, David Santillo, Chad Staddon (2020) The role of ecosystems in mitigation and management of Covid-19 and other zoonoses. Environmental Science &amp; Policy,Volume 111,7-17. <a href=\"https:\/\/doi.org\/10.1016\/j.envsci.2020.05.017\">https:\/\/doi.org\/10.1016\/j.envsci.2020.05.017<\/a>.<\/li>\n<\/ol>\n","protected":false},"excerpt":{"rendered":"<p>Forskare har i allt h\u00f6gre grad larmat om riskerna f\u00f6r infektionssjukdomar som medf\u00f6ljer f\u00f6rlusten av biologisk m\u00e5ngfald. Dessa virus isoleras naturligt av ekosystem som skapar en buffertzon mellan natur och bebyggelse. Vi pl\u00f6jer nu som en \u00e5ngv\u00e4lt rakt igenom den ekologiska bufferten. <\/p>\n","protected":false},"author":69,"featured_media":46011,"comment_status":"closed","ping_status":"open","sticky":false,"template":"","format":"standard","meta":{"ep_exclude_from_search":false,"p4_og_title":"","p4_og_description":"","p4_og_image":"","p4_og_image_id":"","p4_seo_canonical_url":"","p4_campaign_name":"not set","p4_local_project":"not set","p4_basket_name":"not set","p4_department":"","footnotes":""},"categories":[2],"tags":[23,40],"p4-page-type":[16],"class_list":["post-46461","post","type-post","status-publish","format-standard","has-post-thumbnail","hentry","category-klimat","tag-globaluppvarmning","tag-biodiversitet","p4-page-type-artiklar"],"_links":{"self":[{"href":"https:\/\/www.greenpeace.org\/sweden\/wp-json\/wp\/v2\/posts\/46461","targetHints":{"allow":["GET"]}}],"collection":[{"href":"https:\/\/www.greenpeace.org\/sweden\/wp-json\/wp\/v2\/posts"}],"about":[{"href":"https:\/\/www.greenpeace.org\/sweden\/wp-json\/wp\/v2\/types\/post"}],"author":[{"embeddable":true,"href":"https:\/\/www.greenpeace.org\/sweden\/wp-json\/wp\/v2\/users\/69"}],"replies":[{"embeddable":true,"href":"https:\/\/www.greenpeace.org\/sweden\/wp-json\/wp\/v2\/comments?post=46461"}],"version-history":[{"count":2,"href":"https:\/\/www.greenpeace.org\/sweden\/wp-json\/wp\/v2\/posts\/46461\/revisions"}],"predecessor-version":[{"id":54578,"href":"https:\/\/www.greenpeace.org\/sweden\/wp-json\/wp\/v2\/posts\/46461\/revisions\/54578"}],"wp:featuredmedia":[{"embeddable":true,"href":"https:\/\/www.greenpeace.org\/sweden\/wp-json\/wp\/v2\/media\/46011"}],"wp:attachment":[{"href":"https:\/\/www.greenpeace.org\/sweden\/wp-json\/wp\/v2\/media?parent=46461"}],"wp:term":[{"taxonomy":"category","embeddable":true,"href":"https:\/\/www.greenpeace.org\/sweden\/wp-json\/wp\/v2\/categories?post=46461"},{"taxonomy":"post_tag","embeddable":true,"href":"https:\/\/www.greenpeace.org\/sweden\/wp-json\/wp\/v2\/tags?post=46461"},{"taxonomy":"p4-page-type","embeddable":true,"href":"https:\/\/www.greenpeace.org\/sweden\/wp-json\/wp\/v2\/p4-page-type?post=46461"}],"curies":[{"name":"wp","href":"https:\/\/api.w.org\/{rel}","templated":true}]}}