{"id":46464,"date":"2021-04-06T14:22:33","date_gmt":"2021-04-06T13:22:33","guid":{"rendered":"https:\/\/www.greenpeace.org\/sweden\/?p=46464"},"modified":"2023-02-22T08:43:32","modified_gmt":"2023-02-22T07:43:32","slug":"supergrupp-fran-malmo-i-samarbete-med-greenpeace","status":"publish","type":"post","link":"https:\/\/www.greenpeace.org\/sweden\/pressmeddelanden\/greenpeace\/supergrupp-fran-malmo-i-samarbete-med-greenpeace\/","title":{"rendered":"Supergrupp fr\u00e5n Malm\u00f6 i samarbete med Greenpeace"},"content":{"rendered":"\n<figure class=\"wp-block-image size-large\"><img loading=\"lazy\" decoding=\"async\" width=\"600\" height=\"400\" src=\"https:\/\/www.greenpeace.org\/static\/planet4-sweden-stateless\/2021\/04\/441b13b9-green-soul_600px.jpg\" alt=\"\" class=\"wp-image-46465\" srcset=\"https:\/\/www.greenpeace.org\/static\/planet4-sweden-stateless\/2021\/04\/441b13b9-green-soul_600px.jpg 600w, https:\/\/www.greenpeace.org\/static\/planet4-sweden-stateless\/2021\/04\/441b13b9-green-soul_600px-300x200.jpg 300w, https:\/\/www.greenpeace.org\/static\/planet4-sweden-stateless\/2021\/04\/441b13b9-green-soul_600px-510x340.jpg 510w\" sizes=\"auto, (max-width: 600px) 100vw, 600px\" \/><figcaption class=\"wp-element-caption\">Foto: Sebastian Borg<\/figcaption><\/figure>\n\n<h4 class=\"wp-block-heading\"><strong>Med medlemmar fr\u00e5n bland annat The Ark och The Cardigans har supergruppen Green Soul gjort en skiva med musik om klimatet f\u00f6r barn och unga. Int\u00e4kterna fr\u00e5n skivan g\u00e5r till Greenpeace, som \u00e4ven gjort musikvideo till bandets f\u00f6rsta singel. Redan nu g\u00e5r det att f\u00f6rhandslyssna p\u00e5 Malm\u00f6bandets debutalbum, som sl\u00e4pps fredag den 23 april, via Greenpeace hemsida.<\/strong>&nbsp;<\/h4>\n\n<p><em>\u2013 Jag har haft ett starkt engagemang i milj\u00f6fr\u00e5gor i hela livet. Sj\u00e4lva id\u00e9n med skivan \u00e4r att den<\/em> <em>v\u00e4nder sig till barn i mellanstadiet. Alla vuxna vet ju om att milj\u00f6problemen finns, men det h\u00e4nder v\u00e4ldigt lite. Jag tror att m\u00e5nga sitter fast i de strukturer som finns. Barn har d\u00e4remot l\u00e4ttare att vara radikala och kan ta till sig budskapet p\u00e5 ett annat s\u00e4tt, s\u00e4ger<\/em> musikern P\u00e4r Moberg, som \u00e4r initiativtagare till projektet.<\/p>\n\n<p>Syftet med samarbetet \u00e4r st\u00e4rka barn och ungas engagemang i milj\u00f6- och klimatfr\u00e5gor, med hj\u00e4lp av musik som inspirerar, ber\u00f6r och visar konkreta l\u00f6sningar p\u00e5 vad vi kan g\u00f6ra f\u00f6r att tillsammans r\u00e4dda planeten.<\/p>\n\n<p>Videon till den f\u00f6rsta singeln, <em>Ni ser en om\u00f6jlighet &#8211; vi ser en m\u00f6jlighet<\/em>, sl\u00e4pps tisdag den 6 april, som \u00e4ven \u00e4r den dag d\u00e5 Sverige ber\u00e4knas ha anv\u00e4nt v\u00e5r del av jordens resurser f\u00f6r detta \u00e5r &#8211; Sveriges overshoot day. Singeln \u00e4r en soul-ballad som handlar om att det kan k\u00e4nnas tungt att vara barn idag n\u00e4r man ser alla de milj\u00f6hot som vi st\u00e5r inf\u00f6r. Men att barnen \u00e4r morgondagens makthavare, som kan att se till att lyckas d\u00e4r dagens makthavare misslyckas.&nbsp;<\/p>\n\n<p><em>\u201cGreen Soul vill skapa medvetenhet och engagemang f\u00f6r klimatet och milj\u00f6n hos unga, och uppm\u00e4rksamma vad vi tillsammans kan g\u00f6ra f\u00f6r att r\u00e4dda planeten. Vi beh\u00f6ver alla r\u00f6ster som finns f\u00f6r att skapa f\u00f6r\u00e4ndring, och vi p\u00e5 Greenpeace \u00e4r glada att Green Soul tagit det h\u00e4r fina initiativet med sin musik\u201d, s\u00e4ger <\/em>Jenny Wass, ansvarig f\u00f6r Greenpeace kreativa samarbeten.<\/p>\n\n<p>Bandet har valt att sk\u00e4nka samtliga streamingint\u00e4kter fr\u00e5n musiken till Greenpeace arbete. Hela albumet sl\u00e4pps fredag den 23:e april. Men redan nu g\u00e5r det att f\u00f6rhandslyssna p\u00e5 hela skivan endast via Greenpeace. <strong>Den som swishar en g\u00e5va till Greenpeace f\u00e5r \u00e4ven en l\u00e4nk till musikvideon, genom att g\u00e5 in h\u00e4r<\/strong>: <a href=\"https:\/\/act.gp\/3fTiwZk\"><strong>https:\/\/act.gp\/3fTiwZk<\/strong><\/a><\/p>\n\n<p><strong>H\u00e4r kan du f\u00f6rhandslyssna p\u00e5 Green Souls debutalbum: <\/strong><a href=\"https:\/\/act.gp\/3mnvHmy\"><strong>https:\/\/act.gp\/3mnvHmy<\/strong><\/a><\/p>\n\n<p><strong>F\u00f6r mer information:<\/strong>&nbsp;<\/p>\n\n<p>Jenny Wass, 070 250 68 23, <a href=\"mailto:jenny.was@greenpeace.org\">jenny.was@greenpeace.org<\/a><\/p>\n\n<p>P\u00e4r Moberg, 070 243 62 14, <a href=\"mailto:pm@evolvingtraditions.se\">pm@evolvingtraditions.se<\/a>&nbsp;<\/p>\n\n<p><strong>Fakta: Green Soul<\/strong><\/p>\n\n<p>Bandet Green Soul kommer fr\u00e5n Malm\u00f6 och best\u00e5r av musikerna:<\/p>\n\n<p>Magnus Svenningsson \u2013 bas<\/p>\n\n<p>Jens Andersson, s\u00e5ng och slagverk<\/p>\n\n<p>Alexandra Hamnede, s\u00e5ng<\/p>\n\n<p>Rasmus Svensson \u2013 trummor<\/p>\n\n<p>Dolores \u201dDolly\u201d Humovic \u2013 s\u00e5ng<\/p>\n\n<p>Mikael G\u00f6kinan \u2013 gitarr<\/p>\n\n<p>Alice Samoilova \u2013 s\u00e5ng<\/p>\n\n<p>P\u00e4r Moberg \u2013 barytonsax<\/p>\n\n<p>Bj\u00f6rn Edqvist \u2013 trumpet<\/p>\n\n<p>Torbj\u00f6rn Righard \u2013 tenorsax<\/p>\n\n<p>Med p\u00e5 skivan medverkar \u00e4ven elever fr\u00e5n Djupadalsskolan i Malm\u00f6.<\/p>\n\n<p><\/p>\n","protected":false},"excerpt":{"rendered":"<p>Med medlemmar fr\u00e5n bland annat The Ark och The Cardigans har supergruppen Green Soul gjort en skiva med musik om klimatet f\u00f6r barn och unga. Int\u00e4kterna fr\u00e5n skivan g\u00e5r till Greenpeace, som \u00e4ven gjort musikvideo till bandets f\u00f6rsta singel. Redan nu g\u00e5r det att f\u00f6rhandslyssna p\u00e5 Malm\u00f6bandets debutalbum, som sl\u00e4pps fredag den 23 april, via Greenpeace hemsida. <\/p>\n","protected":false},"author":36,"featured_media":46465,"comment_status":"closed","ping_status":"open","sticky":false,"template":"","format":"standard","meta":{"ep_exclude_from_search":false,"p4_og_title":"","p4_og_description":"","p4_og_image":"","p4_og_image_id":"","p4_seo_canonical_url":"","p4_campaign_name":"not set","p4_local_project":"not set","p4_basket_name":"not set","p4_department":"","footnotes":""},"categories":[1],"tags":[8],"p4-page-type":[14],"class_list":["post-46464","post","type-post","status-publish","format-standard","has-post-thumbnail","hentry","category-greenpeace","tag-livsstil","p4-page-type-pressmeddelanden"],"_links":{"self":[{"href":"https:\/\/www.greenpeace.org\/sweden\/wp-json\/wp\/v2\/posts\/46464","targetHints":{"allow":["GET"]}}],"collection":[{"href":"https:\/\/www.greenpeace.org\/sweden\/wp-json\/wp\/v2\/posts"}],"about":[{"href":"https:\/\/www.greenpeace.org\/sweden\/wp-json\/wp\/v2\/types\/post"}],"author":[{"embeddable":true,"href":"https:\/\/www.greenpeace.org\/sweden\/wp-json\/wp\/v2\/users\/36"}],"replies":[{"embeddable":true,"href":"https:\/\/www.greenpeace.org\/sweden\/wp-json\/wp\/v2\/comments?post=46464"}],"version-history":[{"count":5,"href":"https:\/\/www.greenpeace.org\/sweden\/wp-json\/wp\/v2\/posts\/46464\/revisions"}],"predecessor-version":[{"id":55008,"href":"https:\/\/www.greenpeace.org\/sweden\/wp-json\/wp\/v2\/posts\/46464\/revisions\/55008"}],"wp:featuredmedia":[{"embeddable":true,"href":"https:\/\/www.greenpeace.org\/sweden\/wp-json\/wp\/v2\/media\/46465"}],"wp:attachment":[{"href":"https:\/\/www.greenpeace.org\/sweden\/wp-json\/wp\/v2\/media?parent=46464"}],"wp:term":[{"taxonomy":"category","embeddable":true,"href":"https:\/\/www.greenpeace.org\/sweden\/wp-json\/wp\/v2\/categories?post=46464"},{"taxonomy":"post_tag","embeddable":true,"href":"https:\/\/www.greenpeace.org\/sweden\/wp-json\/wp\/v2\/tags?post=46464"},{"taxonomy":"p4-page-type","embeddable":true,"href":"https:\/\/www.greenpeace.org\/sweden\/wp-json\/wp\/v2\/p4-page-type?post=46464"}],"curies":[{"name":"wp","href":"https:\/\/api.w.org\/{rel}","templated":true}]}}