{"id":46504,"date":"2021-04-13T11:28:41","date_gmt":"2021-04-13T10:28:41","guid":{"rendered":"https:\/\/www.greenpeace.org\/sweden\/?p=46504"},"modified":"2024-08-27T09:22:22","modified_gmt":"2024-08-27T08:22:22","slug":"dodsvaggar-destruktivt-fiske-hotar-livsuppehallet-i-den-indiska-oceanen","status":"publish","type":"post","link":"https:\/\/www.greenpeace.org\/sweden\/pressmeddelanden\/hav\/dodsvaggar-destruktivt-fiske-hotar-livsuppehallet-i-den-indiska-oceanen\/","title":{"rendered":"\u201cD\u00f6dsv\u00e4ggar\u201d: destruktivt fiske hotar livsuppeh\u00e4llet i den Indiska oceanen"},"content":{"rendered":"\n<figure class=\"wp-block-image size-large\"><img decoding=\"async\" src=\"https:\/\/www.greenpeace.org\/static\/planet4-sweden-stateless\/2021\/04\/a6922c42-dj\u00e4vulsrocka.jpg\" title=\"bif\u00e5ngst dj\u00e4vulsrocka\" alt=\"bif\u00e5ngst dj\u00e4vulsrocka\" class=\"wp-image-46506\"\/><\/figure>\n\n<p><strong>London, 13 april 2021<\/strong> &#8211; En f\u00e4rsk <a href=\"https:\/\/www.greenpeace.org\/static\/planet4-sweden-stateless\/2021\/04\/52923475-pto-indian-ocean-report-web.pdf\">rapport fr\u00e5n Greenpeace<\/a> visar att fisketrycket i den Indiska oceanens \u00f6ppna hav hotar regionens v\u00e4lm\u00e5ende, kustsamh\u00e4llenas f\u00f6rs\u00f6rjning och flera av de arter som lever d\u00e4r. Regeringar har misslyckats att agera. Greenpeace dokumenterade ett utbrett anv\u00e4ndande av destruktiva fiskemetoder, till och med s\u00e5 kallade \u201cd\u00f6dsv\u00e4ggar\u201d som f\u00f6rbj\u00f6ds av FN redan f\u00f6r 30 \u00e5r sedan.\u00a0<\/p>\n\t\t\t<section\n\t\t\tclass=\"boxout post-645  sticky-bottom-mobile collapse show\"\n\t\t\tid=\"action-card\"\n\t\t>\n\t\t\t<a\n\t\t\t\tdata-ga-category=\"Take Action Boxout\"\n\t\t\t\tdata-ga-action=\"Image\"\n\t\t\t\tdata-ga-label=\"n\/a\"\n\t\t\t\tclass=\"cover-card-overlay\"\n\t\t\t\thref=\"https:\/\/www.greenpeace.org\/sweden\/agera\/skyddahaven\/\" \n\t\t\t><\/a>\n\t\t\t\t\t\t\t<img\n\t\t\t\t\t\tsrc=\"https:\/\/www.greenpeace.org\/static\/planet4-sweden-stateless\/2025\/02\/38acdb55-900x300_split-ud-trawling.jpg\"\n\t\t\t\t\t\tsrcset=\"https:\/\/www.greenpeace.org\/static\/planet4-sweden-stateless\/2025\/02\/38acdb55-900x300_split-ud-trawling-300x100.jpg 300w, https:\/\/www.greenpeace.org\/static\/planet4-sweden-stateless\/2025\/02\/38acdb55-900x300_split-ud-trawling-768x256.jpg 768w, https:\/\/www.greenpeace.org\/static\/planet4-sweden-stateless\/2025\/02\/38acdb55-900x300_split-ud-trawling-510x170.jpg 510w, https:\/\/www.greenpeace.org\/static\/planet4-sweden-stateless\/2025\/02\/38acdb55-900x300_split-ud-trawling.jpg 900w\"\n\t\t\t\t\t\tsizes=\"(min-width: 1000px) 358px, (min-width: 780px) 313px, 88px\"\n\t\t\t\t\t\talt=\"\" title=\"\"\n\t\t\t\t\/>\n            \t\t\t<div class=\"boxout-content\">\n\t\t\t\t\t\t\t\t\t<a\n\t\t\t\t\t\tclass=\"boxout-heading medium\"\n\t\t\t\t\t\tdata-ga-category=\"Take Action Boxout\"\n\t\t\t\t\t\tdata-ga-action=\"Title\"\n\t\t\t\t\t\tdata-ga-label=\"n\/a\"\n\t\t\t\t\t\thref=\"https:\/\/www.greenpeace.org\/sweden\/agera\/skyddahaven\/\"\n\t\t\t\t\t\t\n\t\t\t\t\t>\n\t\t\t\t\t\tSkydda haven &#8211; ratificera avtalet, Maria!\n\t\t\t\t\t<\/a>\n\t\t\t\t\t\t\t\t\t\t\t\t\t<p class=\"boxout-excerpt\">Skriv under och kr\u00e4v med oss att v\u00e5r utrikesminister Maria Malmer Stenergard ser till att Sverige fullf\u00f6ljer sitt l\u00f6fte och godk\u00e4nner avtalet. Skydda haven, Maria! <\/p>\n\t\t\t\t                                    <a\n                        class=\"btn btn-primary\"\n                        data-ga-category=\"Take Action Boxout\"\n                        data-ga-action=\"Call to Action\"\n                        data-ga-label=\"n\/a\"\n                        href=\"https:\/\/www.greenpeace.org\/sweden\/agera\/skyddahaven\/\"\n                        \n                    >\n                        Engagera dig\n                    <\/a>\n                \t\t\t<\/div>\n\t\t\t\t\t\t\t<a\n\t\t\t\t\tclass=\"not-now\"\n\t\t\t\t\trole=\"button\"\n\t\t\t\t\tdata-bs-toggle=\"collapse\"\n\t\t\t\t\thref=\"#action-card\"\n\t\t\t\t><\/a>\n\t\t\t\t\t<\/section>\n\t\n<p><strong>Will McCallum, fr\u00e5n Greenpeace UK:s Protect the oceans &#8211; kampanj s\u00e4ger:&nbsp;<\/strong>&nbsp;<\/p>\n\n<p>Dessa f\u00f6rkrossande scener visar bara ytan av vad som f\u00f6rsigg\u00e5r i v\u00e5ra lagl\u00f6sa hav och vi vet att det \u00e4r m\u00e5nga fler som verkar i skuggan av regelverken. Genom att skruva ner ambitionerna kring havsskydd till f\u00f6rm\u00e5n f\u00f6r fiskeindustrins intressen, bidrar den Europeiska Unionen till ett \u00f6kat tryck p\u00e5 redan f\u00f6rsvagade ekosystem. Vi kan inte till\u00e5ta fiskeindustrins \u201cbusiness as usual\u201d. Vi m\u00e5ste \u00e5terst\u00e4lla havens h\u00e4lsa f\u00f6r de miljontals m\u00e4nniskor som \u00e4r beroende av dem f\u00f6r sin \u00f6verlevnad.&nbsp;&nbsp;<\/p>\n\n<p>Fiske i balans \u00e4r vitalt f\u00f6r att garantera mats\u00e4kerheten f\u00f6r kustsamh\u00e4llen v\u00e4rlden \u00f6ver. Befolkningen runt den Indiska oceanen utg\u00f6r 30% av v\u00e4rldens befolkning och havet f\u00f6rser tre miljarder m\u00e4nniskor med deras viktigaste proteink\u00e4lla. [2] Greenpeace unders\u00f6kning i den Indiska oceanen visar:&nbsp;<\/p>\n\n<ul class=\"wp-block-list\"><li>storskaliga driftn\u00e4t i bruk, s\u00e5 kallade \u201cd\u00f6sdsv\u00e4ggar\u201d, trots att dessa f\u00f6rbj\u00f6ds av FN f\u00f6r 30 \u00e5r sedan, anv\u00e4nds fortfarande i stor utstr\u00e4ckning, vilket leder till en kraftig minskning av det marina livet i regionen. Hajpopulationen har minskat med n\u00e4stan <a href=\"https:\/\/www.nature.com\/articles\/s41586-020-03173-9\">85% under de senaste 50 \u00e5ren.<\/a> Vi har sett anv\u00e4ndandet av drivn\u00e4t &#8211; d\u00e4r sju b\u00e5tar formade tv\u00e5 gigantiska v\u00e4ggar av n\u00e4t f\u00f6r att omringa b\u00e5de fiskar och andra djur. H\u00e4r dokumenterades&nbsp; bif\u00e5ngster av hotade arter, s\u00e5 som dj\u00e4vulsrockan.&nbsp;<\/li><li>ett snabbt v\u00e4xande <a href=\"https:\/\/www.maritime-executive.com\/article\/report-china-s-squid-fishing-fleet-has-discovered-the-indian-ocean\">fiske av bl\u00e4ckfisk<\/a>, d\u00e4r \u00f6ver 100 fartyg h\u00e4rjar fritt i omr\u00e5det, utan internationella regleringar.<\/li><li>svaga institutioner och brist p\u00e5 politisk handling har lett till grovt missk\u00f6tande av fiskeindustrin &#8211; senast genom den internationella <a href=\"https:\/\/www.greenpeace.org\/sweden\/pressmeddelanden\/46246\/visst-skulle-du-inte-lita-pa-en-tjuv-att-vakta-ditt-bankvalv\/\">Tonfiskkommissionens sammantr\u00e4de<\/a>, d\u00e4r trycket fr\u00e5n europeisk industri resulterade i ett misslyckande f\u00f6r att tackla \u00f6verfisket.<\/li><\/ul>\n\n<p><strong>Greenpeace rapport avsl\u00f6jar ocks\u00e5 hur destruktiva fiskemetoder, i synnerhet olika typer av lockbeten i industriell skala anv\u00e4nds av europeiskt \u00e4gda flottor, f\u00f6r\u00e4ndrar livsmilj\u00f6erna i v\u00e4stra Indiska oceanen i ett aldrig tidigare sk\u00e5dat omf\u00e5ng, d\u00e4r ungef\u00e4r en tredjedel av den bed\u00f6mda fiskpopulationen \u00e4r \u00f6verfiskad.<\/strong> Indiska oceanen st\u00e5r f\u00f6r cirka 21% av v\u00e4rldens tonfiskf\u00e5ngst, vilket g\u00f6r den till den n\u00e4st st\u00f6rsta regionen f\u00f6r tonfiskfiske. [3]&nbsp;&nbsp;<\/p>\n\n<p>Regionala fiskerif\u00f6rvaltningsorganisationer har misslyckats med att agera beslutsamt f\u00f6r att skydda marint liv och till\u00e5ter ist\u00e4llet en handfull regeringar som st\u00f6der industriella intressen att utnyttja v\u00e5ra havsresurser.<\/p>\n\n<p><strong>\u201cV\u00e4rldens ledare har en unik chans att v\u00e4nda \u00f6det f\u00f6r v\u00e5ra \u00f6ppna hav genom att komma \u00f6verens om ett starkt globalt havsavtal i FN i \u00e5r. Avtalet kan bidra med verktyg f\u00f6r att vrida tillbaka klockan f\u00f6r v\u00e5ra hav &#8211; och \u00e5teruppliva marina ekosystem, skydda ov\u00e4rdeliga arter och s\u00e4kerst\u00e4lla livet f\u00f6r kustsamh\u00e4llen m\u00e5nga generationer fram\u00e5t.\u201d&nbsp;<\/strong><\/p>\n\n<p><strong>Foto &amp; video<\/strong> tillg\u00e4ngligt <a href=\"https:\/\/media.greenpeace.org\/collection\/27MDHU892IP\">h\u00e4r<\/a>. <\/p>\n\n<p><strong>Fotnoter:<\/strong><\/p>\n\n<p>[1] Rapporten <a href=\"https:\/\/www.greenpeace.org\/static\/planet4-sweden-stateless\/2021\/04\/52923475-pto-indian-ocean-report-web.pdf\"><em>High Stakes: The environmental and social impacts of destructive fishing on the high seas of the Indian Ocean <\/em>laddas ner h\u00e4r.<\/a> <\/p>\n\n<p>[2] FAO (2014). <a href=\"http:\/\/www.fao.org\/fileadmin\/user_upload\/hlpe\/hlpe_documents\/HLPE_S_and_R\/HLPE_2014_Sustainable_Fisheries_and_Aquaculture_Summary_EN.pdf\">High Level Panel of Experts on World Food Security. Sustainable fisheries and aquaculture for food security and nutrition<\/a>.&nbsp;<\/p>\n\n<p>[3] 18 ISSF (2020). <a href=\"https:\/\/iss-foundation.org\/about-tuna\/status-of-the-stocks\/\">Status of the World Fisheries for Tuna: November 2020. In ISSF Technical Report<\/a> 2020-16.&nbsp;&nbsp;<\/p>\n\n<p>[4] Will McCallum \u00e4r kampanjledare f\u00f6r Havsfr\u00e5gor f\u00f6r Greenpeace UK<\/p>\n\t\t\t<section\n\t\t\tclass=\"boxout post-645 \"\n\t\t\t\n\t\t>\n\t\t\t<a\n\t\t\t\tdata-ga-category=\"Take Action Boxout\"\n\t\t\t\tdata-ga-action=\"Image\"\n\t\t\t\tdata-ga-label=\"n\/a\"\n\t\t\t\tclass=\"cover-card-overlay\"\n\t\t\t\thref=\"https:\/\/www.greenpeace.org\/sweden\/agera\/skyddahaven\/\" \n\t\t\t><\/a>\n\t\t\t\t\t\t\t<img\n\t\t\t\t\t\tsrc=\"https:\/\/www.greenpeace.org\/static\/planet4-sweden-stateless\/2025\/02\/38acdb55-900x300_split-ud-trawling.jpg\"\n\t\t\t\t\t\tsrcset=\"https:\/\/www.greenpeace.org\/static\/planet4-sweden-stateless\/2025\/02\/38acdb55-900x300_split-ud-trawling-300x100.jpg 300w, https:\/\/www.greenpeace.org\/static\/planet4-sweden-stateless\/2025\/02\/38acdb55-900x300_split-ud-trawling-768x256.jpg 768w, https:\/\/www.greenpeace.org\/static\/planet4-sweden-stateless\/2025\/02\/38acdb55-900x300_split-ud-trawling-510x170.jpg 510w, https:\/\/www.greenpeace.org\/static\/planet4-sweden-stateless\/2025\/02\/38acdb55-900x300_split-ud-trawling.jpg 900w\"\n\t\t\t\t\t\tsizes=\"(min-width: 1000px) 358px, (min-width: 780px) 313px, 88px\"\n\t\t\t\t\t\talt=\"\" title=\"\"\n\t\t\t\t\/>\n            \t\t\t<div class=\"boxout-content\">\n\t\t\t\t\t\t\t\t\t<a\n\t\t\t\t\t\tclass=\"boxout-heading medium\"\n\t\t\t\t\t\tdata-ga-category=\"Take Action Boxout\"\n\t\t\t\t\t\tdata-ga-action=\"Title\"\n\t\t\t\t\t\tdata-ga-label=\"n\/a\"\n\t\t\t\t\t\thref=\"https:\/\/www.greenpeace.org\/sweden\/agera\/skyddahaven\/\"\n\t\t\t\t\t\t\n\t\t\t\t\t>\n\t\t\t\t\t\tSkydda haven &#8211; ratificera avtalet, Maria!\n\t\t\t\t\t<\/a>\n\t\t\t\t\t\t\t\t\t\t\t\t\t<p class=\"boxout-excerpt\">Skriv under och kr\u00e4v med oss att v\u00e5r utrikesminister Maria Malmer Stenergard ser till att Sverige fullf\u00f6ljer sitt l\u00f6fte och godk\u00e4nner avtalet. Skydda haven, Maria! <\/p>\n\t\t\t\t                                    <a\n                        class=\"btn btn-primary\"\n                        data-ga-category=\"Take Action Boxout\"\n                        data-ga-action=\"Call to Action\"\n                        data-ga-label=\"n\/a\"\n                        href=\"https:\/\/www.greenpeace.org\/sweden\/agera\/skyddahaven\/\"\n                        \n                    >\n                        Engagera dig\n                    <\/a>\n                \t\t\t<\/div>\n\t\t\t\t\t<\/section>\n\t","protected":false},"excerpt":{"rendered":"<p>London, 13 april 2021 &#8211; En f\u00e4rsk rapport fr\u00e5n Greenpeace visar att fisketrycket i den Indiska oceanens \u00f6ppna hav hotar regionens v\u00e4lm\u00e5ende, kustsamh\u00e4llenas f\u00f6rs\u00f6rjning och flera av de arter som&hellip;<\/p>\n","protected":false},"author":69,"featured_media":46506,"comment_status":"closed","ping_status":"open","sticky":false,"template":"","format":"standard","meta":{"ep_exclude_from_search":false,"p4_og_title":"","p4_og_description":"","p4_og_image":"","p4_og_image_id":"","p4_seo_canonical_url":"","p4_campaign_name":"not set","p4_local_project":"not set","p4_basket_name":"not set","p4_department":"","footnotes":""},"categories":[3],"tags":[28,40,30],"p4-page-type":[14],"class_list":["post-46504","post","type-post","status-publish","format-standard","has-post-thumbnail","hentry","category-hav","tag-overfiske","tag-biodiversitet","tag-marinaskyddadeomraden","p4-page-type-pressmeddelanden"],"_links":{"self":[{"href":"https:\/\/www.greenpeace.org\/sweden\/wp-json\/wp\/v2\/posts\/46504","targetHints":{"allow":["GET"]}}],"collection":[{"href":"https:\/\/www.greenpeace.org\/sweden\/wp-json\/wp\/v2\/posts"}],"about":[{"href":"https:\/\/www.greenpeace.org\/sweden\/wp-json\/wp\/v2\/types\/post"}],"author":[{"embeddable":true,"href":"https:\/\/www.greenpeace.org\/sweden\/wp-json\/wp\/v2\/users\/69"}],"replies":[{"embeddable":true,"href":"https:\/\/www.greenpeace.org\/sweden\/wp-json\/wp\/v2\/comments?post=46504"}],"version-history":[{"count":6,"href":"https:\/\/www.greenpeace.org\/sweden\/wp-json\/wp\/v2\/posts\/46504\/revisions"}],"predecessor-version":[{"id":51983,"href":"https:\/\/www.greenpeace.org\/sweden\/wp-json\/wp\/v2\/posts\/46504\/revisions\/51983"}],"wp:featuredmedia":[{"embeddable":true,"href":"https:\/\/www.greenpeace.org\/sweden\/wp-json\/wp\/v2\/media\/46506"}],"wp:attachment":[{"href":"https:\/\/www.greenpeace.org\/sweden\/wp-json\/wp\/v2\/media?parent=46504"}],"wp:term":[{"taxonomy":"category","embeddable":true,"href":"https:\/\/www.greenpeace.org\/sweden\/wp-json\/wp\/v2\/categories?post=46504"},{"taxonomy":"post_tag","embeddable":true,"href":"https:\/\/www.greenpeace.org\/sweden\/wp-json\/wp\/v2\/tags?post=46504"},{"taxonomy":"p4-page-type","embeddable":true,"href":"https:\/\/www.greenpeace.org\/sweden\/wp-json\/wp\/v2\/p4-page-type?post=46504"}],"curies":[{"name":"wp","href":"https:\/\/api.w.org\/{rel}","templated":true}]}}