{"id":46625,"date":"2021-04-30T07:26:06","date_gmt":"2021-04-30T06:26:06","guid":{"rendered":"https:\/\/www.greenpeace.org\/sweden\/?p=46625"},"modified":"2024-08-27T09:26:48","modified_gmt":"2024-08-27T08:26:48","slug":"greenpeace-svar-pa-skogsutredningen","status":"publish","type":"post","link":"https:\/\/www.greenpeace.org\/sweden\/pressmeddelanden\/skog\/greenpeace-svar-pa-skogsutredningen\/","title":{"rendered":"Greenpeace svar p\u00e5 skogsutredningen"},"content":{"rendered":"\n<p><strong>Grundf\u00f6ruts\u00e4ttningarna i utredningens direktiv l\u00e5ser in skogsbruket i en linj\u00e4r aff\u00e4rsmodell d\u00e4r ca 80% av det vi tar ut ur skogen g\u00e5r till f\u00f6rbr\u00e4nning eller andra kortlivade produkter. H\u00e4r kan du l\u00e4sa Greenpeace remissvar till skogsutredningen.<\/strong><\/p>\n\n<figure class=\"wp-block-image size-large\"><img loading=\"lazy\" decoding=\"async\" width=\"800\" height=\"530\" src=\"https:\/\/www.greenpeace.org\/static\/planet4-sweden-stateless\/2021\/03\/d67e0304-gp02sdw_web_size-1.jpg\" alt=\"\" class=\"wp-image-46368\" srcset=\"https:\/\/www.greenpeace.org\/static\/planet4-sweden-stateless\/2021\/03\/d67e0304-gp02sdw_web_size-1.jpg 800w, https:\/\/www.greenpeace.org\/static\/planet4-sweden-stateless\/2021\/03\/d67e0304-gp02sdw_web_size-1-300x199.jpg 300w, https:\/\/www.greenpeace.org\/static\/planet4-sweden-stateless\/2021\/03\/d67e0304-gp02sdw_web_size-1-768x509.jpg 768w, https:\/\/www.greenpeace.org\/static\/planet4-sweden-stateless\/2021\/03\/d67e0304-gp02sdw_web_size-1-510x338.jpg 510w\" sizes=\"auto, (max-width: 800px) 100vw, 800px\" \/><\/figure>\n\n<p id=\"block-c84eccc0-9b44-4014-bed9-32195d30c3c8\"><strong>\u00d6vergripande om skogsutredningen<\/strong><\/p>\n\n<p id=\"block-c033f88b-edc2-4fa5-80ea-21589dcb4903\">Grundf\u00f6ruts\u00e4ttningarna i utredningens direktiv l\u00e5ser in skogsbruket i en linj\u00e4r aff\u00e4rsmodell d\u00e4r ca 80% av det vi tar ut ur skogen g\u00e5r till f\u00f6rbr\u00e4nning eller andra kortlivade produkter.<\/p>\n\n<p id=\"block-f331be55-226a-4d3a-81d8-0003502e1ef8\">Sedan \u00e5r 1950 har avverkningarna mer \u00e4n f\u00f6rdubblats och sedan \u00e5r 1980 har de \u00f6kat med \u00f6ver 50%. Det \u00e4r orimligt att planera f\u00f6r fortsatt \u00f6kande avverkningstakt n\u00e4r Sverige inte n\u00e5r milj\u00f6m\u00e5len kopplade till skogen. Kraven p\u00e5 vad skogen ska leverera \u00e4r orimliga och resultatet av ett totalt misslyckande med att skapa en cirkul\u00e4r ekonomi baserad p\u00e5 aff\u00e4rsmodeller som kr\u00e4ver mindre, inte mer, r\u00e5varor.<\/p>\n\n<p id=\"block-05010ccd-02c9-49b7-9904-66a5a44596bb\">Ekosystemen \u00e4r det snabbaste s\u00e4ttet att, utan \u00f6kning av teknosf\u00e4ren, snabbt binda in mer koldioxid. Sveriges skogliga ekosystem har en viktigt roll att spela som kols\u00e4nka. Under omst\u00e4llningen till en h\u00e5llbar v\u00e4lf\u00e4rdsnation m\u00e5ste \u00e4ven en \u00f6kad andel av skogen f\u00e5 v\u00e4xa sig \u00e4ldre s\u00e5 att vi snabbt kan binda in mer koldioxid, det \u00e4r det snabbaste och billigaste s\u00e4ttet att minska klimatgaserna i atmosf\u00e4ren, helt utan nya tekniska investeringar. Om tr\u00e4 i st\u00f6rre utstr\u00e4ckning anv\u00e4nds f\u00f6r l\u00e5nglivade produkter kan vi binda in kol \u00e4ven i teknosf\u00e4ren under de kommande kritiska decennierna.<\/p>\n\n<p id=\"block-28251475-a875-4eb8-9be9-24d2c634b5fa\">Ser man skogens roll i det st\u00f6rre perspektivet, bortom dagens fokus p\u00e5 att leverera r\u00e5varor till en helt oh\u00e5llbar ekonomi, \u00f6ppnas helt nya m\u00f6jligheter att f\u00f6rena skogsbruk med milj\u00f6nytta. Ett skogsbruk som inte bara minimerar skador utan som \u00e5terst\u00e4ller ett sammanh\u00e4ngande n\u00e4tverk av livsmilj\u00f6er som ger utrymme f\u00f6r en m\u00e5ngfald av arter att existera \u00e4ven utanf\u00f6r formellt skyddade omr\u00e5den.<\/p>\n\n<p id=\"block-d322af0a-ee96-4a66-802d-2e30758809c5\"><a href=\"https:\/\/www.greenpeace.org\/static\/planet4-sweden-stateless\/2021\/04\/dc9c40df-remissvar-greenpeace-skogsutredningen.pdf\">L\u00e4s hela remissvaret fr\u00e5n Greenpeace h\u00e4r<\/a><\/p>\n\t\t\t<section\n\t\t\tclass=\"boxout post-46050 \"\n\t\t\t\n\t\t>\n\t\t\t<a\n\t\t\t\tdata-ga-category=\"Take Action Boxout\"\n\t\t\t\tdata-ga-action=\"Image\"\n\t\t\t\tdata-ga-label=\"n\/a\"\n\t\t\t\tclass=\"cover-card-overlay\"\n\t\t\t\thref=\"https:\/\/www.greenpeace.org\/sweden\/agera\/skydda-svensk-skog\/\" \n\t\t\t><\/a>\n\t\t\t\t\t\t\t<img\n\t\t\t\t\t\tsrc=\"https:\/\/www.greenpeace.org\/static\/planet4-sweden-stateless\/2021\/02\/d67f8b00-gp0stq8ze_web_size.jpg\"\n\t\t\t\t\t\tsrcset=\"https:\/\/www.greenpeace.org\/static\/planet4-sweden-stateless\/2021\/02\/d67f8b00-gp0stq8ze_web_size-300x200.jpg 300w, https:\/\/www.greenpeace.org\/static\/planet4-sweden-stateless\/2021\/02\/d67f8b00-gp0stq8ze_web_size-768x512.jpg 768w, https:\/\/www.greenpeace.org\/static\/planet4-sweden-stateless\/2021\/02\/d67f8b00-gp0stq8ze_web_size-510x340.jpg 510w, https:\/\/www.greenpeace.org\/static\/planet4-sweden-stateless\/2021\/02\/d67f8b00-gp0stq8ze_web_size.jpg 800w\"\n\t\t\t\t\t\tsizes=\"(min-width: 1000px) 358px, (min-width: 780px) 313px, 88px\"\n\t\t\t\t\t\talt=\"\" title=\"\"\n\t\t\t\t\/>\n            \t\t\t<div class=\"boxout-content\">\n\t\t\t\t\t\t\t\t\t<a\n\t\t\t\t\t\tclass=\"boxout-heading medium\"\n\t\t\t\t\t\tdata-ga-category=\"Take Action Boxout\"\n\t\t\t\t\t\tdata-ga-action=\"Title\"\n\t\t\t\t\t\tdata-ga-label=\"n\/a\"\n\t\t\t\t\t\thref=\"https:\/\/www.greenpeace.org\/sweden\/agera\/skydda-svensk-skog\/\"\n\t\t\t\t\t\t\n\t\t\t\t\t>\n\t\t\t\t\t\tSkydda svensk skog\n\t\t\t\t\t<\/a>\n\t\t\t\t\t\t\t\t\t\t\t\t\t<p class=\"boxout-excerpt\">Skriv under och hj\u00e4lp oss s\u00e4tta press p\u00e5 regeringen och kr\u00e4v att statliga Sveaskog g\u00f6rs om fr\u00e5n en skogsbov till en skogshj\u00e4lte! <\/p>\n\t\t\t\t                                    <a\n                        class=\"btn btn-primary\"\n                        data-ga-category=\"Take Action Boxout\"\n                        data-ga-action=\"Call to Action\"\n                        data-ga-label=\"n\/a\"\n                        href=\"https:\/\/www.greenpeace.org\/sweden\/agera\/skydda-svensk-skog\/\"\n                        \n                    >\n                        Engagera dig\n                    <\/a>\n                \t\t\t<\/div>\n\t\t\t\t\t<\/section>\n\t","protected":false},"excerpt":{"rendered":"<p>Grundf\u00f6ruts\u00e4ttningarna i utredningens direktiv l\u00e5ser in skogsbruket i en linj\u00e4r aff\u00e4rsmodell d\u00e4r ca 80% av det vi tar ut ur skogen g\u00e5r till f\u00f6rbr\u00e4nning eller andra kortlivade produkter. H\u00e4r kan&hellip;<\/p>\n","protected":false},"author":38,"featured_media":46366,"comment_status":"open","ping_status":"open","sticky":false,"template":"","format":"standard","meta":{"ep_exclude_from_search":false,"p4_og_title":"","p4_og_description":"","p4_og_image":"","p4_og_image_id":"","p4_seo_canonical_url":"","p4_campaign_name":"not set","p4_local_project":"not set","p4_basket_name":"not set","p4_department":"","footnotes":""},"categories":[22],"tags":[19,40,53],"p4-page-type":[14],"class_list":["post-46625","post","type-post","status-publish","format-standard","has-post-thumbnail","hentry","category-skog","tag-skyddaskogen","tag-biodiversitet","tag-svenskpolitik","p4-page-type-pressmeddelanden"],"_links":{"self":[{"href":"https:\/\/www.greenpeace.org\/sweden\/wp-json\/wp\/v2\/posts\/46625","targetHints":{"allow":["GET"]}}],"collection":[{"href":"https:\/\/www.greenpeace.org\/sweden\/wp-json\/wp\/v2\/posts"}],"about":[{"href":"https:\/\/www.greenpeace.org\/sweden\/wp-json\/wp\/v2\/types\/post"}],"author":[{"embeddable":true,"href":"https:\/\/www.greenpeace.org\/sweden\/wp-json\/wp\/v2\/users\/38"}],"replies":[{"embeddable":true,"href":"https:\/\/www.greenpeace.org\/sweden\/wp-json\/wp\/v2\/comments?post=46625"}],"version-history":[{"count":3,"href":"https:\/\/www.greenpeace.org\/sweden\/wp-json\/wp\/v2\/posts\/46625\/revisions"}],"predecessor-version":[{"id":49744,"href":"https:\/\/www.greenpeace.org\/sweden\/wp-json\/wp\/v2\/posts\/46625\/revisions\/49744"}],"wp:featuredmedia":[{"embeddable":true,"href":"https:\/\/www.greenpeace.org\/sweden\/wp-json\/wp\/v2\/media\/46366"}],"wp:attachment":[{"href":"https:\/\/www.greenpeace.org\/sweden\/wp-json\/wp\/v2\/media?parent=46625"}],"wp:term":[{"taxonomy":"category","embeddable":true,"href":"https:\/\/www.greenpeace.org\/sweden\/wp-json\/wp\/v2\/categories?post=46625"},{"taxonomy":"post_tag","embeddable":true,"href":"https:\/\/www.greenpeace.org\/sweden\/wp-json\/wp\/v2\/tags?post=46625"},{"taxonomy":"p4-page-type","embeddable":true,"href":"https:\/\/www.greenpeace.org\/sweden\/wp-json\/wp\/v2\/p4-page-type?post=46625"}],"curies":[{"name":"wp","href":"https:\/\/api.w.org\/{rel}","templated":true}]}}