{"id":46648,"date":"2021-05-05T12:04:57","date_gmt":"2021-05-05T11:04:57","guid":{"rendered":"https:\/\/www.greenpeace.org\/sweden\/?p=46648"},"modified":"2024-08-21T15:49:37","modified_gmt":"2024-08-21T14:49:37","slug":"vackra-bilder-fran-outforskat-ekosystem-i-indiska-oceanen","status":"publish","type":"post","link":"https:\/\/www.greenpeace.org\/sweden\/artiklar\/hav\/vackra-bilder-fran-outforskat-ekosystem-i-indiska-oceanen\/","title":{"rendered":"Vackra bilder fr\u00e5n outforskat ekosystem i Indiska oceanen"},"content":{"rendered":"\n<p>Mitt i Indiska oceanen ligger ett unikt och outforskat ekosystem: Saya de Malha bank. Bara n\u00e5gra meter under havsytan ligger v\u00e4rldens st\u00f6rsta sj\u00f6gr\u00e4s\u00e4ng och d\u00e4rmed en av de st\u00f6rsta koldioxids\u00e4nkorna i \u00f6ppet vatten. Det \u00e4r hem till ett rikt fantastiskt djurliv som till exempel pygme bl\u00e5val, havssk\u00f6ldpaddor och hajar. Nu \u00e4r ekosystemet hotat av industriellt fiske och klimatf\u00f6r\u00e4ndringar.&nbsp;<\/p>\n\n<p>Greenpeace har rest till Saya de Malha bank p\u00e5 ett banbrytande uppdrag f\u00f6r att studera detta viktiga omr\u00e5de &#8211; ett utm\u00e4rkt exempel p\u00e5 den typ av platser som ett globalt havsavtal kan hj\u00e4lpa att skydda. Vi bedriver avg\u00f6rande vetenskaplig forskning om vilda djur och ekosystem f\u00f6r att \u00f6vertyga varf\u00f6r dessa internationella vatten b\u00f6r skyddas mot m\u00e4nsklig exploatering.&nbsp;<\/p>\n\n<p>F\u00f6lj med oss under ytan och uppt\u00e4ck denna vackra plats! L\u00e5t oss dyka ner i det ok\u00e4nda och till en plats som v\u00e4rlden vet v\u00e4ldigt lite om.&nbsp;<\/p>\n\n<figure class=\"wp-block-image size-large\"><img loading=\"lazy\" decoding=\"async\" width=\"800\" height=\"533\" src=\"https:\/\/www.greenpeace.org\/static\/planet4-sweden-stateless\/2021\/05\/df1c5e1d-gp1sv0cb_web_size_with_credit_line.jpg\" alt=\"\" class=\"wp-image-46649\" srcset=\"https:\/\/www.greenpeace.org\/static\/planet4-sweden-stateless\/2021\/05\/df1c5e1d-gp1sv0cb_web_size_with_credit_line.jpg 800w, https:\/\/www.greenpeace.org\/static\/planet4-sweden-stateless\/2021\/05\/df1c5e1d-gp1sv0cb_web_size_with_credit_line-300x200.jpg 300w, https:\/\/www.greenpeace.org\/static\/planet4-sweden-stateless\/2021\/05\/df1c5e1d-gp1sv0cb_web_size_with_credit_line-768x512.jpg 768w, https:\/\/www.greenpeace.org\/static\/planet4-sweden-stateless\/2021\/05\/df1c5e1d-gp1sv0cb_web_size_with_credit_line-510x340.jpg 510w\" sizes=\"auto, (max-width: 800px) 100vw, 800px\" \/><figcaption class=\"wp-element-caption\">Kaskelotter listas som en s\u00e5rbar art enligt Internationella naturv\u00e5rdunionen (IUCN) och \u00e4r den st\u00f6rsta av alla tandvalar. De kan bli 60 \u00e5r gamla och dyka ner till \u00f6ver 3000 meters djup f\u00f6r att hitta sina favoritbyten som inkluderar bl\u00e4ckfisk, hajar och fisk. Kaskelotten p\u00e5 bilden s\u00e5gs n\u00e4ra Seychellerna.&nbsp;<br><\/figcaption><\/figure>\n\n<figure class=\"wp-block-image size-large\"><img loading=\"lazy\" decoding=\"async\" width=\"800\" height=\"533\" src=\"https:\/\/www.greenpeace.org\/static\/planet4-sweden-stateless\/2021\/05\/c3b6ab23-gp1suz5e_web_size_with_credit_line.jpg\" alt=\"\" class=\"wp-image-46650\" srcset=\"https:\/\/www.greenpeace.org\/static\/planet4-sweden-stateless\/2021\/05\/c3b6ab23-gp1suz5e_web_size_with_credit_line.jpg 800w, https:\/\/www.greenpeace.org\/static\/planet4-sweden-stateless\/2021\/05\/c3b6ab23-gp1suz5e_web_size_with_credit_line-300x200.jpg 300w, https:\/\/www.greenpeace.org\/static\/planet4-sweden-stateless\/2021\/05\/c3b6ab23-gp1suz5e_web_size_with_credit_line-768x512.jpg 768w, https:\/\/www.greenpeace.org\/static\/planet4-sweden-stateless\/2021\/05\/c3b6ab23-gp1suz5e_web_size_with_credit_line-510x340.jpg 510w\" sizes=\"auto, (max-width: 800px) 100vw, 800px\" \/><figcaption class=\"wp-element-caption\">Bilden visar fiskar som simmar \u00f6ver koraller p\u00e5 Saya de Mahla bank. Saya de Mahla bank ligger mellan Mauritius och Seychellerna mitt i Indiska oceanen.<\/figcaption><\/figure>\n\n<figure class=\"wp-block-image size-large\"><img loading=\"lazy\" decoding=\"async\" width=\"800\" height=\"533\" src=\"https:\/\/www.greenpeace.org\/static\/planet4-sweden-stateless\/2021\/05\/60da9bbb-gp1suwjd_web_size_with_credit_line.jpg\" alt=\"\" class=\"wp-image-46651\" srcset=\"https:\/\/www.greenpeace.org\/static\/planet4-sweden-stateless\/2021\/05\/60da9bbb-gp1suwjd_web_size_with_credit_line.jpg 800w, https:\/\/www.greenpeace.org\/static\/planet4-sweden-stateless\/2021\/05\/60da9bbb-gp1suwjd_web_size_with_credit_line-300x200.jpg 300w, https:\/\/www.greenpeace.org\/static\/planet4-sweden-stateless\/2021\/05\/60da9bbb-gp1suwjd_web_size_with_credit_line-768x512.jpg 768w, https:\/\/www.greenpeace.org\/static\/planet4-sweden-stateless\/2021\/05\/60da9bbb-gp1suwjd_web_size_with_credit_line-510x340.jpg 510w\" sizes=\"auto, (max-width: 800px) 100vw, 800px\" \/><figcaption class=\"wp-element-caption\">Det \u00e4r den st\u00f6rsta sj\u00f6gr\u00e4s\u00e4ngen i v\u00e4rlden och en av de st\u00f6rsta kols\u00e4nkorna i \u00f6ppet vatten. Sj\u00f6gr\u00e4s har en viktig roll f\u00f6r att reglera haven och lagrar mer \u00e4n dubbelt s\u00e5 mycket kol per yta som skog g\u00f6r p\u00e5 land.&nbsp;<br>.<\/figcaption><\/figure>\n\n<figure class=\"wp-block-image size-large\"><img loading=\"lazy\" decoding=\"async\" width=\"800\" height=\"533\" src=\"https:\/\/www.greenpeace.org\/static\/planet4-sweden-stateless\/2021\/05\/0d03a08c-gp1suz5b_web_size_with_credit_line.jpg\" alt=\"\" class=\"wp-image-46652\" srcset=\"https:\/\/www.greenpeace.org\/static\/planet4-sweden-stateless\/2021\/05\/0d03a08c-gp1suz5b_web_size_with_credit_line.jpg 800w, https:\/\/www.greenpeace.org\/static\/planet4-sweden-stateless\/2021\/05\/0d03a08c-gp1suz5b_web_size_with_credit_line-300x200.jpg 300w, https:\/\/www.greenpeace.org\/static\/planet4-sweden-stateless\/2021\/05\/0d03a08c-gp1suz5b_web_size_with_credit_line-768x512.jpg 768w, https:\/\/www.greenpeace.org\/static\/planet4-sweden-stateless\/2021\/05\/0d03a08c-gp1suz5b_web_size_with_credit_line-510x340.jpg 510w\" sizes=\"auto, (max-width: 800px) 100vw, 800px\" \/><figcaption class=\"wp-element-caption\">Saya de Malha \u00e4r hem till ett fantastiskt djurliv och ett rikt ekosystem &#8211; fr\u00e5n pygme bl\u00e5valar, sj\u00f6kor, f\u00e4rgglada koraller och ett stort antal fisk.&nbsp;<br><\/figcaption><\/figure>\n\n<figure class=\"wp-block-image size-large\"><img loading=\"lazy\" decoding=\"async\" width=\"800\" height=\"533\" src=\"https:\/\/www.greenpeace.org\/static\/planet4-sweden-stateless\/2021\/05\/cf8a33d1-gp1suz59_web_size_with_credit_line.jpg\" title=\"Bild p\u00e5 sj\u00f6gr\u00e4s\u00e4ngar med ett bl\u00e5tt hav.\" alt=\"\" class=\"wp-image-46653\" srcset=\"https:\/\/www.greenpeace.org\/static\/planet4-sweden-stateless\/2021\/05\/cf8a33d1-gp1suz59_web_size_with_credit_line.jpg 800w, https:\/\/www.greenpeace.org\/static\/planet4-sweden-stateless\/2021\/05\/cf8a33d1-gp1suz59_web_size_with_credit_line-300x200.jpg 300w, https:\/\/www.greenpeace.org\/static\/planet4-sweden-stateless\/2021\/05\/cf8a33d1-gp1suz59_web_size_with_credit_line-768x512.jpg 768w, https:\/\/www.greenpeace.org\/static\/planet4-sweden-stateless\/2021\/05\/cf8a33d1-gp1suz59_web_size_with_credit_line-510x340.jpg 510w\" sizes=\"auto, (max-width: 800px) 100vw, 800px\" \/><figcaption class=\"wp-element-caption\">P\u00e5 en plat\u00e5, lika stor som Schweiz och hundratals mil fr\u00e5n n\u00e4rmaste kust, sveper gummiliknande sj\u00f6gr\u00e4sblad i havsstr\u00f6mmarna.<br><\/figcaption><\/figure>\n\n<figure class=\"wp-block-image size-large\"><img loading=\"lazy\" decoding=\"async\" width=\"800\" height=\"533\" src=\"https:\/\/www.greenpeace.org\/static\/planet4-sweden-stateless\/2021\/05\/aca46a5b-gp1sv158_web_size_with_credit_line.jpg\" alt=\"\" class=\"wp-image-46654\" srcset=\"https:\/\/www.greenpeace.org\/static\/planet4-sweden-stateless\/2021\/05\/aca46a5b-gp1sv158_web_size_with_credit_line.jpg 800w, https:\/\/www.greenpeace.org\/static\/planet4-sweden-stateless\/2021\/05\/aca46a5b-gp1sv158_web_size_with_credit_line-300x200.jpg 300w, https:\/\/www.greenpeace.org\/static\/planet4-sweden-stateless\/2021\/05\/aca46a5b-gp1sv158_web_size_with_credit_line-768x512.jpg 768w, https:\/\/www.greenpeace.org\/static\/planet4-sweden-stateless\/2021\/05\/aca46a5b-gp1sv158_web_size_with_credit_line-510x340.jpg 510w\" sizes=\"auto, (max-width: 800px) 100vw, 800px\" \/><figcaption class=\"wp-element-caption\">Karettsk\u00f6ldpadda utanf\u00f6r Mahekust, Seychellerna. Precis som andra havssk\u00f6ldpaddor hotas karettsk\u00f6ldpaddan av f\u00f6rlusten av h\u00e4ckningsomr\u00e5den och f\u00f6doplatser, bif\u00e5ngst av fiskeindustrin, f\u00f6roreningar och \u00f6kad bebyggelse l\u00e4ngs kusterna.&nbsp;<br><br>Havssk\u00f6ldpaddor \u00e4r en levande relik av en grupp reptiler som funnits p\u00e5 jorden och simmat i haven i 100 miljoner \u00e5r. De har en nyckelroll i marina ekosystem och hj\u00e4lper skapa h\u00e4lsosamma korallrev och sj\u00f6gr\u00e4s\u00e4ngar.&nbsp;<br><\/figcaption><\/figure>\n\n<figure class=\"wp-block-image size-large\"><img loading=\"lazy\" decoding=\"async\" width=\"800\" height=\"533\" src=\"https:\/\/www.greenpeace.org\/static\/planet4-sweden-stateless\/2021\/05\/1b9e3758-gp1suz5a_web_size_with_credit_line.jpg\" alt=\"\" class=\"wp-image-46655\" srcset=\"https:\/\/www.greenpeace.org\/static\/planet4-sweden-stateless\/2021\/05\/1b9e3758-gp1suz5a_web_size_with_credit_line.jpg 800w, https:\/\/www.greenpeace.org\/static\/planet4-sweden-stateless\/2021\/05\/1b9e3758-gp1suz5a_web_size_with_credit_line-300x200.jpg 300w, https:\/\/www.greenpeace.org\/static\/planet4-sweden-stateless\/2021\/05\/1b9e3758-gp1suz5a_web_size_with_credit_line-768x512.jpg 768w, https:\/\/www.greenpeace.org\/static\/planet4-sweden-stateless\/2021\/05\/1b9e3758-gp1suz5a_web_size_with_credit_line-510x340.jpg 510w\" sizes=\"auto, (max-width: 800px) 100vw, 800px\" \/><figcaption class=\"wp-element-caption\">Miljoner m\u00e4nniskor som lever l\u00e4ngs kusterna och p\u00e5 \u00f6arna i Indiska oceanen \u00e4r beroende av havet f\u00f6r deras mat och livsuppeh\u00e4lle. Nu \u00e4r det hotat av industriellt fiske och klimatf\u00f6r\u00e4ndringar.<\/figcaption><\/figure>\n\n<figure class=\"wp-block-image size-large\"><img loading=\"lazy\" decoding=\"async\" width=\"800\" height=\"533\" src=\"https:\/\/www.greenpeace.org\/static\/planet4-sweden-stateless\/2021\/05\/6d7a812b-gp1suy6l_web_size_with_credit_line.jpg\" alt=\"\" class=\"wp-image-46656\" srcset=\"https:\/\/www.greenpeace.org\/static\/planet4-sweden-stateless\/2021\/05\/6d7a812b-gp1suy6l_web_size_with_credit_line.jpg 800w, https:\/\/www.greenpeace.org\/static\/planet4-sweden-stateless\/2021\/05\/6d7a812b-gp1suy6l_web_size_with_credit_line-300x200.jpg 300w, https:\/\/www.greenpeace.org\/static\/planet4-sweden-stateless\/2021\/05\/6d7a812b-gp1suy6l_web_size_with_credit_line-768x512.jpg 768w, https:\/\/www.greenpeace.org\/static\/planet4-sweden-stateless\/2021\/05\/6d7a812b-gp1suy6l_web_size_with_credit_line-510x340.jpg 510w\" sizes=\"auto, (max-width: 800px) 100vw, 800px\" \/><figcaption class=\"wp-element-caption\">Flasknosdelfin i Victoriahamnen i Seychellerna. Antalet delfiner i Indiska oceanen har minskat med mer \u00e4n 80% de senaste decennierna. M\u00e5nga av dem fastnar som bif\u00e5ngst i kommersiella fisken\u00e4t som anv\u00e4nds f\u00f6r att f\u00e5nga tonfisk.&nbsp;<br><br>Ombord p\u00e5 Greenpeace skepp, Arctic Sunrise, har forskare samlat upp eDNA f\u00f6r att skapa en databas och en f\u00f6rst\u00e5else f\u00f6r omr\u00e5dets megafauna. eDNA st\u00e5r f\u00f6r environmental DNA och kan samlas in p\u00e5 m\u00e5nga olika s\u00e4tt. N\u00e4r djur som fisk, hajar och valar simmar genom havet l\u00e4mnar de sp\u00e5r av deras DNA i skinn, avf\u00f6ring, skal och annat.&nbsp;<br><\/figcaption><\/figure>\n\n<figure class=\"wp-block-image size-large\"><img loading=\"lazy\" decoding=\"async\" width=\"800\" height=\"533\" src=\"https:\/\/www.greenpeace.org\/static\/planet4-sweden-stateless\/2021\/05\/5b8d1263-gp1sv0br_web_size_with_credit_line.jpg\" alt=\"\" class=\"wp-image-46657\" srcset=\"https:\/\/www.greenpeace.org\/static\/planet4-sweden-stateless\/2021\/05\/5b8d1263-gp1sv0br_web_size_with_credit_line.jpg 800w, https:\/\/www.greenpeace.org\/static\/planet4-sweden-stateless\/2021\/05\/5b8d1263-gp1sv0br_web_size_with_credit_line-300x200.jpg 300w, https:\/\/www.greenpeace.org\/static\/planet4-sweden-stateless\/2021\/05\/5b8d1263-gp1sv0br_web_size_with_credit_line-768x512.jpg 768w, https:\/\/www.greenpeace.org\/static\/planet4-sweden-stateless\/2021\/05\/5b8d1263-gp1sv0br_web_size_with_credit_line-510x340.jpg 510w\" sizes=\"auto, (max-width: 800px) 100vw, 800px\" \/><figcaption class=\"wp-element-caption\">Vi vill rikta ett speciellt tack till dig som st\u00f6ttar Greenpeace p\u00e5 olika s\u00e4tt och f\u00f6r allt du m\u00f6jliggjort hittills. Denna expedition hade inte varit m\u00f6jlig utan ditt st\u00f6d.&nbsp;<br>Varje g\u00e5ng du agerat, gjort din r\u00f6st h\u00f6rd genom v\u00e5ra namninsamlingar eller givit en gener\u00f6s g\u00e5va &#8211; g\u00f6r det skillnad och tillsammans har vi en otrolig kraft och m\u00f6jlighet att p\u00e5verka. Eftersom Greenpeace \u00e4r finansierat av privatpersoner, inte f\u00f6retag eller regeringar, \u00e4r det du som \u00e4r kraften i allt Greenpeace g\u00f6r.&nbsp;<br><br><strong>Tillsammans kan vi g\u00f6ra ett starkt havsskydd m\u00f6jligt! <br><\/strong><br><strong>Forts\u00e4tt f\u00f6lja oss p\u00e5 resan.&nbsp;<br>TACK!<\/strong><br><\/figcaption><\/figure>\n","protected":false},"excerpt":{"rendered":"<p>Mitt i Indiska oceanen ligger ett outforskat ekosystem: Saya de Malha bank. Bara meter under havsytan ligger v\u00e4rldens st\u00f6rsta sj\u00f6gr\u00e4s\u00e4ng med ett rikt djurliv.<\/p>\n","protected":false},"author":46,"featured_media":46649,"comment_status":"open","ping_status":"open","sticky":false,"template":"","format":"standard","meta":{"ep_exclude_from_search":false,"p4_og_title":"","p4_og_description":"","p4_og_image":"","p4_og_image_id":"","p4_seo_canonical_url":"","p4_campaign_name":"not set","p4_local_project":"not set","p4_basket_name":"not set","p4_department":"","footnotes":""},"categories":[3],"tags":[28,30,40,61],"p4-page-type":[16],"class_list":["post-46648","post","type-post","status-publish","format-standard","has-post-thumbnail","hentry","category-hav","tag-overfiske","tag-marinaskyddadeomraden","tag-biodiversitet","tag-djur","p4-page-type-artiklar"],"_links":{"self":[{"href":"https:\/\/www.greenpeace.org\/sweden\/wp-json\/wp\/v2\/posts\/46648","targetHints":{"allow":["GET"]}}],"collection":[{"href":"https:\/\/www.greenpeace.org\/sweden\/wp-json\/wp\/v2\/posts"}],"about":[{"href":"https:\/\/www.greenpeace.org\/sweden\/wp-json\/wp\/v2\/types\/post"}],"author":[{"embeddable":true,"href":"https:\/\/www.greenpeace.org\/sweden\/wp-json\/wp\/v2\/users\/46"}],"replies":[{"embeddable":true,"href":"https:\/\/www.greenpeace.org\/sweden\/wp-json\/wp\/v2\/comments?post=46648"}],"version-history":[{"count":9,"href":"https:\/\/www.greenpeace.org\/sweden\/wp-json\/wp\/v2\/posts\/46648\/revisions"}],"predecessor-version":[{"id":54391,"href":"https:\/\/www.greenpeace.org\/sweden\/wp-json\/wp\/v2\/posts\/46648\/revisions\/54391"}],"wp:featuredmedia":[{"embeddable":true,"href":"https:\/\/www.greenpeace.org\/sweden\/wp-json\/wp\/v2\/media\/46649"}],"wp:attachment":[{"href":"https:\/\/www.greenpeace.org\/sweden\/wp-json\/wp\/v2\/media?parent=46648"}],"wp:term":[{"taxonomy":"category","embeddable":true,"href":"https:\/\/www.greenpeace.org\/sweden\/wp-json\/wp\/v2\/categories?post=46648"},{"taxonomy":"post_tag","embeddable":true,"href":"https:\/\/www.greenpeace.org\/sweden\/wp-json\/wp\/v2\/tags?post=46648"},{"taxonomy":"p4-page-type","embeddable":true,"href":"https:\/\/www.greenpeace.org\/sweden\/wp-json\/wp\/v2\/p4-page-type?post=46648"}],"curies":[{"name":"wp","href":"https:\/\/api.w.org\/{rel}","templated":true}]}}