{"id":4681,"date":"2019-11-28T15:53:31","date_gmt":"2019-11-28T14:53:31","guid":{"rendered":"https:\/\/www.greenpeace.org\/sweden\/?p=4681"},"modified":"2024-08-22T13:19:21","modified_gmt":"2024-08-22T12:19:21","slug":"utrikesministern-svajar-om-skydd-for-varldshaven","status":"publish","type":"post","link":"https:\/\/www.greenpeace.org\/sweden\/pressmeddelanden\/hav\/utrikesministern-svajar-om-skydd-for-varldshaven\/","title":{"rendered":"Utrikesministern svajar om skydd f\u00f6r v\u00e4rldshaven"},"content":{"rendered":"\n<p> Livet i havet kr\u00e4ver ett aktivt svenskt st\u00f6d f\u00f6r ett starkt globalt havsavtal som leder till skapandet av ett nytt FN-organ med uppdrag att skydda livet i haven och med mandat att skapa skyddade omr\u00e5den p\u00e5 internationellt vatten. <\/p>\n\n<figure class=\"wp-block-image size-large  caption-style-blue-overlay caption-alignment-center\"><img loading=\"lazy\" decoding=\"async\" width=\"1108\" height=\"739\" src=\"https:\/\/www.greenpeace.org\/static\/planet4-sweden-stateless\/2019\/11\/ca4110c5-havsavtal.jpg\" alt=\"\" class=\"wp-image-4686\"\/><figcaption>Greenpeaceaktivister demonstrerar utanf\u00f6r Utrikesdepartementet i Stockholm och uppmanar utrikesminister Ann Linde st\u00f6dja ett starkt havsavtal. <br>Foto: Christian \u00c5slund \/ Greenpeace<\/figcaption><\/figure>\n\n<p>Ig\u00e5r svarade utrikesminister Ann Linde p\u00e5 en skriftlig <a href=\"https:\/\/data.riksdagen.se\/fil\/06777E73-F8DF-4244-8260-41A40C0B7331\">fr\u00e5ga<\/a> fr\u00e5n riksdagsledamoten Elin Segerlind om regeringens arbete f\u00f6r ett nytt globalt havsavtal.<br><\/p>\n\n<p>Fr\u00e5gan \u00e4r oerh\u00f6rt viktig och h\u00f6gst aktuell. Livet i haven \u00e4r p\u00e5 v\u00e4g att kollapsa. Arter utrotas, best\u00e5nd kollapsar, ekosystem d\u00f6r ut. Avtalet som Segerlind fr\u00e5gar om \u00e4r en FN-process som syftar till att i grunden f\u00f6r\u00e4ndra och f\u00f6rb\u00e4ttra hur vi beslutar \u00f6ver och f\u00f6rvaltar v\u00e4rldens hav f\u00f6r att skydda den marina biologiska m\u00e5ngfalden.&nbsp;<br><\/p>\n\n<p>Det finns tv\u00e5 sidor i dessa f\u00f6rhandlingar: L\u00e4nder som vill ha ett starkt avtal, som skapar nya globala institutioner med mandat nog att skapa skyddade omr\u00e5den p\u00e5 internationellt vatten. Och s\u00e5 finns de l\u00e4nder som vill bibeh\u00e5lla dagens icke-fungerande system.<br><\/p>\n\n<p>Den svenska regeringens h\u00e5llning i processen har hittills varit f\u00f6rsiktig och de har undvikit ta en tydlig st\u00e4llning i denna viktiga fr\u00e5ga.<br><\/p>\n\n<p>Segerlinds fr\u00e5ga var ett \u00e4rligt f\u00f6rs\u00f6k att f\u00e5 regeringen att f\u00f6rklara var de st\u00e5r och vilken ambition Sverige har f\u00f6r de framtida reglerna som kommer att styra hur vi tar hand om de 60 procent av v\u00e5ra v\u00e4rldshav som utg\u00f6rs av internationellt vatten.&nbsp;&nbsp;<\/p>\n\n<p><br>Det \u00e4r gl\u00e4djande att utrikesministern i sitt svar betonar hur viktigt regeringen anser det vara att v\u00e4rlden f\u00e5r ett effektivt milj\u00f6skydd f\u00f6r haven.&nbsp;<\/p>\n\n<p>Tyv\u00e4rr var regeringens <a href=\"https:\/\/www.riksdagen.se\/sv\/dokument-lagar\/dokument\/skriftlig-fraga\/regeringen-och-arbetet-for-en-stark-havsratt_H711427\">svar<\/a> n\u00e4r det kommer till sj\u00e4lva sakfr\u00e5gan om vad avtalet ska inneh\u00e5lla otillfredst\u00e4llande. Det var f\u00f6r vagt, det besvarade inte viktiga delar av fr\u00e5gan och, i den del av svaret som var konkret, visade det att regeringen styr \u00e5t fel h\u00e5ll.<br><\/p>\n\n<p>DET VAGA:<\/p>\n\n<p>Ann Linde svarar att \u201cett nytt globalt avtal b\u00f6r inneh\u00e5lla konkreta \u00e5tg\u00e4rder och mekanismer f\u00f6r att m\u00f6jligg\u00f6ra en effektiv implementering och d\u00e4rmed ett effektivt milj\u00f6skydd i havet.\u201d<br><\/p>\n\n<p>Vilka \u00e4r dessa konkreta \u00e5tg\u00e4rder? \u00c4r det en Conference of Parties, likt den som klimatkonventionen har etablerat? Blir det ett st\u00e4ndigt sekretariat, som Konventionen f\u00f6r biologisk m\u00e5ngfald har? Vill man se en vetenskaplig kommitt\u00e9 p\u00e5 plats, som i CITES konventionen? Och viktigaste av allt &#8211; vill Ann Linde att dessa \u201ckonkreta mekanismer\u201d ska ha r\u00e4tt att etablera nya skyddade omr\u00e5den p\u00e5 internationellt vatten?<br><\/p>\n\n<p>DET UNDVIKANDE:<\/p>\n\n<p>Segerlind po\u00e4ngterade noga de svagheter som dagens system inneh\u00e5ller, inklusive de existerande regionala havsorganisationernas (som OSPAR) misslyckande med att skapa tillr\u00e4ckligt mycket skydd f\u00f6r livet i haven. Segerlind anv\u00e4nder ett tydligt exempel p\u00e5 detta misslyckande &#8211; \u201cAv 448 skyddade omr\u00e5den som skapats av Ospar ligger bara 7 p\u00e5 internationellt vatten\u201d.<br><\/p>\n\n<p>Ann Linde valde att helt ignorera denna del av fr\u00e5gan, och slog ist\u00e4llet fast att avtalet m\u00e5ste undvika att \u201cf\u00f6rsvaga effektiviteten i existerande instruments arbete, s\u00e5som fiskebest\u00e5ndsavtalet, den Internationella sj\u00f6fartsorganisationen, eller regionala havsmilj\u00f6organisationer.\u201d<br><\/p>\n\n<p>Det \u00e4r sv\u00e5rt att f\u00f6rst\u00e5 hur man skulle kunna f\u00f6rsvaga dessa mekanismer \u00c4NNU mer med tanke p\u00e5 hur fiaskoartade dessa har varit hittills. Tv\u00e5 FN-rapporter (<a href=\"https:\/\/www.ipcc.ch\/srocc\/home\/\">https:\/\/www.ipcc.ch\/srocc\/home\/<\/a> och <a href=\"https:\/\/ipbes.net\/global-assessment\">https:\/\/ipbes.net\/global-assessment<\/a>) som b\u00e5da kom ut i \u00e5r konstaterar att det katastrofala l\u00e4get f\u00f6r livet i v\u00e5ra hav till stor del beror just p\u00e5 dagens fragmenterade f\u00f6rvaltning av haven.&nbsp;&nbsp;<br><\/p>\n\n<p>DET FELAKTIGA:<\/p>\n\n<p>Det \u00e4r just i det envisa fastklamrandet vid dagens odugliga system f\u00f6r att ta hand om v\u00e5ra gemensamma hav som \u00e4r det st\u00f6rsta problemet i svaret fr\u00e5n regeringen. Ann Linde vill inte att avtalet ska bli n\u00e5got mer \u00e4n&nbsp; \u201cett s\u00e5 brett instrument som m\u00f6jligt d\u00e4r samtliga relevanta principer till skydd av milj\u00f6n och den marina biologiska m\u00e5ngfalden samlas\u201d. Men \u00e4ven de b\u00e4sta principer \u00e4r verkningsl\u00f6sa utan ett s\u00e4tt att till\u00e4mpa dem.<br><\/p>\n\n<p>Ann Linde vill allts\u00e5 beh\u00e5lla det existerande och odugliga f\u00f6rvaltningssystemet av v\u00e4rldshaven, men putsa upp det lite p\u00e5 ytan genom att ge det b\u00e4ttre koordinering och samarbete. Men man kan inte fixa det som i grunden \u00e4r felkonstruerat genom b\u00e4ttre \u201ckoordinering\u201d. Grundproblemet \u00e4r inte en D\u00c5LIG koordinering av existerande mekanismer, utan en AVSAKNAD av de mekanismer som beh\u00f6vs.<br><\/p>\n\n<p>Vi hoppas att v\u00e5ra riksdagsledam\u00f6ter inte n\u00f6jer sig med Ann Lindes svar, utan forts\u00e4tter att driva fr\u00e5gan och se till att vi f\u00e5r en svensk politik och f\u00f6rhandlingsposition som \u00e4r i linje med det som vetenskapen, erfarenheten, och logiken kr\u00e4ver &#8211; ett aktivt svenskt st\u00f6d f\u00f6r ett starkt globalt havsavtal som leder till skapandet av ett nytt FN-organ med uppdrag att skydda livet i haven och med mandat att skapa skyddade omr\u00e5den p\u00e5 internationellt vatten.<br><\/p>\n\n<p><a href=\"https:\/\/www.greenpeace.org\/sweden\/agera\/skyddahaven\/\">Vad kan du g\u00f6ra? Klicka h\u00e4r f\u00f6r mer information och m\u00f6jligheter att agera.<\/a><\/p>\n","protected":false},"excerpt":{"rendered":"<p>Livet i havet kr\u00e4ver ett aktivt svenskt st\u00f6d f\u00f6r ett starkt globalt havsavtal som leder till skapandet av ett nytt FN-organ med uppdrag att skydda livet i haven och med&hellip;<\/p>\n","protected":false},"author":40,"featured_media":3444,"comment_status":"open","ping_status":"open","sticky":false,"template":"","format":"standard","meta":{"ep_exclude_from_search":false,"p4_og_title":"","p4_og_description":"[caption id=\"attachment_4684\" align=\"alignnone\" width=\"1200\"]<img class=\"size-full wp-image-4684\" src=\"https:\/\/www.greenpeace.org\/static\/planet4-sweden-stateless\/2019\/11\/672ca44c-gp0stu6zj.jpg\" alt=\"Southern Right Whale in the Argentine Sea. \u00a9 Martin Katz \/ Greenpeace\" width=\"1200\" height=\"800\" \/> Southern right whale (Eubalaena australis).<br \/>Photo captured during the Protect the Oceans Expedition, which travels the world to denounce the fishing industry and seek the UN approval for a global treaty to protect the oceans. Greenpeace is in the Argentine sea to campaign in defense of the marine ecosystem and endangered species.[\/caption]","p4_og_image":"","p4_og_image_id":"","p4_seo_canonical_url":"","p4_campaign_name":"not set","p4_local_project":"","p4_basket_name":"not set","p4_department":"","footnotes":""},"categories":[3],"tags":[30,40],"p4-page-type":[14],"class_list":["post-4681","post","type-post","status-publish","format-standard","has-post-thumbnail","hentry","category-hav","tag-marinaskyddadeomraden","tag-biodiversitet","p4-page-type-pressmeddelanden"],"_links":{"self":[{"href":"https:\/\/www.greenpeace.org\/sweden\/wp-json\/wp\/v2\/posts\/4681","targetHints":{"allow":["GET"]}}],"collection":[{"href":"https:\/\/www.greenpeace.org\/sweden\/wp-json\/wp\/v2\/posts"}],"about":[{"href":"https:\/\/www.greenpeace.org\/sweden\/wp-json\/wp\/v2\/types\/post"}],"author":[{"embeddable":true,"href":"https:\/\/www.greenpeace.org\/sweden\/wp-json\/wp\/v2\/users\/40"}],"replies":[{"embeddable":true,"href":"https:\/\/www.greenpeace.org\/sweden\/wp-json\/wp\/v2\/comments?post=4681"}],"version-history":[{"count":4,"href":"https:\/\/www.greenpeace.org\/sweden\/wp-json\/wp\/v2\/posts\/4681\/revisions"}],"predecessor-version":[{"id":5041,"href":"https:\/\/www.greenpeace.org\/sweden\/wp-json\/wp\/v2\/posts\/4681\/revisions\/5041"}],"wp:featuredmedia":[{"embeddable":true,"href":"https:\/\/www.greenpeace.org\/sweden\/wp-json\/wp\/v2\/media\/3444"}],"wp:attachment":[{"href":"https:\/\/www.greenpeace.org\/sweden\/wp-json\/wp\/v2\/media?parent=4681"}],"wp:term":[{"taxonomy":"category","embeddable":true,"href":"https:\/\/www.greenpeace.org\/sweden\/wp-json\/wp\/v2\/categories?post=4681"},{"taxonomy":"post_tag","embeddable":true,"href":"https:\/\/www.greenpeace.org\/sweden\/wp-json\/wp\/v2\/tags?post=4681"},{"taxonomy":"p4-page-type","embeddable":true,"href":"https:\/\/www.greenpeace.org\/sweden\/wp-json\/wp\/v2\/p4-page-type?post=4681"}],"curies":[{"name":"wp","href":"https:\/\/api.w.org\/{rel}","templated":true}]}}