{"id":46857,"date":"2021-05-22T08:53:00","date_gmt":"2021-05-22T07:53:00","guid":{"rendered":"https:\/\/www.greenpeace.org\/sweden\/?p=46857"},"modified":"2023-02-23T13:29:10","modified_gmt":"2023-02-23T12:29:10","slug":"biologiska-mangfaldens-dag","status":"publish","type":"post","link":"https:\/\/www.greenpeace.org\/sweden\/pressmeddelanden\/skog\/biologiska-mangfaldens-dag\/","title":{"rendered":"Biologiska m\u00e5ngfaldens dag"},"content":{"rendered":"\n<p><strong>Idag \u00e4r det den biologiska m\u00e5ngfaldens dag, men varf\u00f6r firar vi denna dag?&nbsp;<\/strong><\/p>\n\n<figure class=\"wp-block-image size-large\"><img loading=\"lazy\" decoding=\"async\" width=\"800\" height=\"533\" src=\"https:\/\/www.greenpeace.org\/static\/planet4-sweden-stateless\/2021\/03\/fd6c0139-gp0strdj9_web_size.jpg\" alt=\"\" class=\"wp-image-46344\" srcset=\"https:\/\/www.greenpeace.org\/static\/planet4-sweden-stateless\/2021\/03\/fd6c0139-gp0strdj9_web_size.jpg 800w, https:\/\/www.greenpeace.org\/static\/planet4-sweden-stateless\/2021\/03\/fd6c0139-gp0strdj9_web_size-300x200.jpg 300w, https:\/\/www.greenpeace.org\/static\/planet4-sweden-stateless\/2021\/03\/fd6c0139-gp0strdj9_web_size-768x512.jpg 768w, https:\/\/www.greenpeace.org\/static\/planet4-sweden-stateless\/2021\/03\/fd6c0139-gp0strdj9_web_size-510x340.jpg 510w\" sizes=\"auto, (max-width: 800px) 100vw, 800px\" \/><figcaption class=\"wp-element-caption\">Br\u00e4nnvinsberget i Ore Skogsrike<\/figcaption><\/figure>\n\n<p>Den biologiska m\u00e5ngfalden definieras som \u201cvariationsrikedomen bland levande organismer av alla ursprung\u201d. Ju flera olika arter av djur, v\u00e4xter, svampar som existerar tillsammans, desto h\u00f6gre \u00e4r m\u00e5ngfalden. All liv p\u00e5 jorden existerar i ett sammankopplat system, d\u00e4r arterna \u00e4r beroende av varandra, det \u00e4r det man kallar f\u00f6r \u201cekosystem\u201d. N\u00e4r en art minskar kraftigt eller f\u00f6rsvinner f\u00f6rsvagas hela ekosystemet, och andra arters \u00f6verlevnad blir d\u00e4rmed sv\u00e5rare.&nbsp;<\/p>\n\n<p>Vi, m\u00e4nniskor, \u00e4r en del av livets n\u00e4tverk. Vi \u00e4r beroende av starka och rika ekosystem f\u00f6r v\u00e5r mat, v\u00e5rt vatten och v\u00e5r luft. N\u00e4r den biologiska m\u00e5ngfalden utarmas, blir v\u00e5rt liv fattigare och mer \u00f6mt\u00e5ligt. D\u00e4rf\u00f6r skapade vi politiska \u00f6verenskommelser och m\u00e5l f\u00f6r att stoppa utarmningen av biologiska m\u00e5ngfalden p\u00e5 global, regional och nationell niv\u00e5.<\/p>\n\n<figure class=\"wp-block-image size-large\"><img loading=\"lazy\" decoding=\"async\" width=\"800\" height=\"533\" src=\"https:\/\/www.greenpeace.org\/static\/planet4-sweden-stateless\/30f60c37-gp0stq8zf_web_size.jpg\" alt=\"\" class=\"wp-image-45461\"\/><figcaption class=\"wp-element-caption\">Fiby Urskog <\/figcaption><\/figure>\n\n<h2 class=\"wp-block-heading\"><strong>L\u00e5t skogen st\u00e5 &#8211; f\u00f6r livets skull<\/strong><\/h2>\n\n<p>Tyv\u00e4rr \u00e4r vi i Sverige inte p\u00e5 r\u00e4tt v\u00e4g f\u00f6r att uppfylla dessa m\u00e5l. I sin senaste analys har Artdatabanken konstaterad att antal r\u00f6dlistade arter har \u00f6kat fr\u00e5n 4273 till 4746. Och det \u00e4r just i skogen som den snabbaste f\u00f6rlusten av biologisk m\u00e5ngfald i Sverige sker.&nbsp;<\/p>\n\n<p>F\u00f6r att leva upp till v\u00e5ra m\u00e5l f\u00f6r den biologiska m\u00e5ngfalden m\u00e5ste vi skydda minst 30 procent av v\u00e5ra skogar. I Sverige \u00e4r i dag mindre \u00e4n sex procent av den produktiva skogen formellt skyddad. F\u00f6r att s\u00e4kra den biologiska m\u00e5ngfalden m\u00e5ste vi st\u00e4lla om skogsbruket och sluta sk\u00f6vla och elda upp skogen&nbsp;<\/p>\n\n<p>Pandemin har f\u00e5tt m\u00e5nga svenskar att \u00e5teruppt\u00e4cka v\u00e4rdet av v\u00e5ra skogar. \u00d6ver hela landet har m\u00e4nniskor str\u00f6mmat ut fr\u00e5n t\u00e4torterna f\u00f6r att f\u00e5 avkoppling, lugn och \u00e5terh\u00e4mtning. Men v\u00e5ra skogar \u00e4r ocks\u00e5 en global angel\u00e4genhet, n\u00e4r det handlar om att bromsa klimatkrisen. Det norra barrskogsb\u00e4ltet, d\u00e4r en stor del av Sveriges skogar ing\u00e5r, binder mer koldioxid \u00e4n v\u00e4rldens alla regnskogar tillsammans.<\/p>\n\n<figure class=\"wp-block-image size-large\"><img loading=\"lazy\" decoding=\"async\" width=\"1024\" height=\"683\" src=\"https:\/\/www.greenpeace.org\/static\/planet4-sweden-stateless\/2019\/01\/e1b2ce77-gp0stq8zn_pressmedia-1024x683.jpg\" alt=\"\" class=\"wp-image-610\" srcset=\"https:\/\/www.greenpeace.org\/static\/planet4-sweden-stateless\/2019\/01\/e1b2ce77-gp0stq8zn_pressmedia-1024x683.jpg 1024w, https:\/\/www.greenpeace.org\/static\/planet4-sweden-stateless\/2019\/01\/e1b2ce77-gp0stq8zn_pressmedia-300x200.jpg 300w, https:\/\/www.greenpeace.org\/static\/planet4-sweden-stateless\/2019\/01\/e1b2ce77-gp0stq8zn_pressmedia-768x513.jpg 768w, https:\/\/www.greenpeace.org\/static\/planet4-sweden-stateless\/2019\/01\/e1b2ce77-gp0stq8zn_pressmedia-2048x1366.jpg 2048w, https:\/\/www.greenpeace.org\/static\/planet4-sweden-stateless\/2019\/01\/e1b2ce77-gp0stq8zn_pressmedia-510x340.jpg 510w\" sizes=\"auto, (max-width: 1024px) 100vw, 1024px\" \/><figcaption class=\"wp-element-caption\">Fiby Urskog<\/figcaption><\/figure>\n\n<p>Ist\u00e4llet f\u00f6r att v\u00e5rda denna fantastiska resurs sk\u00f6vlar vi i dag v\u00e5ra skogar och 80% av det som huggs blir eng\u00e5ngsartiklar och biobr\u00e4nslen. Det inneb\u00e4r att den koldioxid som v\u00e4xterna lagrat \u00e4r ute i atmosf\u00e4ren inom tv\u00e5 \u00e5r. Samtidigt tar det 60\u2013120 \u00e5r innan de nya tr\u00e4d som planteras har bundit in samma m\u00e4ngd koldioxid.&nbsp;<\/p>\n\n<p>F\u00f6r att s\u00e4kra den biologiska m\u00e5ngfalden och ta tillvara p\u00e5 skogens klimatpotential m\u00e5ste det svenska skogsbruket f\u00f6r\u00e4ndras i grunden. Ett f\u00f6rsta steg \u00e4r att g\u00f6ra verklighet av EU:s biodiversitetsm\u00e5l och skydda minst 30 procent av skogen och f\u00f6r\u00e4ndra de i dag destruktiva skogsbruksmetoderna.<\/p>\n\n<p>Vi kr\u00e4ver d\u00e4rf\u00f6r:<\/p>\n\n<ul class=\"wp-block-list\">\n<li><strong>Att minst 30% av all natur ges formellt skydd &#8211; \u00e4ven skogen.<\/strong><\/li>\n\n\n\n<li><strong>Att skogen brukas med h\u00e5llbara ekosystembaserade skogsbruksmetoder som bygger p\u00e5 naturlig f\u00f6ryngring och skogsdynamik.&nbsp;<\/strong><\/li>\n\n\n\n<li><strong>Att riksdag och regering \u00e4ndrar \u00e4gardirektivet f\u00f6r Sveaskog, s\u00e5 att det statliga skogsbolaget kan bli ett f\u00f6red\u00f6me f\u00f6r ett h\u00e5llbart skogsbruk.&nbsp;<\/strong><\/li>\n<\/ul>\n\n<p>H\u00e4r kan du l\u00e4sa Greenpeace \u00f6vriga krav p\u00e5 regeringen och skogsindustrin:<\/p>\n\n<figure class=\"wp-block-embed is-type-wp-embed is-provider-greenpeace-sweden wp-block-embed-greenpeace-sweden\"><div class=\"wp-block-embed__wrapper\">\n<blockquote class=\"wp-embedded-content\" data-secret=\"8JXnvQyFrY\"><a href=\"https:\/\/www.greenpeace.org\/sweden\/artiklar\/skog\/den-svenska-skogen\/\">Den svenska skogen<\/a><\/blockquote><iframe loading=\"lazy\" class=\"wp-embedded-content\" sandbox=\"allow-scripts\" security=\"restricted\" style=\"position: absolute; clip: rect(1px, 1px, 1px, 1px);\" title=\"\u201dDen svenska skogen\u201d &ndash; Greenpeace Sweden\" src=\"https:\/\/www.greenpeace.org\/sweden\/artiklar\/skog\/den-svenska-skogen\/embed\/#?secret=fSwNQSkHGC#?secret=8JXnvQyFrY\" data-secret=\"8JXnvQyFrY\" width=\"500\" height=\"282\" frameborder=\"0\" marginwidth=\"0\" marginheight=\"0\" scrolling=\"no\"><\/iframe>\n<\/div><\/figure>\n\n<p>Levande skogar \u00e4r n\u00f6dv\u00e4ndiga f\u00f6r ett klimat i balans och en rik biologisk m\u00e5ngfald. De \u00e4r en f\u00f6ruts\u00e4ttning f\u00f6r samh\u00e4llets trygghet och v\u00e4lf\u00e4rd. D\u00e4rf\u00f6r m\u00e5ste vi sluta med kalhyggesbruk och st\u00e4lla om till mer h\u00e5llbara skogsbruksmetoder. Naturh\u00e4nsyn kan inte f\u00f6rpassas bara till reservaten. Att s\u00e4kerst\u00e4lla ett levande, artrik skog f\u00f6r kommande generationer kommer bli en av politikens allra viktigaste uppgifter.<\/p>\n","protected":false},"excerpt":{"rendered":"<p>Artrikedomens dag. N\u00e4r en art minskar eller f\u00f6rsvinner f\u00f6rsvagas hela ekosystemet, och andra arters \u00f6verlevnad blir sv\u00e5rare. L\u00e5t skogen st\u00e5 &#8211; f\u00f6r livets skull.<\/p>\n","protected":false},"author":30,"featured_media":46344,"comment_status":"closed","ping_status":"open","sticky":false,"template":"","format":"standard","meta":{"ep_exclude_from_search":false,"p4_og_title":"","p4_og_description":"","p4_og_image":"","p4_og_image_id":"","p4_seo_canonical_url":"","p4_campaign_name":"not set","p4_local_project":"not set","p4_basket_name":"not set","p4_department":"","footnotes":""},"categories":[22],"tags":[19,40],"p4-page-type":[14],"class_list":["post-46857","post","type-post","status-publish","format-standard","has-post-thumbnail","hentry","category-skog","tag-skyddaskogen","tag-biodiversitet","p4-page-type-pressmeddelanden"],"_links":{"self":[{"href":"https:\/\/www.greenpeace.org\/sweden\/wp-json\/wp\/v2\/posts\/46857","targetHints":{"allow":["GET"]}}],"collection":[{"href":"https:\/\/www.greenpeace.org\/sweden\/wp-json\/wp\/v2\/posts"}],"about":[{"href":"https:\/\/www.greenpeace.org\/sweden\/wp-json\/wp\/v2\/types\/post"}],"author":[{"embeddable":true,"href":"https:\/\/www.greenpeace.org\/sweden\/wp-json\/wp\/v2\/users\/30"}],"replies":[{"embeddable":true,"href":"https:\/\/www.greenpeace.org\/sweden\/wp-json\/wp\/v2\/comments?post=46857"}],"version-history":[{"count":6,"href":"https:\/\/www.greenpeace.org\/sweden\/wp-json\/wp\/v2\/posts\/46857\/revisions"}],"predecessor-version":[{"id":55323,"href":"https:\/\/www.greenpeace.org\/sweden\/wp-json\/wp\/v2\/posts\/46857\/revisions\/55323"}],"wp:featuredmedia":[{"embeddable":true,"href":"https:\/\/www.greenpeace.org\/sweden\/wp-json\/wp\/v2\/media\/46344"}],"wp:attachment":[{"href":"https:\/\/www.greenpeace.org\/sweden\/wp-json\/wp\/v2\/media?parent=46857"}],"wp:term":[{"taxonomy":"category","embeddable":true,"href":"https:\/\/www.greenpeace.org\/sweden\/wp-json\/wp\/v2\/categories?post=46857"},{"taxonomy":"post_tag","embeddable":true,"href":"https:\/\/www.greenpeace.org\/sweden\/wp-json\/wp\/v2\/tags?post=46857"},{"taxonomy":"p4-page-type","embeddable":true,"href":"https:\/\/www.greenpeace.org\/sweden\/wp-json\/wp\/v2\/p4-page-type?post=46857"}],"curies":[{"name":"wp","href":"https:\/\/api.w.org\/{rel}","templated":true}]}}