{"id":47193,"date":"2021-06-04T11:13:54","date_gmt":"2021-06-04T10:13:54","guid":{"rendered":"https:\/\/www.greenpeace.org\/sweden\/?p=47193"},"modified":"2023-02-20T14:48:32","modified_gmt":"2023-02-20T13:48:32","slug":"preem-vill-satsa-pa-branslen-fran-tallolja-greenpeace-kommentar","status":"publish","type":"post","link":"https:\/\/www.greenpeace.org\/sweden\/artiklar\/energi\/preem-vill-satsa-pa-branslen-fran-tallolja-greenpeace-kommentar\/","title":{"rendered":"Preem vill satsa p\u00e5 br\u00e4nslen fr\u00e5n tallolja &#8211; Greenpeace kommentar"},"content":{"rendered":"\n<p><strong>Med anledning av att oljebolaget <a href=\"https:\/\/sverigesradio.se\/artikel\/klartecken-for-mangmiljardinvestering-for-preem\">Preem beslutat att satsa miljarder p\u00e5 att bygga ut sin verksamhet<\/a> f\u00f6r att blanda in, bland annat tallolja i sin fossila bensin och diesel f\u00f6ljer h\u00e4r Greenpeace kommentarer. <\/strong><\/p>\n\n<figure class=\"wp-block-image size-large\"><img loading=\"lazy\" decoding=\"async\" width=\"1024\" height=\"683\" src=\"https:\/\/www.greenpeace.org\/static\/planet4-sweden-stateless\/2020\/09\/a1c17714-gp1suar6_pressmedia-1024x683.jpg\" alt=\"\" class=\"wp-image-12470\" srcset=\"https:\/\/www.greenpeace.org\/static\/planet4-sweden-stateless\/2020\/09\/a1c17714-gp1suar6_pressmedia-1024x683.jpg 1024w, https:\/\/www.greenpeace.org\/static\/planet4-sweden-stateless\/2020\/09\/a1c17714-gp1suar6_pressmedia-300x200.jpg 300w, https:\/\/www.greenpeace.org\/static\/planet4-sweden-stateless\/2020\/09\/a1c17714-gp1suar6_pressmedia-768x512.jpg 768w, https:\/\/www.greenpeace.org\/static\/planet4-sweden-stateless\/2020\/09\/a1c17714-gp1suar6_pressmedia-1536x1024.jpg 1536w, https:\/\/www.greenpeace.org\/static\/planet4-sweden-stateless\/2020\/09\/a1c17714-gp1suar6_pressmedia-2048x1366.jpg 2048w, https:\/\/www.greenpeace.org\/static\/planet4-sweden-stateless\/2020\/09\/a1c17714-gp1suar6_pressmedia-510x340.jpg 510w\" sizes=\"auto, (max-width: 1024px) 100vw, 1024px\" \/><figcaption class=\"wp-element-caption\">Aktivister protesterade under sommaren 2020 mot Preems planer p\u00e5 att bygga ut sin fossilverksamhet<div class=\"credit icon-left\"> \u00a9 Andrew McConnell \/ Greenpeace<\/div><\/figcaption><\/figure>\n\n<p>Redan i h\u00f6stas <a href=\"https:\/\/www.greenpeace.org\/sweden\/pressmeddelanden\/45175\/preem-vill-satsa-pa-branslen-fran-tallolja-och-raps-greenpeace-kommentar\/\">aviserade oljebolaget sina intentioner om en stor satsning p\u00e5 biobr\u00e4nslen<\/a>, efter att de backat fr\u00e5n en tillt\u00e4nkt fossilexpanison efter massiva protester fr\u00e5n milj\u00f6r\u00f6relsen. Greenpeace sverigechef <strong>Isadora Wronski<\/strong> sa d\u00e5 att:<\/p>\n\n<p>\u2013 Med enkel matematik kan man l\u00e4tt f\u00f6rst\u00e5 att l\u00e5ta oljebolagen ge sig in p\u00e5 v\u00e5ra \u00e5krar och i v\u00e5ra skogar blir totalt oh\u00e5llbart. Om vi bara skulle odla raps f\u00f6r br\u00e4nslen p\u00e5 v\u00e5ra svenska \u00e5krar; ingen potatis, inga gr\u00f6nsaker eller andra gr\u00f6dor, skulle vi \u00e4nd\u00e5 bara f\u00e5 fram h\u00e4lften av det br\u00e4nsle som Sveriges nuvarande v\u00e4gtransporter kr\u00e4ver.<\/p>\n\n<p>Nu har Preem:s styrelse beslutat att ta biobr\u00e4nsleexpansionen vidare. <strong>Carl Schlyter, kampanjledare f\u00f6r klimat- och systemomst\u00e4llningsfr\u00e5gor&nbsp;<\/strong>\u00e4r inte imponerad av Preems beslut.<\/p>\n\n<p>&nbsp;\u2013 Preems \u201cplaner\u201d \u00e4r ett i raden av desperata f\u00f6rs\u00f6k fr\u00e5n oljebranschen att gr\u00f6nm\u00e5la en klimatskadlig verksamhet. <a href=\"https:\/\/www.greenpeace.org\/sweden\/pressmeddelanden\/45651\/sveriges-vaxthusgasutslapp-kvar-pa-1990-ars-niva\/\">Utsl\u00e4ppen fr\u00e5n f\u00f6rbr\u00e4nning av bioenergi \u00f6kar stadigt och har \u00e4tit upp de utsl\u00e4ppsminskningarna Sverige gjort sedan 1990<\/a>. Preem vill nu satsa miljarder p\u00e5 fortsatt f\u00f6rbr\u00e4nning, s\u00e4ger <strong>Carl Schlyter, kampanjledare p\u00e5 Greenpeace<\/strong><\/p>\n\n<p>&nbsp;\u2013 Preems verksamhet \u00e4r klimatskadlig, deras aff\u00e4rsmodell \u00e4r i grunden fel. F\u00f6rbr\u00e4nningen i sig m\u00e5ste minska, inte bara fossilanv\u00e4ndningen. F\u00f6rbr\u00e4nning av drivmedel \u00e4r inte cirkul\u00e4rt, det ger inte de klimatvinster som vi beh\u00f6ver och det l\u00e5ser in samh\u00e4llet i en transportmodell som m\u00e5ste fasas ut omg\u00e5ende, s\u00e4ger <strong>Carl Schlyter<\/strong><\/p>\n\n<p>\u2013 Preem vill \u00f6ka satsningarna p\u00e5 drivmedel, samma vecka som utfasningsutredningen f\u00f6resl\u00e5r ett stoppdatum f\u00f6r f\u00f6rs\u00e4ljning av bilar med f\u00f6rbr\u00e4nningsmotor. Det visar tydligt att Preem inte har framtiden f\u00f6r sig, utan kommer elda p\u00e5 in i kaklet till dess att samh\u00e4llet s\u00e4tter ned foten, s\u00e4ger <strong>Carl Schlyter<\/strong><\/p>\n\n<p>\u2013 Samma vecka som Preem meddelar sin miljardsatsning p\u00e5 ut\u00f6kad verksamhet presenterar Riksrevisionen en granskning av hur allt fler AP-fonder drar sig ur fossilbolagen och att kraven p\u00e5 att divestera \u00f6kar, allt fler privata investerare drar sig ur fossilindustrin. Det \u00e4r nu oerh\u00f6rt viktigt att regeringen h\u00e5ller tassarna borta fr\u00e5n att ge Preem ekonomiskt st\u00f6d f\u00f6r ut\u00f6kad f\u00f6rbr\u00e4nning n\u00e4r b\u00e5de marknad och milj\u00f6 kr\u00e4ver utfasning snarare \u00e4n utbyggnad av oljebolagens verksamhet, s\u00e4ger <strong>Carl Schlyter<\/strong><\/p>\n\n<p>\u2013 Utsl\u00e4pp \u00e4r utsl\u00e4pp. Atmosf\u00e4ren g\u00f6r ingen skillnad p\u00e5 en kolatom fr\u00e5n en tall eller en fr\u00e5n berggrunden, de bidrar b\u00e5da till den globala uppv\u00e4rmningen. Biobr\u00e4nslen \u00e4r ett i raden av desperata f\u00f6rs\u00f6k av oljeindustrin att f\u00f6rs\u00f6ka f\u00e5 subventioner f\u00f6r att h\u00e5lla marknaden f\u00f6r deras fossila produkter levande genom att toppa upp med lite greenwash. Vi ska varken br\u00e4nna fossiler, skog, djur eller mat i tanken. Vi beh\u00f6ver smarta och l\u00e5ngsiktigt h\u00e5llbara mobilitetsl\u00f6sningar som fungerar l\u00e5ngt bortom 2030: satsningar p\u00e5 j\u00e4rnv\u00e4g, kollektivtrafik, effektivisering och elektrifiering, s\u00e4ger <strong>Carl Schlyter<\/strong><\/p>\n","protected":false},"excerpt":{"rendered":"<p>Med anledning av att oljebolaget Preem beslutat att satsa miljarder p\u00e5 att bygga ut sin verksamhet f\u00f6r att blanda in, bland annat tallolja i sin fossila bensin och diesel f\u00f6ljer&hellip;<\/p>\n","protected":false},"author":38,"featured_media":12470,"comment_status":"open","ping_status":"open","sticky":false,"template":"","format":"standard","meta":{"ep_exclude_from_search":false,"p4_og_title":"","p4_og_description":"","p4_og_image":"","p4_og_image_id":"","p4_seo_canonical_url":"","p4_campaign_name":"not set","p4_local_project":"not set","p4_basket_name":"not set","p4_department":"","footnotes":""},"categories":[45],"tags":[24,23],"p4-page-type":[16],"class_list":["post-47193","post","type-post","status-publish","format-standard","has-post-thumbnail","hentry","category-energi","tag-fossilenergi","tag-globaluppvarmning","p4-page-type-artiklar"],"_links":{"self":[{"href":"https:\/\/www.greenpeace.org\/sweden\/wp-json\/wp\/v2\/posts\/47193","targetHints":{"allow":["GET"]}}],"collection":[{"href":"https:\/\/www.greenpeace.org\/sweden\/wp-json\/wp\/v2\/posts"}],"about":[{"href":"https:\/\/www.greenpeace.org\/sweden\/wp-json\/wp\/v2\/types\/post"}],"author":[{"embeddable":true,"href":"https:\/\/www.greenpeace.org\/sweden\/wp-json\/wp\/v2\/users\/38"}],"replies":[{"embeddable":true,"href":"https:\/\/www.greenpeace.org\/sweden\/wp-json\/wp\/v2\/comments?post=47193"}],"version-history":[{"count":5,"href":"https:\/\/www.greenpeace.org\/sweden\/wp-json\/wp\/v2\/posts\/47193\/revisions"}],"predecessor-version":[{"id":54715,"href":"https:\/\/www.greenpeace.org\/sweden\/wp-json\/wp\/v2\/posts\/47193\/revisions\/54715"}],"wp:featuredmedia":[{"embeddable":true,"href":"https:\/\/www.greenpeace.org\/sweden\/wp-json\/wp\/v2\/media\/12470"}],"wp:attachment":[{"href":"https:\/\/www.greenpeace.org\/sweden\/wp-json\/wp\/v2\/media?parent=47193"}],"wp:term":[{"taxonomy":"category","embeddable":true,"href":"https:\/\/www.greenpeace.org\/sweden\/wp-json\/wp\/v2\/categories?post=47193"},{"taxonomy":"post_tag","embeddable":true,"href":"https:\/\/www.greenpeace.org\/sweden\/wp-json\/wp\/v2\/tags?post=47193"},{"taxonomy":"p4-page-type","embeddable":true,"href":"https:\/\/www.greenpeace.org\/sweden\/wp-json\/wp\/v2\/p4-page-type?post=47193"}],"curies":[{"name":"wp","href":"https:\/\/api.w.org\/{rel}","templated":true}]}}